{"id":81291,"date":"2023-04-02T19:14:13","date_gmt":"2023-04-02T22:14:13","guid":{"rendered":"https:\/\/www.centraldenoticias.com.ar\/?p=81291"},"modified":"2023-04-03T07:49:20","modified_gmt":"2023-04-03T10:49:20","slug":"manifestacion-en-el-paseo-mendia-los-niveles-de-violencia-que-se-viven-a-diario-son-abrumadores","status":"publish","type":"post","link":"https:\/\/cdnoticias.com\/index.php\/2023\/04\/02\/manifestacion-en-el-paseo-mendia-los-niveles-de-violencia-que-se-viven-a-diario-son-abrumadores\/","title":{"rendered":"Manifestaci\u00f3n en el Paseo Mend\u00eda: \u201cLos niveles de violencia que se viven a diario son abrumadores\u201d"},"content":{"rendered":"<p>Estuvieron familiares de Sof\u00eda Vicente y de Ail\u00e9n Acevedo. Se plantearon demandas al Municipio y a la Justicia. \u201cExigimos una convocatoria abierta extraordinaria de la Mesa Local contra la violencia familiar y de g\u00e9nero\u201d expusieron.<\/p>\n<p><!--more--><\/p>\n<hr \/>\n<p>Este domingo por la tarde se llev\u00f3 adelante una <strong>manifestaci\u00f3n para visibilizar la violencia machista en Olavarr\u00eda<\/strong>. En ese contexto se hizo hincapi\u00e9 en que se registraron <strong>seis casos de femicidio e intentos de femicidio en un a\u00f1o.<\/strong><\/p>\n<p>&nbsp;<\/p>\n<blockquote class=\"instagram-media\" style=\"background: #FFF; border: 0; border-radius: 3px; box-shadow: 0 0 1px 0 rgba(0,0,0,0.5),0 1px 10px 0 rgba(0,0,0,0.15); margin: 1px; max-width: 540px; min-width: 326px; padding: 0; width: calc(100% - 2px);\" data-instgrm-captioned=\"\" data-instgrm-permalink=\"https:\/\/www.instagram.com\/reel\/CqjIl4Qgzvi\/?utm_source=ig_embed&amp;utm_campaign=loading\" data-instgrm-version=\"14\">\n<div style=\"padding: 16px;\">\n<p>&nbsp;<\/p>\n<div style=\"display: flex; flex-direction: row; align-items: center;\">\n<div style=\"background-color: #f4f4f4; border-radius: 50%; flex-grow: 0; height: 40px; margin-right: 14px; width: 40px;\"><\/div>\n<div style=\"display: flex; flex-direction: column; flex-grow: 1; justify-content: center;\">\n<div style=\"background-color: #f4f4f4; border-radius: 4px; flex-grow: 0; height: 14px; margin-bottom: 6px; width: 100px;\"><\/div>\n<div style=\"background-color: #f4f4f4; border-radius: 4px; flex-grow: 0; height: 14px; width: 60px;\"><\/div>\n<\/div>\n<\/div>\n<div style=\"padding: 19% 0;\"><\/div>\n<div style=\"display: block; height: 50px; margin: 0 auto 12px; width: 50px;\"><\/div>\n<div style=\"padding-top: 8px;\">\n<div style=\"color: #3897f0; font-family: Arial,sans-serif; font-size: 14px; font-style: normal; font-weight: 550; line-height: 18px;\">Ver esta publicaci\u00f3n en Instagram<\/div>\n<\/div>\n<div style=\"padding: 12.5% 0;\"><\/div>\n<div style=\"display: flex; flex-direction: row; margin-bottom: 14px; align-items: center;\">\n<div>\n<div style=\"background-color: #f4f4f4; border-radius: 50%; height: 12.5px; width: 12.5px; transform: translateX(0px) translateY(7px);\"><\/div>\n<div style=\"background-color: #f4f4f4; height: 12.5px; transform: rotate(-45deg) translateX(3px) translateY(1px); width: 12.5px; flex-grow: 0; margin-right: 14px; margin-left: 2px;\"><\/div>\n<div style=\"background-color: #f4f4f4; border-radius: 50%; height: 12.5px; width: 12.5px; transform: translateX(9px) translateY(-18px);\"><\/div>\n<\/div>\n<div style=\"margin-left: 8px;\">\n<div style=\"background-color: #f4f4f4; border-radius: 50%; flex-grow: 0; height: 20px; width: 20px;\"><\/div>\n<div style=\"width: 0; height: 0; border-top: 2px solid transparent; border-left: 6px solid #f4f4f4; border-bottom: 2px solid transparent; transform: translateX(16px) translateY(-4px) rotate(30deg);\"><\/div>\n<\/div>\n<div style=\"margin-left: auto;\">\n<div style=\"width: 0px; border-top: 8px solid #F4F4F4; border-right: 8px solid transparent; transform: translateY(16px);\"><\/div>\n<div style=\"background-color: #f4f4f4; flex-grow: 0; height: 12px; width: 16px; transform: translateY(-4px);\"><\/div>\n<div style=\"width: 0; height: 0; border-top: 8px solid #F4F4F4; border-left: 8px solid transparent; transform: translateY(-4px) translateX(8px);\"><\/div>\n<\/div>\n<\/div>\n<div style=\"display: flex; flex-direction: column; flex-grow: 1; justify-content: center; margin-bottom: 24px;\">\n<div style=\"background-color: #f4f4f4; border-radius: 4px; flex-grow: 0; height: 14px; margin-bottom: 6px; width: 224px;\"><\/div>\n<div style=\"background-color: #f4f4f4; border-radius: 4px; flex-grow: 0; height: 14px; width: 144px;\"><\/div>\n<\/div>\n<p>&nbsp;<\/p>\n<p style=\"color: #c9c8cd; font-family: Arial,sans-serif; font-size: 14px; line-height: 17px; margin-bottom: 0; margin-top: 8px; overflow: hidden; padding: 8px 0 7px; text-align: center; text-overflow: ellipsis; white-space: nowrap;\"><a style=\"color: #c9c8cd; font-family: Arial,sans-serif; font-size: 14px; font-style: normal; font-weight: normal; line-height: 17px; text-decoration: none;\" href=\"https:\/\/www.instagram.com\/reel\/CqjIl4Qgzvi\/?utm_source=ig_embed&amp;utm_campaign=loading\" target=\"_blank\" rel=\"noopener\">Una publicaci\u00f3n compartida por Central de Noticias Olavarr\u00eda (@cdnolavarria)<\/a><\/p>\n<\/div>\n<\/blockquote>\n<p><script async src=\"\/\/www.instagram.com\/embed.js\"><\/script><\/p>\n<p>&nbsp;<\/p>\n<p>Fue en el Paseo Jes\u00fas Mend\u00eda donde estuvieron<strong> familiares de Sof\u00eda Vicente<\/strong>, <a href=\"https:\/\/cdnoticias.com\/index.php\/2023\/03\/20\/sobrino-sobre-el-femicidio-de-sofia-los-asesinos-estan-en-relacion-con-la-droga\/\" target=\"_blank\" rel=\"noopener\">la joven cuyo cuerpo fue hallado en los primeros d\u00edas de marzo en lo que se caratul\u00f3 como \u201cfemicidio\u201d<\/a>, y de <strong>Ail\u00e9n Acevedo<\/strong>, quien el viernes qued\u00f3 internada tras haber sido quemada por su pareja en <a href=\"https:\/\/cdnoticias.com\/index.php\/2023\/04\/01\/intento-de-femicidio-el-acusado-insistio-en-que-la-joven-se-quemo-sola\/\" target=\"_blank\" rel=\"noopener\">un hecho que fue configurado como \u201cintento de femicidio\u201d<\/a>.<\/p>\n<p>&nbsp;<\/p>\n<p>Los testimonios de los familiares, con<strong> sentimientos de enojo, tristeza e impotencia, marcaron la jornada<\/strong>. Expusieron sus demandas a la<strong> justicia para resolver los casos.<\/strong><\/p>\n<p>&nbsp;<\/p>\n<figure id=\"attachment_81293\" aria-describedby=\"caption-attachment-81293\" style=\"width: 1000px\" class=\"wp-caption aligncenter\"><img data-recalc-dims=\"1\" loading=\"lazy\" decoding=\"async\" class=\"wp-image-81293 size-full\" src=\"https:\/\/i0.wp.com\/cdnoticias.com\/wp-content\/uploads\/2023\/04\/manifestacion-violencia-00.jpg?resize=800%2C475&#038;ssl=1\" alt=\"\" width=\"800\" height=\"475\" srcset=\"https:\/\/i0.wp.com\/cdnoticias.com\/wp-content\/uploads\/2023\/04\/manifestacion-violencia-00.jpg?w=1000&amp;ssl=1 1000w, https:\/\/i0.wp.com\/cdnoticias.com\/wp-content\/uploads\/2023\/04\/manifestacion-violencia-00.jpg?resize=300%2C178&amp;ssl=1 300w, https:\/\/i0.wp.com\/cdnoticias.com\/wp-content\/uploads\/2023\/04\/manifestacion-violencia-00.jpg?resize=768%2C456&amp;ssl=1 768w\" sizes=\"auto, (max-width: 800px) 100vw, 800px\" \/><figcaption id=\"caption-attachment-81293\" class=\"wp-caption-text\">Familiares de Sof\u00eda Vicente junto a familiares de Ailen Acevedo.<\/figcaption><\/figure>\n<p>&nbsp;<\/p>\n<p>La convocatoria fue motorizada por distintas agrupaciones locales cuyas integrantes estuvieron tambi\u00e9n en el cruce de San Mart\u00edn y Rivadavia.<strong> Casa Popular de la Mujer, Movimiento Mayo, Suteba, Movimiento Evita, Frente Ni Una Menos Olavarr\u00eda<\/strong> son algunas de ellas. A su vez asisti\u00f3<strong> la concejal Natalia \u00c1lvarez (Frente de Todos).<\/strong><\/p>\n<p>&nbsp;<\/p>\n<p>En las escalinatas de la Municipalidad, las presentes se apostaron para<strong> acompa\u00f1ar a las familias de las v\u00edctimas m\u00e1s recientes<\/strong> y tambi\u00e9n para apoyar la lectura de un documento que expres\u00f3 las demandas.<\/p>\n<p>&nbsp;<\/p>\n<blockquote><p>Se hizo hincapi\u00e9 en que en Olavarr\u00eda se dieron \u201c6 casos de violencia de g\u00e9nero\u201d con femicidios e intentos de femicidio \u201cen 12 de meses\u201d. Acerca de las v\u00edctimas se destac\u00f3 que son \u201cde sectores populares, trabajadores, con el denominador com\u00fan de la extrema violencia\u201d.<\/p><\/blockquote>\n<p>&nbsp;<\/p>\n<figure id=\"attachment_81301\" aria-describedby=\"caption-attachment-81301\" style=\"width: 1000px\" class=\"wp-caption aligncenter\"><img data-recalc-dims=\"1\" loading=\"lazy\" decoding=\"async\" class=\"wp-image-81301 size-full\" src=\"https:\/\/i0.wp.com\/cdnoticias.com\/wp-content\/uploads\/2023\/04\/manifestacion-violencia-08.jpg?resize=800%2C445&#038;ssl=1\" alt=\"\" width=\"800\" height=\"445\" srcset=\"https:\/\/i0.wp.com\/cdnoticias.com\/wp-content\/uploads\/2023\/04\/manifestacion-violencia-08.jpg?w=1000&amp;ssl=1 1000w, https:\/\/i0.wp.com\/cdnoticias.com\/wp-content\/uploads\/2023\/04\/manifestacion-violencia-08.jpg?resize=300%2C167&amp;ssl=1 300w, https:\/\/i0.wp.com\/cdnoticias.com\/wp-content\/uploads\/2023\/04\/manifestacion-violencia-08.jpg?resize=768%2C427&amp;ssl=1 768w, https:\/\/i0.wp.com\/cdnoticias.com\/wp-content\/uploads\/2023\/04\/manifestacion-violencia-08.jpg?resize=800%2C445&amp;ssl=1 800w\" sizes=\"auto, (max-width: 800px) 100vw, 800px\" \/><figcaption id=\"caption-attachment-81301\" class=\"wp-caption-text\">Las demandas planteadas se dirigieron a la Justicia y al Municipio.<\/figcaption><\/figure>\n<p>&nbsp;<\/p>\n<p>Con ello expresaron<strong> reclamos al gobierno municipal por el cumplimiento de la ordenanza de emergencia<\/strong> en violencia de g\u00e9nero y a la <strong>justicia por capacitaci\u00f3n en la perspectiva de g\u00e9nero.<\/strong><\/p>\n<p>&nbsp;<\/p>\n<blockquote><p>\u201cLos niveles de violencia que se viven a diario son abrumadores\u201d definieron sobre la situaci\u00f3n local.<\/p><\/blockquote>\n<p>&nbsp;<\/p>\n<p>En la lectura del documento pidieron puntualmente<strong>: \u201cexigimos una convocatoria abierta extraordinaria de la Mesa Local contra la violencia familiar y de g\u00e9nero\u201d<\/strong> y la \u201cimplementaci\u00f3n total de la ordenanza que declar\u00f3 la emergencia en violencia de g\u00e9nero\u201d.<\/p>\n<p>&nbsp;<\/p>\n<p><img data-recalc-dims=\"1\" loading=\"lazy\" decoding=\"async\" class=\"size-full wp-image-81302 aligncenter\" src=\"https:\/\/i0.wp.com\/cdnoticias.com\/wp-content\/uploads\/2023\/04\/manifestacion-violencia-09.jpg?resize=800%2C445&#038;ssl=1\" alt=\"\" width=\"800\" height=\"445\" data-wp-editing=\"1\" srcset=\"https:\/\/i0.wp.com\/cdnoticias.com\/wp-content\/uploads\/2023\/04\/manifestacion-violencia-09.jpg?w=1000&amp;ssl=1 1000w, https:\/\/i0.wp.com\/cdnoticias.com\/wp-content\/uploads\/2023\/04\/manifestacion-violencia-09.jpg?resize=300%2C167&amp;ssl=1 300w, https:\/\/i0.wp.com\/cdnoticias.com\/wp-content\/uploads\/2023\/04\/manifestacion-violencia-09.jpg?resize=768%2C427&amp;ssl=1 768w, https:\/\/i0.wp.com\/cdnoticias.com\/wp-content\/uploads\/2023\/04\/manifestacion-violencia-09.jpg?resize=800%2C445&amp;ssl=1 800w\" sizes=\"auto, (max-width: 800px) 100vw, 800px\" \/><\/p>\n<p>&nbsp;<\/p>\n<p>A su vez, se\u00f1alaron la necesidad de que se haga <strong>\u201cdifusi\u00f3n puerta a puerta de los dispositivos territoriales de atenci\u00f3n a la violencia de g\u00e9nero\u201d<\/strong> y avanzar con el \u201cabordaje integral de las violencias con trabajo coordinado de organismos y programas\u201d.<\/p>\n<p>&nbsp;<\/p>\n<p>La manifestaci\u00f3n se extendi\u00f3 por alrededor de una hora en el Paseo Mend\u00eda y tambi\u00e9n se expresaron p\u00fablicamente los familiares y allegados de Sof\u00eda Vicente y de <a href=\"https:\/\/cdnoticias.com\/index.php\/2023\/04\/02\/violencia-de-genero-la-justicia-no-hizo-nada-con-las-denuncias-que-ailen-tenia\/\" target=\"_blank\" rel=\"noopener\">Ailen Acevedo<\/a>.<\/p>\n<p>&nbsp;<\/p>\n<p><img data-recalc-dims=\"1\" loading=\"lazy\" decoding=\"async\" class=\"size-full wp-image-81299 aligncenter\" src=\"https:\/\/i0.wp.com\/cdnoticias.com\/wp-content\/uploads\/2023\/04\/manifestacion-violencia-06.jpg?resize=800%2C445&#038;ssl=1\" alt=\"\" width=\"800\" height=\"445\" srcset=\"https:\/\/i0.wp.com\/cdnoticias.com\/wp-content\/uploads\/2023\/04\/manifestacion-violencia-06.jpg?w=1000&amp;ssl=1 1000w, https:\/\/i0.wp.com\/cdnoticias.com\/wp-content\/uploads\/2023\/04\/manifestacion-violencia-06.jpg?resize=300%2C167&amp;ssl=1 300w, https:\/\/i0.wp.com\/cdnoticias.com\/wp-content\/uploads\/2023\/04\/manifestacion-violencia-06.jpg?resize=768%2C427&amp;ssl=1 768w, https:\/\/i0.wp.com\/cdnoticias.com\/wp-content\/uploads\/2023\/04\/manifestacion-violencia-06.jpg?resize=800%2C445&amp;ssl=1 800w\" sizes=\"auto, (max-width: 800px) 100vw, 800px\" \/><\/p>\n<p>&nbsp;<\/p>\n<p><img data-recalc-dims=\"1\" loading=\"lazy\" decoding=\"async\" class=\"size-full wp-image-81298 aligncenter\" src=\"https:\/\/i0.wp.com\/cdnoticias.com\/wp-content\/uploads\/2023\/04\/manifestacion-violencia-05.jpg?resize=800%2C445&#038;ssl=1\" alt=\"\" width=\"800\" height=\"445\" srcset=\"https:\/\/i0.wp.com\/cdnoticias.com\/wp-content\/uploads\/2023\/04\/manifestacion-violencia-05.jpg?w=1000&amp;ssl=1 1000w, https:\/\/i0.wp.com\/cdnoticias.com\/wp-content\/uploads\/2023\/04\/manifestacion-violencia-05.jpg?resize=300%2C167&amp;ssl=1 300w, https:\/\/i0.wp.com\/cdnoticias.com\/wp-content\/uploads\/2023\/04\/manifestacion-violencia-05.jpg?resize=768%2C427&amp;ssl=1 768w, https:\/\/i0.wp.com\/cdnoticias.com\/wp-content\/uploads\/2023\/04\/manifestacion-violencia-05.jpg?resize=800%2C445&amp;ssl=1 800w\" sizes=\"auto, (max-width: 800px) 100vw, 800px\" \/><\/p>\n<p>&nbsp;<\/p>\n<blockquote class=\"wp-embedded-content\" data-secret=\"XoLZkZRcJ4\"><p><a href=\"https:\/\/cdnoticias.com\/index.php\/2023\/04\/02\/violencia-de-genero-la-justicia-no-hizo-nada-con-las-denuncias-que-ailen-tenia\/\">Violencia de g\u00e9nero: \u201cLa justicia no hizo nada con las denuncias que Ail\u00e9n ten\u00eda\u201d<\/a><\/p><\/blockquote>\n<p><iframe loading=\"lazy\" class=\"wp-embedded-content\" sandbox=\"allow-scripts\" security=\"restricted\" style=\"position: absolute; clip: rect(1px, 1px, 1px, 1px);\" title=\"&#8220;Violencia de g\u00e9nero: \u201cLa justicia no hizo nada con las denuncias que Ail\u00e9n ten\u00eda\u201d&#8221; &#8212; Central de Noticias | Olavarr\u00eda\" src=\"https:\/\/cdnoticias.com\/index.php\/2023\/04\/02\/violencia-de-genero-la-justicia-no-hizo-nada-con-las-denuncias-que-ailen-tenia\/embed\/#?secret=nTZ4yhnM8X#?secret=XoLZkZRcJ4\" data-secret=\"XoLZkZRcJ4\" width=\"600\" height=\"338\" frameborder=\"0\" marginwidth=\"0\" marginheight=\"0\" scrolling=\"no\"><\/iframe><\/p>\n<p>&nbsp;<\/p>\n","protected":false},"excerpt":{"rendered":"<p>Estuvieron familiares de Sof\u00eda Vicente y de Ail\u00e9n Acevedo. Se plantearon demandas al Municipio y a la Justicia. \u201cExigimos una<\/p>\n","protected":false},"author":4,"featured_media":81300,"comment_status":"closed","ping_status":"closed","sticky":false,"template":"","format":"standard","meta":{"_jetpack_memberships_contains_paid_content":false,"footnotes":""},"categories":[3,1],"tags":[],"class_list":["post-81291","post","type-post","status-publish","format-standard","has-post-thumbnail","hentry","category-genero","category-portada"],"jetpack_featured_media_url":"https:\/\/i0.wp.com\/cdnoticias.com\/wp-content\/uploads\/2023\/04\/manifestacion-violencia-07.jpg?fit=1000%2C556&ssl=1","jetpack_sharing_enabled":true,"_links":{"self":[{"href":"https:\/\/cdnoticias.com\/index.php\/wp-json\/wp\/v2\/posts\/81291","targetHints":{"allow":["GET"]}}],"collection":[{"href":"https:\/\/cdnoticias.com\/index.php\/wp-json\/wp\/v2\/posts"}],"about":[{"href":"https:\/\/cdnoticias.com\/index.php\/wp-json\/wp\/v2\/types\/post"}],"author":[{"embeddable":true,"href":"https:\/\/cdnoticias.com\/index.php\/wp-json\/wp\/v2\/users\/4"}],"replies":[{"embeddable":true,"href":"https:\/\/cdnoticias.com\/index.php\/wp-json\/wp\/v2\/comments?post=81291"}],"version-history":[{"count":0,"href":"https:\/\/cdnoticias.com\/index.php\/wp-json\/wp\/v2\/posts\/81291\/revisions"}],"wp:featuredmedia":[{"embeddable":true,"href":"https:\/\/cdnoticias.com\/index.php\/wp-json\/wp\/v2\/media\/81300"}],"wp:attachment":[{"href":"https:\/\/cdnoticias.com\/index.php\/wp-json\/wp\/v2\/media?parent=81291"}],"wp:term":[{"taxonomy":"category","embeddable":true,"href":"https:\/\/cdnoticias.com\/index.php\/wp-json\/wp\/v2\/categories?post=81291"},{"taxonomy":"post_tag","embeddable":true,"href":"https:\/\/cdnoticias.com\/index.php\/wp-json\/wp\/v2\/tags?post=81291"}],"curies":[{"name":"wp","href":"https:\/\/api.w.org\/{rel}","templated":true}]}}