{"id":81262,"date":"2023-04-02T17:19:30","date_gmt":"2023-04-02T20:19:30","guid":{"rendered":"https:\/\/www.centraldenoticias.com.ar\/?p=81262"},"modified":"2023-04-02T17:20:35","modified_gmt":"2023-04-02T20:20:35","slug":"se-inaugura-el-edificio-de-artes-visuales","status":"publish","type":"post","link":"https:\/\/cdnoticias.com\/index.php\/2023\/04\/02\/se-inaugura-el-edificio-de-artes-visuales\/","title":{"rendered":"Se inaugura el edificio de Artes Visuales"},"content":{"rendered":"<p>Con la presencia de importantes figuras del plano educativo se desarrollar\u00e1 el acto inaugural de la instituci\u00f3n. Ser\u00e1 a partir de las 13 hs en el predio de la Escuela Agraria.<!--more--><\/p>\n<hr \/>\n<p>Finalmente, se concret\u00f3 la <strong>fecha de inauguraci\u00f3n del nuevo edificio<\/strong> para la Escuela de Artes Visuales \u201cMiguel \u00c1ngel Galgano\u201d, ocurrir\u00e1<strong>\u00a0este lunes 3 de abril<\/strong>.<\/p>\n<p>&nbsp;<\/p>\n<p>El acto inaugural se realizar\u00e1 en <strong>Autopista Fortabat al 7000, en el predio de la Escuela Agraria, a partir de las 13 hs<\/strong>. Contar\u00e1 con la <strong>presencia<\/strong> del Director General de Escuelas de la Provincia de Buenos Aires, <strong>Alberto Sileoni<\/strong> y m\u00e1s autoridades de la gesti\u00f3n provincial.<\/p>\n<p>&nbsp;<\/p>\n<p><img data-recalc-dims=\"1\" loading=\"lazy\" decoding=\"async\" class=\"alignnone size-full wp-image-81266\" src=\"https:\/\/i0.wp.com\/cdnoticias.com\/wp-content\/uploads\/2023\/04\/EDIFICIO-ARTES-VISUALES03.jpeg?resize=768%2C508&#038;ssl=1\" alt=\"\" width=\"768\" height=\"508\" srcset=\"https:\/\/i0.wp.com\/cdnoticias.com\/wp-content\/uploads\/2023\/04\/EDIFICIO-ARTES-VISUALES03.jpeg?w=768&amp;ssl=1 768w, https:\/\/i0.wp.com\/cdnoticias.com\/wp-content\/uploads\/2023\/04\/EDIFICIO-ARTES-VISUALES03.jpeg?resize=300%2C198&amp;ssl=1 300w\" sizes=\"auto, (max-width: 768px) 100vw, 768px\" \/><\/p>\n<p>Tras a\u00f1os de espera y reclamos por parte de la comunidad educativa, el lunes 3 de abril, la Escuela de Artes Visuales podr\u00e1 formalizar la nueva etapa, que ya inicio este a\u00f1o, con un lugar propio situado en el predio de la Escuela Agropecuaria.<\/p>\n<p><img data-recalc-dims=\"1\" loading=\"lazy\" decoding=\"async\" class=\"alignnone size-full wp-image-81263\" src=\"https:\/\/i0.wp.com\/cdnoticias.com\/wp-content\/uploads\/2023\/04\/EDIFICIO-ARTES-VISUALES.jpeg?resize=800%2C445&#038;ssl=1\" alt=\"\" width=\"800\" height=\"445\" srcset=\"https:\/\/i0.wp.com\/cdnoticias.com\/wp-content\/uploads\/2023\/04\/EDIFICIO-ARTES-VISUALES.jpeg?w=800&amp;ssl=1 800w, https:\/\/i0.wp.com\/cdnoticias.com\/wp-content\/uploads\/2023\/04\/EDIFICIO-ARTES-VISUALES.jpeg?resize=300%2C167&amp;ssl=1 300w, https:\/\/i0.wp.com\/cdnoticias.com\/wp-content\/uploads\/2023\/04\/EDIFICIO-ARTES-VISUALES.jpeg?resize=768%2C427&amp;ssl=1 768w\" sizes=\"auto, (max-width: 800px) 100vw, 800px\" \/><\/p>\n<p>&nbsp;<\/p>\n<p><strong>El\u00a0Ciclo Lectivo 2023<\/strong>\u00a0inici\u00f3 con r<strong>\u00e9cord de inscriptos, <\/strong>en la nueva sede podr\u00e1n transitar las diferentes carreras sin problemas edilicios.<\/p>\n<p>&nbsp;<\/p>\n","protected":false},"excerpt":{"rendered":"<p>Con la presencia de importantes figuras del plano educativo se desarrollar\u00e1 el acto inaugural de la instituci\u00f3n. Ser\u00e1 a partir<\/p>\n","protected":false},"author":4,"featured_media":81264,"comment_status":"closed","ping_status":"closed","sticky":false,"template":"","format":"standard","meta":{"_jetpack_memberships_contains_paid_content":false,"footnotes":""},"categories":[5,1],"tags":[],"class_list":["post-81262","post","type-post","status-publish","format-standard","has-post-thumbnail","hentry","category-informacion-general","category-portada"],"jetpack_featured_media_url":"https:\/\/i0.wp.com\/cdnoticias.com\/wp-content\/uploads\/2023\/04\/EDIFICIO-ARTES-VISUALES01.jpeg?fit=960%2C636&ssl=1","jetpack_sharing_enabled":true,"_links":{"self":[{"href":"https:\/\/cdnoticias.com\/index.php\/wp-json\/wp\/v2\/posts\/81262","targetHints":{"allow":["GET"]}}],"collection":[{"href":"https:\/\/cdnoticias.com\/index.php\/wp-json\/wp\/v2\/posts"}],"about":[{"href":"https:\/\/cdnoticias.com\/index.php\/wp-json\/wp\/v2\/types\/post"}],"author":[{"embeddable":true,"href":"https:\/\/cdnoticias.com\/index.php\/wp-json\/wp\/v2\/users\/4"}],"replies":[{"embeddable":true,"href":"https:\/\/cdnoticias.com\/index.php\/wp-json\/wp\/v2\/comments?post=81262"}],"version-history":[{"count":0,"href":"https:\/\/cdnoticias.com\/index.php\/wp-json\/wp\/v2\/posts\/81262\/revisions"}],"wp:featuredmedia":[{"embeddable":true,"href":"https:\/\/cdnoticias.com\/index.php\/wp-json\/wp\/v2\/media\/81264"}],"wp:attachment":[{"href":"https:\/\/cdnoticias.com\/index.php\/wp-json\/wp\/v2\/media?parent=81262"}],"wp:term":[{"taxonomy":"category","embeddable":true,"href":"https:\/\/cdnoticias.com\/index.php\/wp-json\/wp\/v2\/categories?post=81262"},{"taxonomy":"post_tag","embeddable":true,"href":"https:\/\/cdnoticias.com\/index.php\/wp-json\/wp\/v2\/tags?post=81262"}],"curies":[{"name":"wp","href":"https:\/\/api.w.org\/{rel}","templated":true}]}}