{"id":81259,"date":"2023-04-03T21:09:41","date_gmt":"2023-04-04T00:09:41","guid":{"rendered":"https:\/\/www.centraldenoticias.com.ar\/?p=81259"},"modified":"2023-04-03T21:09:41","modified_gmt":"2023-04-04T00:09:41","slug":"recorrida-de-los-precandidatos-del-fit-nestor-pitrola-estara-en-olavarria","status":"publish","type":"post","link":"https:\/\/cdnoticias.com\/index.php\/2023\/04\/03\/recorrida-de-los-precandidatos-del-fit-nestor-pitrola-estara-en-olavarria\/","title":{"rendered":"Recorrida de los precandidatos del FIT: N\u00e9stor Pitrola estar\u00e1 en Olavarr\u00eda"},"content":{"rendered":"<p>La visita ser\u00e1 este martes y dar\u00e1 una charla a abierta a la comunidad en el SUM de la Sociedad de Fomento Mariano Moreno. Lo acompa\u00f1aran los precandidatos locales.<!--more--><\/p>\n<hr \/>\n<p>El <strong>precandidato a gobernador por el Partido Obrero en el FIT-Unidad, N\u00e9stor Pitrola,<\/strong>\u00a0comenz\u00f3 recorridas por todos los distritos de la Provincia y los primeros d\u00edas de abril visitar\u00e1 Las Flores, Azul, Bol\u00edvar y Olavarr\u00eda. En nuestra ciudad brindar\u00e1 una conferencia de prensa junto a precandidatos locales.<\/p>\n<p>&nbsp;<\/p>\n<p>Posteriormente,<strong> dar\u00e1 una charla abierta a vecinas y vecinos este martes 4 de abril a las 18 hs<\/strong>. en el SUM de la Sociedad de Fomento Mariano Moreno, Lamadrid 4060.<\/p>\n<p>&nbsp;<\/p>\n<p>N\u00e9stor Pitrola, quien<strong> fue dos veces diputado por la Provincia de Buenos Aires<\/strong>, lanz\u00f3 a finales de febrero su precandidatura a gobernador por el Partido Obrero en el Frente de Izquierda Unidad. Lo hizo acompa\u00f1ado por la f\u00f3rmula presidencial de esa fuerza, integrada por Gabriel Solano y Romina Del Pl\u00e1.<\/p>\n<p>&nbsp;<\/p>\n<blockquote><p>Desde el lanzamiento de su precandidatura Pitrola remarc\u00f3: \u201cNecesitamos una izquierda de lucha. Que canalice la bronca contra el hambre y la pobreza, contra la frustraci\u00f3n social de la desocupaci\u00f3n y el trabajo en negro y precarizado, contra la falta de futuro de la juventud. Y nuestros pergaminos son claros porque somos la izquierda organizadora de la lucha contra elhambre, por el trabajo genuino, la tierra y la vivienda, somos la izquierda que se jug\u00f3 a fondo con la huelga del Neum\u00e1tico hasta su victoria, somos la izquierda que est\u00e1 en primera l\u00ednea de la lucha docente contra la entrega de Baradel que es un ministro sin cartera del gobernador, en la lucha del Posadas y de toda la salud.\u201d<\/p><\/blockquote>\n<p>&nbsp;<\/p>\n<p>En este marco, a\u00f1adi\u00f3: \u201cSomos la izquierda que desnuda al kirchnerismo y que venimos de movilizarnos el 24 de marzo contra la represi\u00f3n de ayer y de hoy y no contra la falsa proscripci\u00f3n de Cristina Kirchner. Somos la izquierda que denuncia al gobernador Kicillof como el mascar\u00f3n de proa de los viejos punteros del PJ. Somos la izquierda que convocamos a la rebeli\u00f3n pol\u00edtica de la juventud del pueblo trabajador que no puede ser por la v\u00eda de los facholibertarios como Milei, Espert o Burlando. Con este fin <strong>caminamos cada distrito, apoyando cada reivindicaci\u00f3n para que organicemos un gran Congreso del Frente de Izquierda y los luchadores<\/strong> que brinde un programa de salida a la crisis capitalista y defina listas comunes para el mes de agosto.\u201d<\/p>\n<p>&nbsp;<\/p>\n","protected":false},"excerpt":{"rendered":"<p>La visita ser\u00e1 este martes y dar\u00e1 una charla a abierta a la comunidad en el SUM de la Sociedad<\/p>\n","protected":false},"author":4,"featured_media":81260,"comment_status":"closed","ping_status":"closed","sticky":false,"template":"","format":"standard","meta":{"_jetpack_memberships_contains_paid_content":false,"footnotes":""},"categories":[4,1],"tags":[],"class_list":["post-81259","post","type-post","status-publish","format-standard","has-post-thumbnail","hentry","category-politica","category-portada"],"jetpack_featured_media_url":"https:\/\/i0.wp.com\/cdnoticias.com\/wp-content\/uploads\/2023\/04\/PITROLA-NESTOR.jpg?fit=800%2C445&ssl=1","jetpack_sharing_enabled":true,"_links":{"self":[{"href":"https:\/\/cdnoticias.com\/index.php\/wp-json\/wp\/v2\/posts\/81259","targetHints":{"allow":["GET"]}}],"collection":[{"href":"https:\/\/cdnoticias.com\/index.php\/wp-json\/wp\/v2\/posts"}],"about":[{"href":"https:\/\/cdnoticias.com\/index.php\/wp-json\/wp\/v2\/types\/post"}],"author":[{"embeddable":true,"href":"https:\/\/cdnoticias.com\/index.php\/wp-json\/wp\/v2\/users\/4"}],"replies":[{"embeddable":true,"href":"https:\/\/cdnoticias.com\/index.php\/wp-json\/wp\/v2\/comments?post=81259"}],"version-history":[{"count":0,"href":"https:\/\/cdnoticias.com\/index.php\/wp-json\/wp\/v2\/posts\/81259\/revisions"}],"wp:featuredmedia":[{"embeddable":true,"href":"https:\/\/cdnoticias.com\/index.php\/wp-json\/wp\/v2\/media\/81260"}],"wp:attachment":[{"href":"https:\/\/cdnoticias.com\/index.php\/wp-json\/wp\/v2\/media?parent=81259"}],"wp:term":[{"taxonomy":"category","embeddable":true,"href":"https:\/\/cdnoticias.com\/index.php\/wp-json\/wp\/v2\/categories?post=81259"},{"taxonomy":"post_tag","embeddable":true,"href":"https:\/\/cdnoticias.com\/index.php\/wp-json\/wp\/v2\/tags?post=81259"}],"curies":[{"name":"wp","href":"https:\/\/api.w.org\/{rel}","templated":true}]}}