{"id":81236,"date":"2023-04-02T10:28:21","date_gmt":"2023-04-02T13:28:21","guid":{"rendered":"https:\/\/www.centraldenoticias.com.ar\/?p=81236"},"modified":"2023-04-02T10:28:21","modified_gmt":"2023-04-02T13:28:21","slug":"reunion-de-repaso-y-fortalecimiento-de-encuentro-republicano-federal","status":"publish","type":"post","link":"https:\/\/cdnoticias.com\/index.php\/2023\/04\/02\/reunion-de-repaso-y-fortalecimiento-de-encuentro-republicano-federal\/","title":{"rendered":"Reuni\u00f3n de repaso y fortalecimiento de Encuentro Republicano Federal"},"content":{"rendered":"<p>Se realiz\u00f3 con una cena en la sede partidaria. \u201cHay que seguir trabajando para plasmar las ideas de nuestro pre candidato a presidente, Miguel \u00c1ngel Pichetto\u201d subray\u00f3 Mario Cura.<\/p>\n<p><!--more--><\/p>\n<hr \/>\n<p>En la jornada del viernes <strong>Encuentro Republicano Federal Olavarr\u00eda, espacio que conduce Mario Cura<\/strong>, mantuvo una nueva reuni\u00f3n en el local partidario ubicado en Sargento Cabral 3332.<\/p>\n<p>&nbsp;<\/p>\n<p>Ante la presencia del grupo trabajo, quien fuera contador por la provincia de Buenos Aires, expres\u00f3 que \u201cestamos a meses de la elecci\u00f3n primaria y general, que hay que <strong>seguir trabajando para plasmar las ideas de nuestro pre candidato a presidente, Miguel \u00c1ngel Pichetto<\/strong>, en la sociedad olavarriense y en la s\u00e9ptima secci\u00f3n electoral\u201d.<\/p>\n<p>&nbsp;<\/p>\n<p>En ese sentido, resalt\u00f3 <strong>las actividades que se vienen realizando<\/strong>, como la inauguraci\u00f3n de la casa pol\u00edtica, las diferentes acciones que est\u00e1n ejecutando el grupo de j\u00f3venes y el lanzamiento de la delegaci\u00f3n \u201cFundaci\u00f3n Encuentro Federal \u2013 Regi\u00f3n Centro \u201csemanas atr\u00e1s con<a href=\"https:\/\/cdnoticias.com\/index.php\/2023\/03\/18\/tras-la-inauguracion-de-la-fundacion-encuentro-republicano-el-espacio-realizo-una-cena\/\" target=\"_blank\" rel=\"noopener\"> una gran cena, donde asisti\u00f3 el presidente de la misma, Eduardo Mondino<\/a>.<\/p>\n<p>&nbsp;<\/p>\n<p><img data-recalc-dims=\"1\" loading=\"lazy\" decoding=\"async\" class=\"size-full wp-image-81238 aligncenter\" src=\"https:\/\/i0.wp.com\/cdnoticias.com\/wp-content\/uploads\/2023\/04\/encuentro-republicano-federal-00.jpg?resize=800%2C445&#038;ssl=1\" alt=\"\" width=\"800\" height=\"445\" srcset=\"https:\/\/i0.wp.com\/cdnoticias.com\/wp-content\/uploads\/2023\/04\/encuentro-republicano-federal-00.jpg?w=800&amp;ssl=1 800w, https:\/\/i0.wp.com\/cdnoticias.com\/wp-content\/uploads\/2023\/04\/encuentro-republicano-federal-00.jpg?resize=300%2C167&amp;ssl=1 300w, https:\/\/i0.wp.com\/cdnoticias.com\/wp-content\/uploads\/2023\/04\/encuentro-republicano-federal-00.jpg?resize=768%2C427&amp;ssl=1 768w\" sizes=\"auto, (max-width: 800px) 100vw, 800px\" \/><\/p>\n<p>&nbsp;<\/p>\n<p>\u201cSeguiremos fortaleciendo Juntos Por el Cambio y en los \u00faltimos d\u00edas tuvimos una noticia importante que fue <strong>la definici\u00f3n de Mauricio Macri, que lidera este espacio de coalici\u00f3n<\/strong>. Su decisi\u00f3n ha tenido un impacto dentro del oficialismo, como tambi\u00e9n est\u00e1 generando un reacomodamiento dentro de JxC\u201d, manifest\u00f3 el ex Diputado Provincial. Por otra parte, recalc\u00f3 la gran relaci\u00f3n de nuestro l\u00edder nacional, Miguel \u00c1ngel Pichetto y el ex presidente, recordando la f\u00f3rmula presidencial del a\u00f1o 2019 y que adem\u00e1s nuestro espacio estaba en cierta medida a la espera de la decisi\u00f3n del ex mandatario de la Naci\u00f3n. &#8220;Ante esta determinaci\u00f3n de Macri, desde Encuentro Republicano Federal <strong>reafirmamos definitivamente la candidatura de Miguel \u00c1ngel Pichetto, al cargo de presidente de la Rep\u00fablica Argentina&#8221;<\/strong> se destac\u00f3 desde el espacio<strong>.<\/strong><\/p>\n<p>&nbsp;<\/p>\n<p>En relaci\u00f3n a la Provincia de Buenos Aires, <strong>se trabajar\u00e1 y apoyara la candidatura de Diego \u201cEl Colo\u201d Santilli<\/strong>, tal como lo venimos haciendo, reafirmando lo ya manifestado por el Auditor General de la Naci\u00f3n, que en la provincia tiene que haber un solo candidato a gobernador para no debilitar al espacio, ese tiene que ser \u00e9l \u201cEl Colo\u201d, ya que gan\u00f3 las elecciones legislativas en el 2021, y es hoy, el que mejor mide entre los dem\u00e1s postulantes. \u201cDe nada servir\u00eda ganar la elecci\u00f3n nacional si el oficialismo gana la provincia con el impresentable de Kicillof\u201d, remarc\u00f3 qui\u00e9n conduce nuestro espacio. A nivel local, se seguir\u00e1 fortaleciendo la relaci\u00f3n con el intendente Ezequiel Galli y todo su espacio de cara a las elecciones.<\/p>\n<p>&nbsp;<\/p>\n","protected":false},"excerpt":{"rendered":"<p>Se realiz\u00f3 con una cena en la sede partidaria. \u201cHay que seguir trabajando para plasmar las ideas de nuestro pre<\/p>\n","protected":false},"author":4,"featured_media":81237,"comment_status":"closed","ping_status":"closed","sticky":false,"template":"","format":"standard","meta":{"_jetpack_memberships_contains_paid_content":false,"footnotes":""},"categories":[4,1],"tags":[],"class_list":["post-81236","post","type-post","status-publish","format-standard","has-post-thumbnail","hentry","category-politica","category-portada"],"jetpack_featured_media_url":"https:\/\/i0.wp.com\/cdnoticias.com\/wp-content\/uploads\/2023\/04\/Fundacion-Encuentro-Federal.jpg?fit=1280%2C719&ssl=1","jetpack_sharing_enabled":true,"_links":{"self":[{"href":"https:\/\/cdnoticias.com\/index.php\/wp-json\/wp\/v2\/posts\/81236","targetHints":{"allow":["GET"]}}],"collection":[{"href":"https:\/\/cdnoticias.com\/index.php\/wp-json\/wp\/v2\/posts"}],"about":[{"href":"https:\/\/cdnoticias.com\/index.php\/wp-json\/wp\/v2\/types\/post"}],"author":[{"embeddable":true,"href":"https:\/\/cdnoticias.com\/index.php\/wp-json\/wp\/v2\/users\/4"}],"replies":[{"embeddable":true,"href":"https:\/\/cdnoticias.com\/index.php\/wp-json\/wp\/v2\/comments?post=81236"}],"version-history":[{"count":0,"href":"https:\/\/cdnoticias.com\/index.php\/wp-json\/wp\/v2\/posts\/81236\/revisions"}],"wp:featuredmedia":[{"embeddable":true,"href":"https:\/\/cdnoticias.com\/index.php\/wp-json\/wp\/v2\/media\/81237"}],"wp:attachment":[{"href":"https:\/\/cdnoticias.com\/index.php\/wp-json\/wp\/v2\/media?parent=81236"}],"wp:term":[{"taxonomy":"category","embeddable":true,"href":"https:\/\/cdnoticias.com\/index.php\/wp-json\/wp\/v2\/categories?post=81236"},{"taxonomy":"post_tag","embeddable":true,"href":"https:\/\/cdnoticias.com\/index.php\/wp-json\/wp\/v2\/tags?post=81236"}],"curies":[{"name":"wp","href":"https:\/\/api.w.org\/{rel}","templated":true}]}}