{"id":81234,"date":"2023-04-02T17:22:14","date_gmt":"2023-04-02T20:22:14","guid":{"rendered":"https:\/\/www.centraldenoticias.com.ar\/?p=81234"},"modified":"2023-04-02T19:17:21","modified_gmt":"2023-04-02T22:17:21","slug":"desde-este-lunes-los-bancos-cambiaran-su-horario-de-atencion","status":"publish","type":"post","link":"https:\/\/cdnoticias.com\/index.php\/2023\/04\/02\/desde-este-lunes-los-bancos-cambiaran-su-horario-de-atencion\/","title":{"rendered":"Desde este lunes los bancos cambiar\u00e1n su horario de atenci\u00f3n"},"content":{"rendered":"<p>Volver\u00e1n al horario de invierno con atenci\u00f3n al p\u00fablico de 10 a 15 horas. La normativa bonaerense as\u00ed lo hab\u00eda establecido, mediante una resoluci\u00f3n publicada en el Bolet\u00edn Oficial.<!--more--><\/p>\n<hr \/>\n<p>Desde este lunes <strong>los bancos cambiar\u00e1n su horario de atenci\u00f3n.<\/strong><\/p>\n<p>&nbsp;<\/p>\n<p>El secretario general de La Bancaria regional Azul -que incluye a Olavarr\u00eda-, Jos\u00e9 Luis Iturralde indic\u00f3 qu<strong>e se restablecer\u00e1 el horario de invierno en los bancos de todo el pa\u00eds<\/strong> y los mismos volver\u00e1n a abrir sus puertas <strong>de 10 a 15 horas.<\/strong><\/p>\n<p>&nbsp;<\/p>\n<p>Tal como se estableci\u00f3 a fines de noviembre, hasta el 31 de marzo se mantuvo la atenci\u00f3n en la franja horaria de 8 a 13 horas.<\/p>\n<p>&nbsp;<\/p>\n","protected":false},"excerpt":{"rendered":"<p>Volver\u00e1n al horario de invierno con atenci\u00f3n al p\u00fablico de 10 a 15 horas. La normativa bonaerense as\u00ed lo hab\u00eda<\/p>\n","protected":false},"author":4,"featured_media":2757,"comment_status":"closed","ping_status":"closed","sticky":false,"template":"","format":"standard","meta":{"_jetpack_memberships_contains_paid_content":false,"footnotes":""},"categories":[5,1],"tags":[],"class_list":["post-81234","post","type-post","status-publish","format-standard","has-post-thumbnail","hentry","category-informacion-general","category-portada"],"jetpack_featured_media_url":"https:\/\/i0.wp.com\/cdnoticias.com\/wp-content\/uploads\/2020\/09\/WhatsApp-Image-2020-09-24-at-11.22.48.jpeg?fit=1032%2C774&ssl=1","jetpack_sharing_enabled":true,"_links":{"self":[{"href":"https:\/\/cdnoticias.com\/index.php\/wp-json\/wp\/v2\/posts\/81234","targetHints":{"allow":["GET"]}}],"collection":[{"href":"https:\/\/cdnoticias.com\/index.php\/wp-json\/wp\/v2\/posts"}],"about":[{"href":"https:\/\/cdnoticias.com\/index.php\/wp-json\/wp\/v2\/types\/post"}],"author":[{"embeddable":true,"href":"https:\/\/cdnoticias.com\/index.php\/wp-json\/wp\/v2\/users\/4"}],"replies":[{"embeddable":true,"href":"https:\/\/cdnoticias.com\/index.php\/wp-json\/wp\/v2\/comments?post=81234"}],"version-history":[{"count":0,"href":"https:\/\/cdnoticias.com\/index.php\/wp-json\/wp\/v2\/posts\/81234\/revisions"}],"wp:featuredmedia":[{"embeddable":true,"href":"https:\/\/cdnoticias.com\/index.php\/wp-json\/wp\/v2\/media\/2757"}],"wp:attachment":[{"href":"https:\/\/cdnoticias.com\/index.php\/wp-json\/wp\/v2\/media?parent=81234"}],"wp:term":[{"taxonomy":"category","embeddable":true,"href":"https:\/\/cdnoticias.com\/index.php\/wp-json\/wp\/v2\/categories?post=81234"},{"taxonomy":"post_tag","embeddable":true,"href":"https:\/\/cdnoticias.com\/index.php\/wp-json\/wp\/v2\/tags?post=81234"}],"curies":[{"name":"wp","href":"https:\/\/api.w.org\/{rel}","templated":true}]}}