{"id":81229,"date":"2023-04-03T14:30:03","date_gmt":"2023-04-03T17:30:03","guid":{"rendered":"https:\/\/www.centraldenoticias.com.ar\/?p=81229"},"modified":"2023-04-03T14:30:03","modified_gmt":"2023-04-03T17:30:03","slug":"migraciones-hara-un-operativo-territorial-en-las-oficinas-del-renaper","status":"publish","type":"post","link":"https:\/\/cdnoticias.com\/index.php\/2023\/04\/03\/migraciones-hara-un-operativo-territorial-en-las-oficinas-del-renaper\/","title":{"rendered":"Migraciones har\u00e1 un operativo territorial en las oficinas del RENAPER"},"content":{"rendered":"<p>Se har\u00e1 este martes de 10 a 14. Estar\u00e1 presente un equipo el Centro de Acceso a la Justicia (CAJ) para ofrecer asesoramiento gratuito.<\/p>\n<p><!--more--><\/p>\n<hr \/>\n<p>Desde el <strong>Registro Nacional de las Personas<\/strong> informaron que el<strong> martes 4 de abril<\/strong> llegar\u00e1 a Olavarr\u00eda un <strong>equipo de la Direcci\u00f3n Nacional de Migraciones<\/strong> para realizar un abordaje territorial.<\/p>\n<p>&nbsp;<\/p>\n<p>Tendr\u00e1 lugar en las oficinas del RENAPER, ubicado en calle <strong>Lavalle 3195, de 10 a 14 horas.<\/strong><\/p>\n<p>&nbsp;<\/p>\n<p><img data-recalc-dims=\"1\" loading=\"lazy\" decoding=\"async\" class=\"size-full wp-image-81230 aligncenter\" src=\"https:\/\/i0.wp.com\/cdnoticias.com\/wp-content\/uploads\/2023\/04\/renaper-migraciones-0.jpg?resize=800%2C445&#038;ssl=1\" alt=\"\" width=\"800\" height=\"445\" srcset=\"https:\/\/i0.wp.com\/cdnoticias.com\/wp-content\/uploads\/2023\/04\/renaper-migraciones-0.jpg?w=800&amp;ssl=1 800w, https:\/\/i0.wp.com\/cdnoticias.com\/wp-content\/uploads\/2023\/04\/renaper-migraciones-0.jpg?resize=300%2C167&amp;ssl=1 300w, https:\/\/i0.wp.com\/cdnoticias.com\/wp-content\/uploads\/2023\/04\/renaper-migraciones-0.jpg?resize=768%2C427&amp;ssl=1 768w\" sizes=\"auto, (max-width: 800px) 100vw, 800px\" \/><\/p>\n<p>&nbsp;<\/p>\n<p>Los interesados podr\u00e1n recibir<strong> asesoramiento, iniciar tr\u00e1mites de radicaciones, cambios de categor\u00eda (temporaria a permanente), emitir y renovar certificados de Residencia Precarias, resolver solicitudes de residencias y consultar estado de tr\u00e1mites de Radicaci\u00f3n ya iniciados<\/strong>. Cabe aclarar que no se realizar\u00e1n tr\u00e1mites de DNI (robo o extrav\u00edo, cambio de domicilio, Actualizaciones).<\/p>\n<p>&nbsp;<\/p>\n<p>Adem\u00e1s, estar\u00e1 presente un equipo el<strong> Centro de Acceso a la Justicia (CAJ)<\/strong> que brindar\u00e1n asesoramiento jur\u00eddico gratuito a las personas que lo necesiten.<\/p>\n<p>&nbsp;<\/p>\n<p>Se record\u00f3 que <strong>no hay que sacar turno ni pagar nada previamente<\/strong>, es por orden de llegada.<\/p>\n<p>&nbsp;<\/p>\n","protected":false},"excerpt":{"rendered":"<p>Se har\u00e1 este martes de 10 a 14. Estar\u00e1 presente un equipo el Centro de Acceso a la Justicia (CAJ)<\/p>\n","protected":false},"author":4,"featured_media":81230,"comment_status":"closed","ping_status":"closed","sticky":false,"template":"","format":"standard","meta":{"_jetpack_memberships_contains_paid_content":false,"footnotes":""},"categories":[5,1],"tags":[],"class_list":["post-81229","post","type-post","status-publish","format-standard","has-post-thumbnail","hentry","category-informacion-general","category-portada"],"jetpack_featured_media_url":"https:\/\/i0.wp.com\/cdnoticias.com\/wp-content\/uploads\/2023\/04\/renaper-migraciones-0.jpg?fit=800%2C445&ssl=1","jetpack_sharing_enabled":true,"_links":{"self":[{"href":"https:\/\/cdnoticias.com\/index.php\/wp-json\/wp\/v2\/posts\/81229","targetHints":{"allow":["GET"]}}],"collection":[{"href":"https:\/\/cdnoticias.com\/index.php\/wp-json\/wp\/v2\/posts"}],"about":[{"href":"https:\/\/cdnoticias.com\/index.php\/wp-json\/wp\/v2\/types\/post"}],"author":[{"embeddable":true,"href":"https:\/\/cdnoticias.com\/index.php\/wp-json\/wp\/v2\/users\/4"}],"replies":[{"embeddable":true,"href":"https:\/\/cdnoticias.com\/index.php\/wp-json\/wp\/v2\/comments?post=81229"}],"version-history":[{"count":0,"href":"https:\/\/cdnoticias.com\/index.php\/wp-json\/wp\/v2\/posts\/81229\/revisions"}],"wp:featuredmedia":[{"embeddable":true,"href":"https:\/\/cdnoticias.com\/index.php\/wp-json\/wp\/v2\/media\/81230"}],"wp:attachment":[{"href":"https:\/\/cdnoticias.com\/index.php\/wp-json\/wp\/v2\/media?parent=81229"}],"wp:term":[{"taxonomy":"category","embeddable":true,"href":"https:\/\/cdnoticias.com\/index.php\/wp-json\/wp\/v2\/categories?post=81229"},{"taxonomy":"post_tag","embeddable":true,"href":"https:\/\/cdnoticias.com\/index.php\/wp-json\/wp\/v2\/tags?post=81229"}],"curies":[{"name":"wp","href":"https:\/\/api.w.org\/{rel}","templated":true}]}}