{"id":81224,"date":"2023-04-01T18:18:43","date_gmt":"2023-04-01T21:18:43","guid":{"rendered":"https:\/\/www.centraldenoticias.com.ar\/?p=81224"},"modified":"2023-04-01T19:56:28","modified_gmt":"2023-04-01T22:56:28","slug":"tras-un-nuevo-intento-de-femicidio-convocan-a-una-marcha","status":"publish","type":"post","link":"https:\/\/cdnoticias.com\/index.php\/2023\/04\/01\/tras-un-nuevo-intento-de-femicidio-convocan-a-una-marcha\/","title":{"rendered":"Tras un nuevo intento de femicidio convocan a una marcha"},"content":{"rendered":"<p>La invitaci\u00f3n es de Movimiento Mayo para una marcha por Aylen, ser\u00e1 este domingo. La misma ser\u00e1 a partir de las 16 hs, en el Paseo Jes\u00fas Mend\u00eda.<!--more--><\/p>\n<hr \/>\n<p>La agrupaci\u00f3n Movimiento Mayo convoca a una marcha por Aylen, la mujer que ingres\u00f3 al Hospital Municipal con quemaduras provocadas por su pareja el d\u00eda viernes.<\/p>\n<p>&nbsp;<\/p>\n<p>Con el lema: \u201cNo se soporta Mas!!!\u201d invitan a participar para pedir tambi\u00e9n \u201cJusticia por Sofi, Marcela, por todas las que nos faltan y por las que estamos en peligro\u201d.<\/p>\n<p>&nbsp;<\/p>\n<p>En ese sentido, la organizaci\u00f3n convocante declar\u00f3: \u201cen este Municipio del Horror nos sigue violentando de manera extrema. No es casualidad, es la desidia programada\u201d.<\/p>\n<p>&nbsp;<\/p>\n<p>La manifestaci\u00f3n se realizar\u00e1 este domingo desde las 16 en el Paseo Mend\u00eda.<\/p>\n","protected":false},"excerpt":{"rendered":"<p>La invitaci\u00f3n es de Movimiento Mayo para una marcha por Aylen, ser\u00e1 este domingo. La misma ser\u00e1 a partir de<\/p>\n","protected":false},"author":4,"featured_media":81227,"comment_status":"closed","ping_status":"closed","sticky":false,"template":"","format":"standard","meta":{"_jetpack_memberships_contains_paid_content":false,"footnotes":""},"categories":[3,1],"tags":[],"class_list":["post-81224","post","type-post","status-publish","format-standard","has-post-thumbnail","hentry","category-genero","category-portada"],"jetpack_featured_media_url":"https:\/\/i0.wp.com\/cdnoticias.com\/wp-content\/uploads\/2023\/04\/MARCHA.jpg?fit=800%2C445&ssl=1","jetpack_sharing_enabled":true,"_links":{"self":[{"href":"https:\/\/cdnoticias.com\/index.php\/wp-json\/wp\/v2\/posts\/81224","targetHints":{"allow":["GET"]}}],"collection":[{"href":"https:\/\/cdnoticias.com\/index.php\/wp-json\/wp\/v2\/posts"}],"about":[{"href":"https:\/\/cdnoticias.com\/index.php\/wp-json\/wp\/v2\/types\/post"}],"author":[{"embeddable":true,"href":"https:\/\/cdnoticias.com\/index.php\/wp-json\/wp\/v2\/users\/4"}],"replies":[{"embeddable":true,"href":"https:\/\/cdnoticias.com\/index.php\/wp-json\/wp\/v2\/comments?post=81224"}],"version-history":[{"count":0,"href":"https:\/\/cdnoticias.com\/index.php\/wp-json\/wp\/v2\/posts\/81224\/revisions"}],"wp:featuredmedia":[{"embeddable":true,"href":"https:\/\/cdnoticias.com\/index.php\/wp-json\/wp\/v2\/media\/81227"}],"wp:attachment":[{"href":"https:\/\/cdnoticias.com\/index.php\/wp-json\/wp\/v2\/media?parent=81224"}],"wp:term":[{"taxonomy":"category","embeddable":true,"href":"https:\/\/cdnoticias.com\/index.php\/wp-json\/wp\/v2\/categories?post=81224"},{"taxonomy":"post_tag","embeddable":true,"href":"https:\/\/cdnoticias.com\/index.php\/wp-json\/wp\/v2\/tags?post=81224"}],"curies":[{"name":"wp","href":"https:\/\/api.w.org\/{rel}","templated":true}]}}