{"id":81218,"date":"2023-04-01T17:04:36","date_gmt":"2023-04-01T20:04:36","guid":{"rendered":"https:\/\/www.centraldenoticias.com.ar\/?p=81218"},"modified":"2023-04-01T17:04:43","modified_gmt":"2023-04-01T20:04:43","slug":"miriam-esther-gimenez-de-fal-q-e-p-d","status":"publish","type":"post","link":"https:\/\/cdnoticias.com\/index.php\/2023\/04\/01\/miriam-esther-gimenez-de-fal-q-e-p-d\/","title":{"rendered":"Miriam Esther Gimenez de Fal (Q.E.P.D.)"},"content":{"rendered":"<p>&nbsp;<\/p>\n<p>Falleci\u00f3 en La Plata el d\u00eda 31 de marzo de 2023 a los 65 a\u00f1os de edad.<\/p>\n<p>&nbsp;<\/p>\n<p>Su esposo Guillermo Fal. Sus hijos Agust\u00edn, Lucas y Emiliano Fal. Su madre Elida Maria Porcel Godoy. Sus hijas pol\u00edticas Antonella Bahl, Mariela Goycoa y Agustina Medina. Sus nietos Nahuel, Victoria, Luz, Bianca, Antonio y Valentino. Sus hermanos Rub\u00e9n y Patricia Gim\u00e9nez. Sus hermanos pol\u00edticos In\u00e9s Arratibel, Rub\u00e9n Fuchila, Cristina y Gustavo Fal, Omar Carbajal y Claudia S\u00e1nchez. Sus sobrinos Carolina, Manuel, Bernardo Carbajal, Sof\u00eda y Emilio Fuchila; Rodrigo y Florencia Fal; Severiano y Diego Gim\u00e9nez; y dem\u00e1s deudos participan su fallecimiento.<\/p>\n<p>&nbsp;<\/p>\n<p>Velatorio: Espa\u00f1a 2942 departamento &#8220;C&#8221;. El velatorio comienza a las 16 horas. Responso: Capilla Ardiente. Inhumaci\u00f3n: Cementerio Loma de Paz, domingo 2 de abril a las 10:30 horas. Servicio adherido a Coopelectric.<\/p>\n<p>&nbsp;<\/p>\n<p>Vecina de Querandies.<\/p>\n<p>&nbsp;<\/p>\n<p>Nacida en Olavarr\u00eda.<\/p>\n<p>&nbsp;<\/p>\n<p>Actividad que desarrollaba: Jubilada.<\/p>\n<p>&nbsp;<\/p>\n","protected":false},"excerpt":{"rendered":"<p>&nbsp; Falleci\u00f3 en La Plata el d\u00eda 31 de marzo de 2023 a los 65 a\u00f1os de edad. &nbsp; Su<\/p>\n","protected":false},"author":4,"featured_media":51544,"comment_status":"closed","ping_status":"closed","sticky":false,"template":"","format":"standard","meta":{"_jetpack_memberships_contains_paid_content":false,"footnotes":""},"categories":[10],"tags":[],"class_list":["post-81218","post","type-post","status-publish","format-standard","has-post-thumbnail","hentry","category-necrologicas"],"jetpack_featured_media_url":"https:\/\/i0.wp.com\/cdnoticias.com\/wp-content\/uploads\/2022\/04\/necrologicas-390-x-240.jpg?fit=390%2C240&ssl=1","jetpack_sharing_enabled":true,"_links":{"self":[{"href":"https:\/\/cdnoticias.com\/index.php\/wp-json\/wp\/v2\/posts\/81218","targetHints":{"allow":["GET"]}}],"collection":[{"href":"https:\/\/cdnoticias.com\/index.php\/wp-json\/wp\/v2\/posts"}],"about":[{"href":"https:\/\/cdnoticias.com\/index.php\/wp-json\/wp\/v2\/types\/post"}],"author":[{"embeddable":true,"href":"https:\/\/cdnoticias.com\/index.php\/wp-json\/wp\/v2\/users\/4"}],"replies":[{"embeddable":true,"href":"https:\/\/cdnoticias.com\/index.php\/wp-json\/wp\/v2\/comments?post=81218"}],"version-history":[{"count":0,"href":"https:\/\/cdnoticias.com\/index.php\/wp-json\/wp\/v2\/posts\/81218\/revisions"}],"wp:featuredmedia":[{"embeddable":true,"href":"https:\/\/cdnoticias.com\/index.php\/wp-json\/wp\/v2\/media\/51544"}],"wp:attachment":[{"href":"https:\/\/cdnoticias.com\/index.php\/wp-json\/wp\/v2\/media?parent=81218"}],"wp:term":[{"taxonomy":"category","embeddable":true,"href":"https:\/\/cdnoticias.com\/index.php\/wp-json\/wp\/v2\/categories?post=81218"},{"taxonomy":"post_tag","embeddable":true,"href":"https:\/\/cdnoticias.com\/index.php\/wp-json\/wp\/v2\/tags?post=81218"}],"curies":[{"name":"wp","href":"https:\/\/api.w.org\/{rel}","templated":true}]}}