{"id":81206,"date":"2023-04-01T19:39:47","date_gmt":"2023-04-01T22:39:47","guid":{"rendered":"https:\/\/www.centraldenoticias.com.ar\/?p=81206"},"modified":"2023-04-02T03:14:38","modified_gmt":"2023-04-02T06:14:38","slug":"se-organiza-la-campana-para-la-precandidatura-de-eduardo-rodriguez","status":"publish","type":"post","link":"https:\/\/cdnoticias.com\/index.php\/2023\/04\/01\/se-organiza-la-campana-para-la-precandidatura-de-eduardo-rodriguez\/","title":{"rendered":"Se organiza la campa\u00f1a para la precandidatura de Eduardo Rodr\u00edguez"},"content":{"rendered":"<p>Se conform\u00f3 la Junta Promotora Eduardo Intendente. La misma est\u00e1 integrada por ex concejales y referentes de Olavarr\u00eda y las localidades, para ampliar la convocatoria.<!--more--><\/p>\n<hr \/>\n<p>Tras el Plenario del Foro Olavarr\u00eda-Frente Renovador en el Frente de Todos, donde<strong> Eduardo Rodr\u00edguez expres\u00f3 su vocaci\u00f3n de ser Intendente de Olavarr\u00eda<\/strong>, <strong>se conform\u00f3 la<\/strong> <strong>Junta Promotora &#8220;Eduardo Intendente&#8221; con el objetivo de ampliar la convocatoria, participaci\u00f3n y apoyo al referente del massismo en Olavarr\u00eda.<\/strong><\/p>\n<p>&nbsp;<\/p>\n<p><img data-recalc-dims=\"1\" loading=\"lazy\" decoding=\"async\" class=\"alignnone size-full wp-image-81209\" src=\"https:\/\/i0.wp.com\/cdnoticias.com\/wp-content\/uploads\/2023\/04\/Eduardo-Rodriguez01.jpg?resize=800%2C445&#038;ssl=1\" alt=\"\" width=\"800\" height=\"445\" srcset=\"https:\/\/i0.wp.com\/cdnoticias.com\/wp-content\/uploads\/2023\/04\/Eduardo-Rodriguez01.jpg?w=800&amp;ssl=1 800w, https:\/\/i0.wp.com\/cdnoticias.com\/wp-content\/uploads\/2023\/04\/Eduardo-Rodriguez01.jpg?resize=300%2C167&amp;ssl=1 300w, https:\/\/i0.wp.com\/cdnoticias.com\/wp-content\/uploads\/2023\/04\/Eduardo-Rodriguez01.jpg?resize=768%2C427&amp;ssl=1 768w\" sizes=\"auto, (max-width: 800px) 100vw, 800px\" \/><\/p>\n<p>&nbsp;<\/p>\n<p>La misma est\u00e1 coordinada por los Concejales In\u00e9s Creimer y Gast\u00f3n Sarachu e integrada por los ex concejales Ra\u00fal Kuhn (Hinojo), Eva Cura, Ricardo Nasello (sector rural), y Carlos Masson (Colonia San Miguel), la docente Elizabeth Liz Herrera,\u00a0 los referentes en las localidades N\u00e9stor Crevat\u00edn (Sierra Chica), Cristian Barraza (Sierras Bayas) y Gladys Ram\u00f3n (Loma Negra), Agust\u00edn Alfonzo (J\u00f3venes FR) y Marcelo Cunioli (Camino a la Victoria).<\/p>\n<p>&nbsp;<\/p>\n<p><img data-recalc-dims=\"1\" loading=\"lazy\" decoding=\"async\" class=\"alignnone size-full wp-image-81211\" src=\"https:\/\/i0.wp.com\/cdnoticias.com\/wp-content\/uploads\/2023\/04\/Plenario-FR-02.jpg?resize=800%2C445&#038;ssl=1\" alt=\"\" width=\"800\" height=\"445\" srcset=\"https:\/\/i0.wp.com\/cdnoticias.com\/wp-content\/uploads\/2023\/04\/Plenario-FR-02.jpg?w=800&amp;ssl=1 800w, https:\/\/i0.wp.com\/cdnoticias.com\/wp-content\/uploads\/2023\/04\/Plenario-FR-02.jpg?resize=300%2C167&amp;ssl=1 300w, https:\/\/i0.wp.com\/cdnoticias.com\/wp-content\/uploads\/2023\/04\/Plenario-FR-02.jpg?resize=768%2C427&amp;ssl=1 768w\" sizes=\"auto, (max-width: 800px) 100vw, 800px\" \/><\/p>\n<p>&nbsp;<\/p>\n<p>Seg\u00fan se dio a conocer, la Junta Promotora &#8220;Eduardo Intendente&#8221; <strong>ir\u00e1 sumando profesionales, t\u00e9cnicos, referentes y vecinos y vecinas con propuestas e ideas.<\/strong><\/p>\n<p>&nbsp;<\/p>\n<p>Eduardo Rodr\u00edguez expres\u00f3 que<strong> &#8220;nuestra propuesta es volver a la senda del progreso y el trabajo&#8221;<\/strong>. \u201cQueremos revitalizar la Salud P\u00fablica y la atenci\u00f3n en nuestro querido Hospital Municipal y en las localidades, ordenar y administrar el Municipio para recuperar la capacidad de inversi\u00f3n p\u00fablica para hacer las obras que piden nuestros vecinos y proyectos a futuro, avanzar con la ampliaci\u00f3n de la planta urbana aprobada con la incorporaci\u00f3n de lotes para la construcci\u00f3n de viviendas y darle centralidad a las pol\u00edticas de Cultura, Deporte, turismo y desarrollo humano\u201d.<\/p>\n<p>&nbsp;<\/p>\n<blockquote><p>\u201cNecesitamos un Municipio que permita fortalecer el desarrollo econ\u00f3mico diversificado, acompa\u00f1ando a nuestros trabajadores, productores, emprendedores y empresarios\u201d, agreg\u00f3.<\/p><\/blockquote>\n<p>&nbsp;<\/p>\n<p><img data-recalc-dims=\"1\" loading=\"lazy\" decoding=\"async\" class=\"alignnone size-full wp-image-81212\" src=\"https:\/\/i0.wp.com\/cdnoticias.com\/wp-content\/uploads\/2023\/04\/Plenario-FR04.jpg?resize=800%2C445&#038;ssl=1\" alt=\"\" width=\"800\" height=\"445\" srcset=\"https:\/\/i0.wp.com\/cdnoticias.com\/wp-content\/uploads\/2023\/04\/Plenario-FR04.jpg?w=800&amp;ssl=1 800w, https:\/\/i0.wp.com\/cdnoticias.com\/wp-content\/uploads\/2023\/04\/Plenario-FR04.jpg?resize=300%2C167&amp;ssl=1 300w, https:\/\/i0.wp.com\/cdnoticias.com\/wp-content\/uploads\/2023\/04\/Plenario-FR04.jpg?resize=768%2C427&amp;ssl=1 768w\" sizes=\"auto, (max-width: 800px) 100vw, 800px\" \/><\/p>\n<p>&nbsp;<\/p>\n<p><strong>La convocatoria para colaborar en la campa\u00f1a \u201cEduardo Intendente\u201d est\u00e1 abierta<\/strong> y aquellas personas interesadas <strong>pueden acercarse a la Casa Eduardo \u201cChino\u201d Correa<\/strong> en Belgrano 3222 de lunes a viernes <strong>de 9 a 13 hs<\/strong>. Tambi\u00e9n se encuentran disponibles los siguientes canales de comunicaci\u00f3n:<\/p>\n<ul>\n<li>Web: <a href=\"http:\/\/www.foroolavarria.org\/\" target=\"_blank\" rel=\"noopener\" data-saferedirecturl=\"https:\/\/www.google.com\/url?q=http:\/\/www.foroolavarria.org\/&amp;source=gmail&amp;ust=1680446142297000&amp;usg=AOvVaw3L8EIPPr84wJEZDJQt5-H5\">www.foroolavarria.org\/<\/a><\/li>\n<li>Mail: <a href=\"mailto:foroolavarria@gmail.com\" target=\"_blank\" rel=\"noopener\">foroolavarria@gmail.com<\/a><\/li>\n<li>Tel\u00e9fono\/whatsapp: 2284 554873<\/li>\n<\/ul>\n<p>&nbsp;<\/p>\n<p>La agrupaci\u00f3n difundi\u00f3 un<a href=\"https:\/\/youtu.be\/w_oFmAVO_Z8\" target=\"_blank\" rel=\"noopener\"> video resumen<\/a> de lo que fue el Plenario Abierto del Frente Renovador el pasado mi\u00e9rcoles 22 de marzo.<\/p>\n<p>&nbsp;<\/p>\n","protected":false},"excerpt":{"rendered":"<p>Se conform\u00f3 la Junta Promotora Eduardo Intendente. La misma est\u00e1 integrada por ex concejales y referentes de Olavarr\u00eda y las<\/p>\n","protected":false},"author":4,"featured_media":81208,"comment_status":"closed","ping_status":"closed","sticky":false,"template":"","format":"standard","meta":{"_jetpack_memberships_contains_paid_content":false,"footnotes":""},"categories":[4,1],"tags":[],"class_list":["post-81206","post","type-post","status-publish","format-standard","has-post-thumbnail","hentry","category-politica","category-portada"],"jetpack_featured_media_url":"https:\/\/i0.wp.com\/cdnoticias.com\/wp-content\/uploads\/2023\/04\/Plenario-FR-03.jpg?fit=800%2C445&ssl=1","jetpack_sharing_enabled":true,"_links":{"self":[{"href":"https:\/\/cdnoticias.com\/index.php\/wp-json\/wp\/v2\/posts\/81206","targetHints":{"allow":["GET"]}}],"collection":[{"href":"https:\/\/cdnoticias.com\/index.php\/wp-json\/wp\/v2\/posts"}],"about":[{"href":"https:\/\/cdnoticias.com\/index.php\/wp-json\/wp\/v2\/types\/post"}],"author":[{"embeddable":true,"href":"https:\/\/cdnoticias.com\/index.php\/wp-json\/wp\/v2\/users\/4"}],"replies":[{"embeddable":true,"href":"https:\/\/cdnoticias.com\/index.php\/wp-json\/wp\/v2\/comments?post=81206"}],"version-history":[{"count":0,"href":"https:\/\/cdnoticias.com\/index.php\/wp-json\/wp\/v2\/posts\/81206\/revisions"}],"wp:featuredmedia":[{"embeddable":true,"href":"https:\/\/cdnoticias.com\/index.php\/wp-json\/wp\/v2\/media\/81208"}],"wp:attachment":[{"href":"https:\/\/cdnoticias.com\/index.php\/wp-json\/wp\/v2\/media?parent=81206"}],"wp:term":[{"taxonomy":"category","embeddable":true,"href":"https:\/\/cdnoticias.com\/index.php\/wp-json\/wp\/v2\/categories?post=81206"},{"taxonomy":"post_tag","embeddable":true,"href":"https:\/\/cdnoticias.com\/index.php\/wp-json\/wp\/v2\/tags?post=81206"}],"curies":[{"name":"wp","href":"https:\/\/api.w.org\/{rel}","templated":true}]}}