{"id":81153,"date":"2023-03-31T21:42:25","date_gmt":"2023-04-01T00:42:25","guid":{"rendered":"https:\/\/www.centraldenoticias.com.ar\/?p=81153"},"modified":"2023-03-31T21:42:25","modified_gmt":"2023-04-01T00:42:25","slug":"un-hombre-fue-arrestado-por-robo-de-moto","status":"publish","type":"post","link":"https:\/\/cdnoticias.com\/index.php\/2023\/03\/31\/un-hombre-fue-arrestado-por-robo-de-moto\/","title":{"rendered":"Un hombre fue arrestado por robo de moto"},"content":{"rendered":"<p>Tras la denuncia del hecho, en la tarde de este viernes personal de la Comisar\u00eda Segunda detuvo a un hombre. Fue aprehendido en Barrio Dorrego<!--more--><\/p>\n<hr \/>\n<p>Este viernes se produjo la <strong>aprehensi\u00f3n de un hombre mayor de edad por robo de una moto<\/strong>. A ra\u00edz de una denuncia realizada en la dependencia de la Comisar\u00eda Segunda, <strong>personal policial realiz\u00f3 una investigaci\u00f3n y logr\u00f3 establecer la autor\u00eda.<\/strong><\/p>\n<p>&nbsp;<\/p>\n<p>El personal\u00a0 determin\u00f3 que el acusado <strong>circulaba por el Barrio Dorrego<\/strong>. A ra\u00edz de este dato <strong>se diagram\u00f3 un operativo de urgencia<\/strong> con colaboraci\u00f3n de personal Comando Prevenci\u00f3n de Olavarr\u00eda y personal Sub DDI, se logr\u00f3 interceptar al sospechado en inmediaciones de <strong>calle 17 y Belgrano.<\/strong><\/p>\n<p><img data-recalc-dims=\"1\" loading=\"lazy\" decoding=\"async\" class=\"alignnone size-large wp-image-81155\" src=\"https:\/\/i0.wp.com\/cdnoticias.com\/wp-content\/uploads\/2023\/03\/Moto.jpg?resize=800%2C445&#038;ssl=1\" alt=\"\" width=\"800\" height=\"445\" srcset=\"https:\/\/i0.wp.com\/cdnoticias.com\/wp-content\/uploads\/2023\/03\/Moto.jpg?resize=1024%2C570&amp;ssl=1 1024w, https:\/\/i0.wp.com\/cdnoticias.com\/wp-content\/uploads\/2023\/03\/Moto.jpg?resize=300%2C167&amp;ssl=1 300w, https:\/\/i0.wp.com\/cdnoticias.com\/wp-content\/uploads\/2023\/03\/Moto.jpg?resize=768%2C427&amp;ssl=1 768w, https:\/\/i0.wp.com\/cdnoticias.com\/wp-content\/uploads\/2023\/03\/Moto.jpg?resize=1536%2C854&amp;ssl=1 1536w, https:\/\/i0.wp.com\/cdnoticias.com\/wp-content\/uploads\/2023\/03\/Moto.jpg?resize=800%2C445&amp;ssl=1 800w, https:\/\/i0.wp.com\/cdnoticias.com\/wp-content\/uploads\/2023\/03\/Moto.jpg?w=1600&amp;ssl=1 1600w\" sizes=\"auto, (max-width: 800px) 100vw, 800px\" \/><\/p>\n<p>&nbsp;<\/p>\n<p>Tras el operativo <strong>se secuestr\u00f3 la moto marca Honda, modelo XR 125, que ser\u00e1 entregada a su propietario<\/strong> y se traslad\u00f3 al acusado a la seccional de la Comisaria Segunda donde permanecer\u00e1 alojado.<\/p>\n<p>&nbsp;<\/p>\n<p>&nbsp;<\/p>\n<p>&nbsp;<\/p>\n","protected":false},"excerpt":{"rendered":"<p>Tras la denuncia del hecho, en la tarde de este viernes personal de la Comisar\u00eda Segunda detuvo a un hombre.<\/p>\n","protected":false},"author":4,"featured_media":81154,"comment_status":"closed","ping_status":"closed","sticky":false,"template":"","format":"standard","meta":{"_jetpack_memberships_contains_paid_content":false,"footnotes":""},"categories":[14,1],"tags":[],"class_list":["post-81153","post","type-post","status-publish","format-standard","has-post-thumbnail","hentry","category-policiales","category-portada"],"jetpack_featured_media_url":"https:\/\/i0.wp.com\/cdnoticias.com\/wp-content\/uploads\/2023\/03\/Acusado.jpg?fit=900%2C500&ssl=1","jetpack_sharing_enabled":true,"_links":{"self":[{"href":"https:\/\/cdnoticias.com\/index.php\/wp-json\/wp\/v2\/posts\/81153","targetHints":{"allow":["GET"]}}],"collection":[{"href":"https:\/\/cdnoticias.com\/index.php\/wp-json\/wp\/v2\/posts"}],"about":[{"href":"https:\/\/cdnoticias.com\/index.php\/wp-json\/wp\/v2\/types\/post"}],"author":[{"embeddable":true,"href":"https:\/\/cdnoticias.com\/index.php\/wp-json\/wp\/v2\/users\/4"}],"replies":[{"embeddable":true,"href":"https:\/\/cdnoticias.com\/index.php\/wp-json\/wp\/v2\/comments?post=81153"}],"version-history":[{"count":0,"href":"https:\/\/cdnoticias.com\/index.php\/wp-json\/wp\/v2\/posts\/81153\/revisions"}],"wp:featuredmedia":[{"embeddable":true,"href":"https:\/\/cdnoticias.com\/index.php\/wp-json\/wp\/v2\/media\/81154"}],"wp:attachment":[{"href":"https:\/\/cdnoticias.com\/index.php\/wp-json\/wp\/v2\/media?parent=81153"}],"wp:term":[{"taxonomy":"category","embeddable":true,"href":"https:\/\/cdnoticias.com\/index.php\/wp-json\/wp\/v2\/categories?post=81153"},{"taxonomy":"post_tag","embeddable":true,"href":"https:\/\/cdnoticias.com\/index.php\/wp-json\/wp\/v2\/tags?post=81153"}],"curies":[{"name":"wp","href":"https:\/\/api.w.org\/{rel}","templated":true}]}}