{"id":81141,"date":"2023-04-01T11:49:17","date_gmt":"2023-04-01T14:49:17","guid":{"rendered":"https:\/\/www.centraldenoticias.com.ar\/?p=81141"},"modified":"2023-04-01T11:49:55","modified_gmt":"2023-04-01T14:49:55","slug":"andrea-coronel-participo-del-encuentro-de-mujeres-bullrichistas","status":"publish","type":"post","link":"https:\/\/cdnoticias.com\/index.php\/2023\/04\/01\/andrea-coronel-participo-del-encuentro-de-mujeres-bullrichistas\/","title":{"rendered":"Andrea Coronel, particip\u00f3 del encuentro de \u201cMujeres Bullrichistas\u201d"},"content":{"rendered":"<p>La dirigente vecinalista se mostr\u00f3 en un acto realizado este jueves cerca de la precandidata a presidenta Patricia Bullrich.<!--more--><\/p>\n<hr \/>\n<p>La <strong>vecinalista Andrea Coronel<\/strong> particip\u00f3 del encuentro que tuvo como protagonista a la <strong>precandidata a presidenta Patricia Bullrich, pero tambi\u00e9n a m\u00e1s de 900 mujeres militantes<\/strong>. Fue en el Club Sportivo Italiano, de La Matanza y organizado por las legisladoras bonaerenses Florencia Retamoso y Lorena Petrovich, del c\u00edrculo bullrichista.<\/p>\n<p>&nbsp;<\/p>\n<p><img data-recalc-dims=\"1\" loading=\"lazy\" decoding=\"async\" class=\"alignnone wp-image-81143 size-large\" src=\"https:\/\/i0.wp.com\/cdnoticias.com\/wp-content\/uploads\/2023\/03\/Andrea-Coronel02.jpg?resize=800%2C445&#038;ssl=1\" alt=\"\" width=\"800\" height=\"445\" srcset=\"https:\/\/i0.wp.com\/cdnoticias.com\/wp-content\/uploads\/2023\/03\/Andrea-Coronel02.jpg?resize=1024%2C569&amp;ssl=1 1024w, https:\/\/i0.wp.com\/cdnoticias.com\/wp-content\/uploads\/2023\/03\/Andrea-Coronel02.jpg?resize=300%2C167&amp;ssl=1 300w, https:\/\/i0.wp.com\/cdnoticias.com\/wp-content\/uploads\/2023\/03\/Andrea-Coronel02.jpg?resize=768%2C427&amp;ssl=1 768w, https:\/\/i0.wp.com\/cdnoticias.com\/wp-content\/uploads\/2023\/03\/Andrea-Coronel02.jpg?resize=800%2C445&amp;ssl=1 800w, https:\/\/i0.wp.com\/cdnoticias.com\/wp-content\/uploads\/2023\/03\/Andrea-Coronel02.jpg?w=1087&amp;ssl=1 1087w\" sizes=\"auto, (max-width: 800px) 100vw, 800px\" \/><\/p>\n<p>&nbsp;<\/p>\n<p>La multitud, de mujeres, fue muy importante. <strong>\u201cNos quisieron hacer creer que la pol\u00edtica era cosa de hombres y no es as\u00ed,<\/strong> hoy les estamos mostrando que se han equivocado manifest\u00f3 Coronel quien fue una de las oradoras del encuentro.<\/p>\n<p>&nbsp;<\/p>\n<blockquote><p>Continu\u00f3: &#8220;Patricia muestra cada d\u00eda, que tiene la fuerza y el coraje para sacar el pa\u00eds adelante y cada una de ustedes tiene que ser efecto multiplicador, ser protagonistas, tenemos que tener m\u00e1s mujeres legisladoras, m\u00e1s mujeres intendentes porque tenemos la capacidad, la valent\u00eda y la sensibilidad social y porque sabemos c\u00f3mo hacerlo, no somos m\u00e1s,\u00a0 pero tampoco somos menos&#8221;, resalt\u00f3 la dirigente vecinalista quien estuvo acompa\u00f1ada por referentes de los distritos de Azul, Alvear, Bol\u00edvar y 25 de Mayo quienes viajaron\u00a0 para apoyar a la presidenta del PRO.<\/p><\/blockquote>\n<p>&nbsp;<\/p>\n<p><img data-recalc-dims=\"1\" loading=\"lazy\" decoding=\"async\" class=\"alignnone size-large wp-image-81144\" src=\"https:\/\/i0.wp.com\/cdnoticias.com\/wp-content\/uploads\/2023\/03\/Andrea-Coronel01.jpg?resize=800%2C445&#038;ssl=1\" alt=\"\" width=\"800\" height=\"445\" srcset=\"https:\/\/i0.wp.com\/cdnoticias.com\/wp-content\/uploads\/2023\/03\/Andrea-Coronel01.jpg?resize=1024%2C569&amp;ssl=1 1024w, https:\/\/i0.wp.com\/cdnoticias.com\/wp-content\/uploads\/2023\/03\/Andrea-Coronel01.jpg?resize=300%2C167&amp;ssl=1 300w, https:\/\/i0.wp.com\/cdnoticias.com\/wp-content\/uploads\/2023\/03\/Andrea-Coronel01.jpg?resize=768%2C427&amp;ssl=1 768w, https:\/\/i0.wp.com\/cdnoticias.com\/wp-content\/uploads\/2023\/03\/Andrea-Coronel01.jpg?resize=800%2C445&amp;ssl=1 800w, https:\/\/i0.wp.com\/cdnoticias.com\/wp-content\/uploads\/2023\/03\/Andrea-Coronel01.jpg?w=1066&amp;ssl=1 1066w\" sizes=\"auto, (max-width: 800px) 100vw, 800px\" \/><\/p>\n<p>Al subir al escenario,<strong> Bullrich dio un discurso de cerca de 45 minutos, donde su punto central fue la seguridad<\/strong>. En ese eje, enumer\u00f3 casos de inseguridad ocurridos en ese distrito del conurbano, y dijo: \u201cpara los que hoy gobiernan, la vida no vale nada. Hay que tener una mano firme contra los delincuentes\u201d. En el contexto de &#8220;la escalada narco en Rosario&#8221;, Bullrich llam\u00f3 a dar una \u201cguerra sin cuartel\u201d contra el crimen organizado. \u201cCon nosotros los narcotraficantes no van a joder\u201d, sostuvo.<\/p>\n<p>&nbsp;<\/p>\n","protected":false},"excerpt":{"rendered":"<p>La dirigente vecinalista se mostr\u00f3 en un acto realizado este jueves cerca de la precandidata a presidenta Patricia Bullrich.<\/p>\n","protected":false},"author":4,"featured_media":81142,"comment_status":"closed","ping_status":"closed","sticky":false,"template":"","format":"standard","meta":{"_jetpack_memberships_contains_paid_content":false,"footnotes":""},"categories":[4,1],"tags":[],"class_list":["post-81141","post","type-post","status-publish","format-standard","has-post-thumbnail","hentry","category-politica","category-portada"],"jetpack_featured_media_url":"https:\/\/i0.wp.com\/cdnoticias.com\/wp-content\/uploads\/2023\/03\/Andrea-Coronel03.jpg?fit=1016%2C566&ssl=1","jetpack_sharing_enabled":true,"_links":{"self":[{"href":"https:\/\/cdnoticias.com\/index.php\/wp-json\/wp\/v2\/posts\/81141","targetHints":{"allow":["GET"]}}],"collection":[{"href":"https:\/\/cdnoticias.com\/index.php\/wp-json\/wp\/v2\/posts"}],"about":[{"href":"https:\/\/cdnoticias.com\/index.php\/wp-json\/wp\/v2\/types\/post"}],"author":[{"embeddable":true,"href":"https:\/\/cdnoticias.com\/index.php\/wp-json\/wp\/v2\/users\/4"}],"replies":[{"embeddable":true,"href":"https:\/\/cdnoticias.com\/index.php\/wp-json\/wp\/v2\/comments?post=81141"}],"version-history":[{"count":0,"href":"https:\/\/cdnoticias.com\/index.php\/wp-json\/wp\/v2\/posts\/81141\/revisions"}],"wp:featuredmedia":[{"embeddable":true,"href":"https:\/\/cdnoticias.com\/index.php\/wp-json\/wp\/v2\/media\/81142"}],"wp:attachment":[{"href":"https:\/\/cdnoticias.com\/index.php\/wp-json\/wp\/v2\/media?parent=81141"}],"wp:term":[{"taxonomy":"category","embeddable":true,"href":"https:\/\/cdnoticias.com\/index.php\/wp-json\/wp\/v2\/categories?post=81141"},{"taxonomy":"post_tag","embeddable":true,"href":"https:\/\/cdnoticias.com\/index.php\/wp-json\/wp\/v2\/tags?post=81141"}],"curies":[{"name":"wp","href":"https:\/\/api.w.org\/{rel}","templated":true}]}}