{"id":81123,"date":"2023-03-31T17:12:31","date_gmt":"2023-03-31T20:12:31","guid":{"rendered":"https:\/\/www.centraldenoticias.com.ar\/?p=81123"},"modified":"2023-03-31T20:22:30","modified_gmt":"2023-03-31T23:22:30","slug":"aprehendieron-a-la-pareja-de-la-joven-que-ingreso-al-hospital-con-quemaduras","status":"publish","type":"post","link":"https:\/\/cdnoticias.com\/index.php\/2023\/03\/31\/aprehendieron-a-la-pareja-de-la-joven-que-ingreso-al-hospital-con-quemaduras\/","title":{"rendered":"Aprehendieron a la pareja de la joven que ingres\u00f3 al Hospital con quemaduras"},"content":{"rendered":"<p>El hecho se caratul\u00f3 como &#8220;homicidio doblemente agravado por el v\u00ednculo y por haber sido perpetuado por un hombre en perjuicio de una mujer mediando violencia de g\u00e9nero en grado de tentativa y en contexto de violencia familiar y de g\u00e9nero&#8221;. La joven de 20 a\u00f1os contin\u00faa internada. <!--more--><\/p>\n<hr \/>\n<p>En la tarde de este viernes <strong>aprehendieron a la pareja<\/strong> de la <a href=\"https:\/\/cdnoticias.com\/index.php\/2023\/03\/31\/se-inicio-la-investigacion-en-la-busqueda-de-elementos-por-el-caso-de-la-joven-quemada\/\" target=\"_blank\" rel=\"noopener\">joven que ingres\u00f3 al Hospital Municipal con quemaduras<\/a> y que a\u00fan <strong>contin\u00faa internada en terapia intensiva.\u00a0<\/strong><\/p>\n<p>&nbsp;<\/p>\n<p>Fue luego de las <strong>pruebas recolectadas y pericias realizadas en el lugar<\/strong> del hecho (calle 8 al 1600) y a ra\u00edz de testimonios recogidos.<\/p>\n<p>&nbsp;<\/p>\n<p>El hecho se caratul\u00f3 <em><strong>&#8220;<\/strong><strong><em>homi<\/em>cidio doblemente agravado por el v\u00ednculo y por haber sido perpetuado por un hombre en perjuicio de una mujer mediando violencia de g\u00e9nero en grado de tentativa y en contexto de violencia familiar y de g\u00e9nero&#8221;.<\/strong><\/em><\/p>\n<p>&nbsp;<\/p>\n<p>El hombre est\u00e1 aprehendido a disposici\u00f3n de la Fiscal\u00eda. Interviene en el hecho la UFI N\u00ba5 a cargo de la Dra.<strong> Mar\u00eda Paula Serrano.\u00a0<\/strong><\/p>\n<p>&nbsp;<\/p>\n<p>&nbsp;<\/p>\n","protected":false},"excerpt":{"rendered":"<p>El hecho se caratul\u00f3 como &#8220;homicidio doblemente agravado por el v\u00ednculo y por haber sido perpetuado por un hombre en<\/p>\n","protected":false},"author":6,"featured_media":81124,"comment_status":"closed","ping_status":"closed","sticky":false,"template":"","format":"standard","meta":{"_jetpack_memberships_contains_paid_content":false,"footnotes":""},"categories":[14,1],"tags":[],"class_list":["post-81123","post","type-post","status-publish","format-standard","has-post-thumbnail","hentry","category-policiales","category-portada"],"jetpack_featured_media_url":"https:\/\/i0.wp.com\/cdnoticias.com\/wp-content\/uploads\/2023\/03\/policia.png?fit=618%2C415&ssl=1","jetpack_sharing_enabled":true,"_links":{"self":[{"href":"https:\/\/cdnoticias.com\/index.php\/wp-json\/wp\/v2\/posts\/81123","targetHints":{"allow":["GET"]}}],"collection":[{"href":"https:\/\/cdnoticias.com\/index.php\/wp-json\/wp\/v2\/posts"}],"about":[{"href":"https:\/\/cdnoticias.com\/index.php\/wp-json\/wp\/v2\/types\/post"}],"author":[{"embeddable":true,"href":"https:\/\/cdnoticias.com\/index.php\/wp-json\/wp\/v2\/users\/6"}],"replies":[{"embeddable":true,"href":"https:\/\/cdnoticias.com\/index.php\/wp-json\/wp\/v2\/comments?post=81123"}],"version-history":[{"count":0,"href":"https:\/\/cdnoticias.com\/index.php\/wp-json\/wp\/v2\/posts\/81123\/revisions"}],"wp:featuredmedia":[{"embeddable":true,"href":"https:\/\/cdnoticias.com\/index.php\/wp-json\/wp\/v2\/media\/81124"}],"wp:attachment":[{"href":"https:\/\/cdnoticias.com\/index.php\/wp-json\/wp\/v2\/media?parent=81123"}],"wp:term":[{"taxonomy":"category","embeddable":true,"href":"https:\/\/cdnoticias.com\/index.php\/wp-json\/wp\/v2\/categories?post=81123"},{"taxonomy":"post_tag","embeddable":true,"href":"https:\/\/cdnoticias.com\/index.php\/wp-json\/wp\/v2\/tags?post=81123"}],"curies":[{"name":"wp","href":"https:\/\/api.w.org\/{rel}","templated":true}]}}