{"id":8109,"date":"2020-12-03T18:30:11","date_gmt":"2020-12-03T21:30:11","guid":{"rendered":"http:\/\/www.centraldenoticias.com.ar\/?p=8109"},"modified":"2020-12-04T08:56:24","modified_gmt":"2020-12-04T11:56:24","slug":"marcado-descenso-de-casos-este-jueves-hubo-9-positivos-de-covid-19","status":"publish","type":"post","link":"https:\/\/cdnoticias.com\/index.php\/2020\/12\/03\/marcado-descenso-de-casos-este-jueves-hubo-9-positivos-de-covid-19\/","title":{"rendered":"Marcado descenso de casos: este jueves hubo 9 positivos de Covid-19"},"content":{"rendered":"<p>&nbsp;<\/p>\n<p>Adem\u00e1s, 28 pacientes recibieron el alta m\u00e9dica y se descartaron 45 casos sospechosos. Hay 3 pacientes en Unidad de Terapia intensiva y 7 en Cuidados Generales.<!--more--><\/p>\n<hr \/>\n<p>La secretar\u00eda de Salud del Gobierno Municipal inform\u00f3 que <strong>este jueves se registraron 9 nuevos casos de Covid-19<\/strong> en el partido de Olavarr\u00eda, hubo 28 pacientes que recibieron el alta m\u00e9dica y se descartaron 45. De esta forma, <strong>el total de pacientes activos es de 112.<\/strong><\/p>\n<p>&nbsp;<\/p>\n<p>En el d\u00eda de la fecha se realizaron 54 testeos y m\u00e1s de 11.700 desde el comienzo de la pandemia.<\/p>\n<p>&nbsp;<\/p>\n<p><img data-recalc-dims=\"1\" loading=\"lazy\" decoding=\"async\" class=\"alignnone size-large wp-image-8112\" src=\"https:\/\/i0.wp.com\/cdnoticias.com\/wp-content\/uploads\/2020\/12\/parte-2.jpg?resize=800%2C405&#038;ssl=1\" alt=\"\" width=\"800\" height=\"405\" srcset=\"https:\/\/i0.wp.com\/cdnoticias.com\/wp-content\/uploads\/2020\/12\/parte-2.jpg?resize=1024%2C518&amp;ssl=1 1024w, https:\/\/i0.wp.com\/cdnoticias.com\/wp-content\/uploads\/2020\/12\/parte-2.jpg?resize=300%2C152&amp;ssl=1 300w, https:\/\/i0.wp.com\/cdnoticias.com\/wp-content\/uploads\/2020\/12\/parte-2.jpg?resize=768%2C388&amp;ssl=1 768w, https:\/\/i0.wp.com\/cdnoticias.com\/wp-content\/uploads\/2020\/12\/parte-2.jpg?w=1175&amp;ssl=1 1175w\" sizes=\"auto, (max-width: 800px) 100vw, 800px\" \/><\/p>\n<p>&nbsp;<\/p>\n<blockquote><p>Los positivos dela jornada corresponden a <strong>nexos con positivos anteriores.<\/strong> Este viernes se llevar\u00e1 a cabo una nueva jornada del RTA en el CAPS 4 de Colonia Hinojo.<\/p><\/blockquote>\n<p>&nbsp;<\/p>\n<p>Sobre el estado actual del Hospital Municipal \u201cDr. H\u00e9ctor Cura\u201d, se indic\u00f3 que<strong> hay 3 pacientes en Unidad de Terapia Intensiva y 7 en Cuidados Generales. No hay internados en el sector de Pediatr\u00eda.<\/strong><\/p>\n<p>&nbsp;<\/p>\n<p><img data-recalc-dims=\"1\" loading=\"lazy\" decoding=\"async\" class=\"alignnone size-large wp-image-8114\" src=\"https:\/\/i0.wp.com\/cdnoticias.com\/wp-content\/uploads\/2020\/12\/WhatsApp-Image-2020-12-03-at-18.22.51.jpeg?resize=800%2C800&#038;ssl=1\" alt=\"\" width=\"800\" height=\"800\" srcset=\"https:\/\/i0.wp.com\/cdnoticias.com\/wp-content\/uploads\/2020\/12\/WhatsApp-Image-2020-12-03-at-18.22.51.jpeg?resize=1024%2C1024&amp;ssl=1 1024w, https:\/\/i0.wp.com\/cdnoticias.com\/wp-content\/uploads\/2020\/12\/WhatsApp-Image-2020-12-03-at-18.22.51.jpeg?resize=150%2C150&amp;ssl=1 150w, https:\/\/i0.wp.com\/cdnoticias.com\/wp-content\/uploads\/2020\/12\/WhatsApp-Image-2020-12-03-at-18.22.51.jpeg?resize=300%2C300&amp;ssl=1 300w, https:\/\/i0.wp.com\/cdnoticias.com\/wp-content\/uploads\/2020\/12\/WhatsApp-Image-2020-12-03-at-18.22.51.jpeg?resize=768%2C768&amp;ssl=1 768w, https:\/\/i0.wp.com\/cdnoticias.com\/wp-content\/uploads\/2020\/12\/WhatsApp-Image-2020-12-03-at-18.22.51.jpeg?w=1280&amp;ssl=1 1280w\" sizes=\"auto, (max-width: 800px) 100vw, 800px\" \/><\/p>\n<p>&nbsp;<\/p>\n<p>En este sentido, desde la Secretar\u00eda de Salud Municipal aseguraron que<strong> el 87% de los casos positivos corresponden a personas con menos de 60 a\u00f1os y el 13% a mayores de 60 a\u00f1os.<\/strong><\/p>\n","protected":false},"excerpt":{"rendered":"<p>&nbsp; Adem\u00e1s, 28 pacientes recibieron el alta m\u00e9dica y se descartaron 45 casos sospechosos. Hay 3 pacientes en Unidad de<\/p>\n","protected":false},"author":5,"featured_media":8110,"comment_status":"closed","ping_status":"closed","sticky":false,"template":"","format":"standard","meta":{"_jetpack_memberships_contains_paid_content":false,"footnotes":""},"categories":[5,1],"tags":[],"class_list":["post-8109","post","type-post","status-publish","format-standard","has-post-thumbnail","hentry","category-informacion-general","category-portada"],"jetpack_featured_media_url":"https:\/\/i0.wp.com\/cdnoticias.com\/wp-content\/uploads\/2020\/12\/Salud-Testeos-Intensivos-T6-CIC-4-1024x682.jpg?fit=1024%2C682&ssl=1","jetpack_sharing_enabled":true,"_links":{"self":[{"href":"https:\/\/cdnoticias.com\/index.php\/wp-json\/wp\/v2\/posts\/8109","targetHints":{"allow":["GET"]}}],"collection":[{"href":"https:\/\/cdnoticias.com\/index.php\/wp-json\/wp\/v2\/posts"}],"about":[{"href":"https:\/\/cdnoticias.com\/index.php\/wp-json\/wp\/v2\/types\/post"}],"author":[{"embeddable":true,"href":"https:\/\/cdnoticias.com\/index.php\/wp-json\/wp\/v2\/users\/5"}],"replies":[{"embeddable":true,"href":"https:\/\/cdnoticias.com\/index.php\/wp-json\/wp\/v2\/comments?post=8109"}],"version-history":[{"count":0,"href":"https:\/\/cdnoticias.com\/index.php\/wp-json\/wp\/v2\/posts\/8109\/revisions"}],"wp:featuredmedia":[{"embeddable":true,"href":"https:\/\/cdnoticias.com\/index.php\/wp-json\/wp\/v2\/media\/8110"}],"wp:attachment":[{"href":"https:\/\/cdnoticias.com\/index.php\/wp-json\/wp\/v2\/media?parent=8109"}],"wp:term":[{"taxonomy":"category","embeddable":true,"href":"https:\/\/cdnoticias.com\/index.php\/wp-json\/wp\/v2\/categories?post=8109"},{"taxonomy":"post_tag","embeddable":true,"href":"https:\/\/cdnoticias.com\/index.php\/wp-json\/wp\/v2\/tags?post=8109"}],"curies":[{"name":"wp","href":"https:\/\/api.w.org\/{rel}","templated":true}]}}