{"id":80973,"date":"2023-03-30T11:26:22","date_gmt":"2023-03-30T14:26:22","guid":{"rendered":"https:\/\/www.centraldenoticias.com.ar\/?p=80973"},"modified":"2023-03-30T11:26:22","modified_gmt":"2023-03-30T14:26:22","slug":"este-viernes-se-izara-la-bandera-travesti-trans","status":"publish","type":"post","link":"https:\/\/cdnoticias.com\/index.php\/2023\/03\/30\/este-viernes-se-izara-la-bandera-travesti-trans\/","title":{"rendered":"Este viernes se izar\u00e1 la bandera travesti trans"},"content":{"rendered":"<p>Ser\u00e1 en el m\u00e1stil de Brown y V\u00e9lez Sarsfield con una convocatoria desde las 16. Se conmemora el D\u00eda Internacional de la Visibilidad Travesti Trans.<\/p>\n<p><!--more--><\/p>\n<hr \/>\n<p><strong>Cada 31 de marzo se conmemora el D\u00eda Internacional de la Visibilidad Travesti Trans<\/strong> y para este viernes se organiz\u00f3 un encuentro desde el Espacio de Diversidad Sexual y Disidencias del Sindicato de Trabajadores Municipales de Olavarr\u00eda.<\/p>\n<p>&nbsp;<\/p>\n<p>A partir de <strong>las 16<\/strong> se realizar\u00e1 una ceremonia de<strong> izamiento de la Bandera Travesti Trans<\/strong> en el m\u00e1stil ubicado en inmediaciones de <strong>Brown y V\u00e9lez Sarsfield.<\/strong><\/p>\n<p>&nbsp;<\/p>\n<p>La propuesta es<strong> abierta a toda la comunidad<\/strong> y con la intenci\u00f3n de compartir una mateada en ese sector del parque.<\/p>\n<p>&nbsp;<\/p>\n<blockquote><p>\u201cDesde 2009, todos los 31 de marzo se conmemora a nivel internacional el D\u00eda de la Visibilidad Travesti Trans, una fecha que busca generar conciencia sobre este colectivo que debe enfrentar diariamente situaciones de vulneraci\u00f3n de sus derechos, estigmatizaci\u00f3n, discriminaci\u00f3n, violencia, discursos y cr\u00edmenes de odio\u201d se destac\u00f3 sobre la fecha.<\/p><\/blockquote>\n<p>&nbsp;<\/p>\n","protected":false},"excerpt":{"rendered":"<p>Ser\u00e1 en el m\u00e1stil de Brown y V\u00e9lez Sarsfield con una convocatoria desde las 16. Se conmemora el D\u00eda Internacional<\/p>\n","protected":false},"author":4,"featured_media":80974,"comment_status":"closed","ping_status":"closed","sticky":false,"template":"","format":"standard","meta":{"_jetpack_memberships_contains_paid_content":false,"footnotes":""},"categories":[3,1],"tags":[],"class_list":["post-80973","post","type-post","status-publish","format-standard","has-post-thumbnail","hentry","category-genero","category-portada"],"jetpack_featured_media_url":"https:\/\/i0.wp.com\/cdnoticias.com\/wp-content\/uploads\/2023\/03\/travesti-trans-bandera.jpg?fit=800%2C445&ssl=1","jetpack_sharing_enabled":true,"_links":{"self":[{"href":"https:\/\/cdnoticias.com\/index.php\/wp-json\/wp\/v2\/posts\/80973","targetHints":{"allow":["GET"]}}],"collection":[{"href":"https:\/\/cdnoticias.com\/index.php\/wp-json\/wp\/v2\/posts"}],"about":[{"href":"https:\/\/cdnoticias.com\/index.php\/wp-json\/wp\/v2\/types\/post"}],"author":[{"embeddable":true,"href":"https:\/\/cdnoticias.com\/index.php\/wp-json\/wp\/v2\/users\/4"}],"replies":[{"embeddable":true,"href":"https:\/\/cdnoticias.com\/index.php\/wp-json\/wp\/v2\/comments?post=80973"}],"version-history":[{"count":0,"href":"https:\/\/cdnoticias.com\/index.php\/wp-json\/wp\/v2\/posts\/80973\/revisions"}],"wp:featuredmedia":[{"embeddable":true,"href":"https:\/\/cdnoticias.com\/index.php\/wp-json\/wp\/v2\/media\/80974"}],"wp:attachment":[{"href":"https:\/\/cdnoticias.com\/index.php\/wp-json\/wp\/v2\/media?parent=80973"}],"wp:term":[{"taxonomy":"category","embeddable":true,"href":"https:\/\/cdnoticias.com\/index.php\/wp-json\/wp\/v2\/categories?post=80973"},{"taxonomy":"post_tag","embeddable":true,"href":"https:\/\/cdnoticias.com\/index.php\/wp-json\/wp\/v2\/tags?post=80973"}],"curies":[{"name":"wp","href":"https:\/\/api.w.org\/{rel}","templated":true}]}}