{"id":80918,"date":"2023-05-02T10:41:36","date_gmt":"2023-05-02T13:41:36","guid":{"rendered":"https:\/\/www.centraldenoticias.com.ar\/?p=80918"},"modified":"2023-05-02T10:41:50","modified_gmt":"2023-05-02T13:41:50","slug":"galeria-de-la-escuela-al-centro-cultural-san-jose","status":"publish","type":"post","link":"https:\/\/cdnoticias.com\/index.php\/2023\/05\/02\/galeria-de-la-escuela-al-centro-cultural-san-jose\/","title":{"rendered":"&#8220;Galer\u00eda de la escuela&#8221; estar\u00e1 en el Centro Cultural San Jos\u00e9"},"content":{"rendered":"<p>Es un proyecto de la Escuela Municipal de Artes Pl\u00e1sticas de Sierras Bayas. La muestra de los artistas Daniel Fitte y Santiago Rey estar\u00e1 expuesta a partir del s\u00e1bado 6 de mayo.<br \/>\n<!--more--><\/p>\n<hr \/>\n<p>El <strong>Centro Cultural Municipal \u201cSan Jos\u00e9\u201d<\/strong> ser\u00e1 sede de distintas propuestas vinculadas a las <strong>artes pl\u00e1sticas.\u00a0<\/strong><\/p>\n<p>&nbsp;<\/p>\n<p>Entre ellas, la muestra &#8220;<em><strong>Galer\u00eda de la escuela<\/strong><\/em>&#8220;, de los artistas <strong>Daniel Fitte y Santiago O. Rey<\/strong>, la cual estar\u00e1 expuesta a partir del <strong>s\u00e1bado 6 de mayo<\/strong>. Galer\u00eda de la Escuela es un proyecto de la Escuela Municipal de Artes Pl\u00e1sticas de Sierras Bayas, coordinado por Daniel Fitte y Santiago O. Rey.<\/p>\n<p>&nbsp;<\/p>\n<p><strong>Galer\u00eda de la Escuela es una casa abierta de paredes que se pueden atravesar<\/strong>. Tiene l\u00edmites necesarios y provisorios que posibilitan el encuentro y desencadenan el contagio, como cuando nos da risa ver a alguien re\u00edrse. Es una caja de herramientas para poner en marcha un conjunto de actividades a partir de las cuales pensar y producir: programas educativos, muestras, publicaciones, proyecciones de pel\u00edculas, grupos de estudio, ferias, y cualquier otro formato que genere contextos que estimulen la pr\u00e1ctica art\u00edstica entendida como la capacidad de cualquier persona de <strong>traer algo al mundo a trav\u00e9s de la imaginaci\u00f3n.<\/strong><\/p>\n<p>&nbsp;<\/p>\n<p>Fomenta, a la vez, el entrenamiento y desarrollo de una sensibilidad capaz de acercarse al arte sin prejuicios o lugares comunes, entendiendo que en la actividad que hacen lxs otrxs hay fundamentos y necesidades que no conocemos y son importantes.<\/p>\n<p>&nbsp;<\/p>\n<p>Sostiene el arte como posibilidad frente al arte entendido \u00fanicamente como un modelo a reproducir. Diluye el juicio de lo que est\u00e1 bien o mal hecho poniendo en un lugar fundamental la capacidad de cada persona de reconocer y valorar sus propias reglas e intereses, e inventar y reconocer otras nuevas. Del mismo modo que todxs nos vestimos, caminamos o hablamos de manera diferente, tambi\u00e9n podemos hacer siguiendo esa singularidad que no est\u00e1 ni bien ni mal, simplemente es nuestra.<\/p>\n<p>&nbsp;<\/p>\n<p><strong>Galer\u00eda de la Escuela no tiene sede fija, tampoco edificio, simplemente porque no lo necesita. Puede existir en una plaza, en un pasillo, en la sala de un museo, en un paisaje. Su marco es la escuela.<\/strong> Galer\u00eda de la Escuela es un punto de partida y no un punto de llegada. Si bien tiene un plan inicial, necesita desarrollar su metabolismo: el modo propio de funcionamiento. Su alimento es el afecto, la curiosidad y el entusiasmo.<\/p>\n<p>&nbsp;<\/p>\n<p><strong>Sobre los autores<\/strong><\/p>\n<p>&nbsp;<\/p>\n<p><strong>Daniel Fitte<\/strong><\/p>\n<p>Daniel Fitte naci\u00f3, vive y trabaja en Sierras Bayas, Partido de Olavarr\u00eda. Se form\u00f3 con los Maestros Miguel \u00c1ngel Galgano, Jorge Melo y con la Maestra Diana Aisenberg. Participa de las cl\u00ednicas de arte dictadas por el artista Tulio de Sagastizabal, en el CIA de CABA. Realiza su trabajo como artista visual basado en el contexto donde reside.<\/p>\n<p>&nbsp;<\/p>\n<p>Con el uso de diversos lenguajes recorre el paisaje, el entorno que lo rodea y la gente de oficio que dan cuerpo a su obra. Expone desde el a\u00f1o 1985 en museos, centros culturales y espacios p\u00fablicos en Argentina y en otros pa\u00edses. Es autor del<em><strong> \u201cMonumento Homenaje al Trabajador del Cemento<\/strong><\/em>\u201d, del Monte de los Fresnos, ambos en su localidad, y del \u201c<em><strong>Sendero de la Memoria<\/strong><\/em>\u201d en el Campus de la Facultad de Ciencias Sociales de Olavarr\u00eda (UNICEN). En el a\u00f1o 2012 la Municipalidad de Olavarr\u00eda adquiere como Patrimonio Cultural su obra <em><strong>\u201cGuantes usados por obreros de una f\u00e1brica productora de cal<\/strong><\/em>\u201d. En 2022 realiza la muestra <em><strong>Ser paisaje,<\/strong> <\/em>en el Museo Mar de Mar del Plata, con la curadur\u00eda de Diana Aisenberg.<\/p>\n<p>&nbsp;<\/p>\n<p>Desarrolla su actividad docente y dirige, desde 1995, la Escuela Municipal de Artes Pl\u00e1sticas de Sierras Bayas. Dicta adem\u00e1s, talleres y cl\u00ednicas de an\u00e1lisis de obras en distintos lugares de la Provincia de Buenos Aires.<\/p>\n<p>&nbsp;<\/p>\n<p><strong>Santiago O. Rey<\/strong><\/p>\n<p>Naci\u00f3 en la Ciudad de Buenos Aires en 1983. Se form\u00f3 como artista con Diana Aisenberg. Desde el a\u00f1o 2011 exhibe su obra tanto en muestras colectivas como individuales.<\/p>\n<p>&nbsp;<\/p>\n<p>Entre las principales muestras se puede destacar: \u00abLos d\u00edas en el mar no cuentan\u00bb (2013) en la Galer\u00eda Isla Flotante de Buenos Aires; \u00abTodo sentido tendr\u00e1 su fiesta de retorno\u00bb (2015) en La Ene, Buenos Aires; \u00abNunca hicimos amistades\u00bb (2017) en la Galer\u00eda Isla Flotante, Buenos Aires; \u00abLa sonrisa del alma sin dientes\u00bb (2018) en Alimentaci\u00f3n General, Buenos Aires; \u00abLeche muerta\u00bb (2019) en Moria Galer\u00eda, Buenos Aires.<\/p>\n<p>&nbsp;<\/p>\n<p>En el 2021 fue seleccionado en el 74\u00b0 Sal\u00f3n Nacional de Rosario \u2013 Castagnino+macro y en el 2022 en el Premio Federico Jorge Klemm. Actualmente vive y trabaja en Olavarr\u00eda, donde se desempe\u00f1a como Docente en la Escuela Municipal de Artes Pl\u00e1sticas de Sierras Bayas.<\/p>\n","protected":false},"excerpt":{"rendered":"<p>Es un proyecto de la Escuela Municipal de Artes Pl\u00e1sticas de Sierras Bayas. La muestra de los artistas Daniel Fitte<\/p>\n","protected":false},"author":6,"featured_media":0,"comment_status":"closed","ping_status":"closed","sticky":false,"template":"","format":"standard","meta":{"_jetpack_memberships_contains_paid_content":false,"footnotes":""},"categories":[9,1],"tags":[],"class_list":["post-80918","post","type-post","status-publish","format-standard","hentry","category-cultura","category-portada"],"jetpack_featured_media_url":"","jetpack_sharing_enabled":true,"_links":{"self":[{"href":"https:\/\/cdnoticias.com\/index.php\/wp-json\/wp\/v2\/posts\/80918","targetHints":{"allow":["GET"]}}],"collection":[{"href":"https:\/\/cdnoticias.com\/index.php\/wp-json\/wp\/v2\/posts"}],"about":[{"href":"https:\/\/cdnoticias.com\/index.php\/wp-json\/wp\/v2\/types\/post"}],"author":[{"embeddable":true,"href":"https:\/\/cdnoticias.com\/index.php\/wp-json\/wp\/v2\/users\/6"}],"replies":[{"embeddable":true,"href":"https:\/\/cdnoticias.com\/index.php\/wp-json\/wp\/v2\/comments?post=80918"}],"version-history":[{"count":0,"href":"https:\/\/cdnoticias.com\/index.php\/wp-json\/wp\/v2\/posts\/80918\/revisions"}],"wp:attachment":[{"href":"https:\/\/cdnoticias.com\/index.php\/wp-json\/wp\/v2\/media?parent=80918"}],"wp:term":[{"taxonomy":"category","embeddable":true,"href":"https:\/\/cdnoticias.com\/index.php\/wp-json\/wp\/v2\/categories?post=80918"},{"taxonomy":"post_tag","embeddable":true,"href":"https:\/\/cdnoticias.com\/index.php\/wp-json\/wp\/v2\/tags?post=80918"}],"curies":[{"name":"wp","href":"https:\/\/api.w.org\/{rel}","templated":true}]}}