{"id":80910,"date":"2023-03-29T16:00:59","date_gmt":"2023-03-29T19:00:59","guid":{"rendered":"https:\/\/www.centraldenoticias.com.ar\/?p=80910"},"modified":"2023-03-29T18:44:33","modified_gmt":"2023-03-29T21:44:33","slug":"capturaron-a-los-dos-hombres-que-se-fugaron-de-la-comisaria-de-tapalque","status":"publish","type":"post","link":"https:\/\/cdnoticias.com\/index.php\/2023\/03\/29\/capturaron-a-los-dos-hombres-que-se-fugaron-de-la-comisaria-de-tapalque\/","title":{"rendered":"Capturaron a los dos hombres que se fugaron de la Comisar\u00eda de Tapalqu\u00e9"},"content":{"rendered":"<p>Fue en la tarde de este mi\u00e9rcoles. Los hombres habr\u00edan sido encontrados en el camino a San Bernardo, cerca de la localidad. <!--more--><\/p>\n<hr \/>\n<p>En la tarde de este mi\u00e9rcoles<strong> efectivos policiales capturaron a los dos hombres<\/strong> que se<a href=\"https:\/\/cdnoticias.com\/index.php\/2023\/03\/29\/alerta-en-la-region-por-dos-presos-que-se-fugaron-de-la-comisaria-de-tapalque\/\" target=\"_blank\" rel=\"noopener\"> hab\u00edan fugado de la Comisar\u00eda de Tapalqu\u00e9.\u00a0<\/a><\/p>\n<p>&nbsp;<\/p>\n<p>Juan Ram\u00f3n Villalba Barreto, de nacionalidad paraguaya y de 32 a\u00f1os de edad; y Julio Carlos Harika Mendoza, de nacionalidad argentina y de 37 a\u00f1os se hab\u00edan<strong> fugado en la noche de este martes<\/strong> y se habr\u00edan escapado por el techo del patio interno de los calabozos limando los barrotes.<\/p>\n<p>&nbsp;<\/p>\n<p>Seg\u00fan informaron fuentes policiales, <strong>fueron encontrados a 15 kil\u00f3metros de Tapalqu\u00e9 en el camino rural a San Bernardo<\/strong>. El hallazgo se produjo hacia las 14 horas en una vivienda precaria dentro de un campo.<\/p>\n<p>&nbsp;<\/p>\n<blockquote><p>La Municipalidad de Tapalqu\u00e9 inform\u00f3 que &#8220;con el fin de llevar tranquilidad a la poblaci\u00f3n, los dos sujetos que en la noche del 28 de marzo se fugaron de la Estaci\u00f3n Comunal Tapalqu\u00e9, fueron capturados por efectivos policiales&#8221;.<\/p><\/blockquote>\n<p>&nbsp;<\/p>\n","protected":false},"excerpt":{"rendered":"<p>Fue en la tarde de este mi\u00e9rcoles. Los hombres habr\u00edan sido encontrados en el camino a San Bernardo, cerca de<\/p>\n","protected":false},"author":6,"featured_media":80926,"comment_status":"closed","ping_status":"closed","sticky":false,"template":"","format":"standard","meta":{"_jetpack_memberships_contains_paid_content":false,"footnotes":""},"categories":[6,1],"tags":[],"class_list":["post-80910","post","type-post","status-publish","format-standard","has-post-thumbnail","hentry","category-nacionales","category-portada"],"jetpack_featured_media_url":"https:\/\/i0.wp.com\/cdnoticias.com\/wp-content\/uploads\/2023\/03\/presos-fugados-tapalque.jpg?fit=800%2C446&ssl=1","jetpack_sharing_enabled":true,"_links":{"self":[{"href":"https:\/\/cdnoticias.com\/index.php\/wp-json\/wp\/v2\/posts\/80910","targetHints":{"allow":["GET"]}}],"collection":[{"href":"https:\/\/cdnoticias.com\/index.php\/wp-json\/wp\/v2\/posts"}],"about":[{"href":"https:\/\/cdnoticias.com\/index.php\/wp-json\/wp\/v2\/types\/post"}],"author":[{"embeddable":true,"href":"https:\/\/cdnoticias.com\/index.php\/wp-json\/wp\/v2\/users\/6"}],"replies":[{"embeddable":true,"href":"https:\/\/cdnoticias.com\/index.php\/wp-json\/wp\/v2\/comments?post=80910"}],"version-history":[{"count":0,"href":"https:\/\/cdnoticias.com\/index.php\/wp-json\/wp\/v2\/posts\/80910\/revisions"}],"wp:featuredmedia":[{"embeddable":true,"href":"https:\/\/cdnoticias.com\/index.php\/wp-json\/wp\/v2\/media\/80926"}],"wp:attachment":[{"href":"https:\/\/cdnoticias.com\/index.php\/wp-json\/wp\/v2\/media?parent=80910"}],"wp:term":[{"taxonomy":"category","embeddable":true,"href":"https:\/\/cdnoticias.com\/index.php\/wp-json\/wp\/v2\/categories?post=80910"},{"taxonomy":"post_tag","embeddable":true,"href":"https:\/\/cdnoticias.com\/index.php\/wp-json\/wp\/v2\/tags?post=80910"}],"curies":[{"name":"wp","href":"https:\/\/api.w.org\/{rel}","templated":true}]}}