{"id":80882,"date":"2023-03-29T18:41:43","date_gmt":"2023-03-29T21:41:43","guid":{"rendered":"https:\/\/www.centraldenoticias.com.ar\/?p=80882"},"modified":"2023-03-29T19:35:39","modified_gmt":"2023-03-29T22:35:39","slug":"en-un-allanamiento-por-graves-delitos-encontraron-plantas-de-marihuana","status":"publish","type":"post","link":"https:\/\/cdnoticias.com\/index.php\/2023\/03\/29\/en-un-allanamiento-por-graves-delitos-encontraron-plantas-de-marihuana\/","title":{"rendered":"En un allanamiento por graves delitos, encontraron plantas de marihuana"},"content":{"rendered":"<p>Fue en barrio Pueblo Nuevo. Se investigan &#8220;lesiones, amenazas agravadas y privaci\u00f3n ilegal de la libertad&#8221;. <!--more--><\/p>\n<hr \/>\n<p>En el marco <strong>graves delitos<\/strong> denunciados se realiz\u00f3 un<strong> allanamiento en el barrio Pueblo Nuevo<\/strong> con resultado positivo.<\/p>\n<p>&nbsp;<\/p>\n<p>Seg\u00fan se detall\u00f3, el procedimiento tuvo lugar<strong> este mi\u00e9rcoles en una vivienda de General Paz al 1600.<\/strong><\/p>\n<p>&nbsp;<\/p>\n<p>Los hechos que se averiguan son <strong>\u201clesiones, amenazas agravadas y privaci\u00f3n ilegal de la libertad\u201d<\/strong> con intervenci\u00f3n de la UFI N\u00ba17 a cargo de la fiscal Mariela Viceconte del Fuero de Responsabilidad Penal Juvenil.<\/p>\n<p>&nbsp;<\/p>\n<p><img data-recalc-dims=\"1\" loading=\"lazy\" decoding=\"async\" class=\"size-full wp-image-80934 aligncenter\" src=\"https:\/\/i0.wp.com\/cdnoticias.com\/wp-content\/uploads\/2023\/03\/allanamiento-general-paz-al-1600a.jpg?resize=800%2C445&#038;ssl=1\" alt=\"\" width=\"800\" height=\"445\" srcset=\"https:\/\/i0.wp.com\/cdnoticias.com\/wp-content\/uploads\/2023\/03\/allanamiento-general-paz-al-1600a.jpg?w=800&amp;ssl=1 800w, https:\/\/i0.wp.com\/cdnoticias.com\/wp-content\/uploads\/2023\/03\/allanamiento-general-paz-al-1600a.jpg?resize=300%2C167&amp;ssl=1 300w, https:\/\/i0.wp.com\/cdnoticias.com\/wp-content\/uploads\/2023\/03\/allanamiento-general-paz-al-1600a.jpg?resize=768%2C427&amp;ssl=1 768w\" sizes=\"auto, (max-width: 800px) 100vw, 800px\" \/><\/p>\n<p>&nbsp;<\/p>\n<p>La fiscal <strong>solicit\u00f3 una orden de allanamiento que fue otorgada por Javier Barda, juez de Garant\u00edas del Joven.<\/strong><\/p>\n<p>&nbsp;<\/p>\n<blockquote><p>Se inform\u00f3 que se secuestraron cuatro plantas de cannabis sativa como as\u00ed elementos de inter\u00e9s utilizados por los autores para cometer los graves delitos que se les imputan.<\/p><\/blockquote>\n<p>&nbsp;<\/p>\n<p>El operativo estuvo a cargo de personal de la <strong>Comisar\u00eda Primera<\/strong> en tareas conjuntas con<strong> moto polic\u00eda UPPL y GAD escal\u00f3n Olavarr\u00eda.<\/strong><\/p>\n<p>&nbsp;<\/p>\n","protected":false},"excerpt":{"rendered":"<p>Fue en barrio Pueblo Nuevo. Se investigan &#8220;lesiones, amenazas agravadas y privaci\u00f3n ilegal de la libertad&#8221;.<\/p>\n","protected":false},"author":6,"featured_media":80933,"comment_status":"closed","ping_status":"closed","sticky":false,"template":"","format":"standard","meta":{"_jetpack_memberships_contains_paid_content":false,"footnotes":""},"categories":[14,1],"tags":[],"class_list":["post-80882","post","type-post","status-publish","format-standard","has-post-thumbnail","hentry","category-policiales","category-portada"],"jetpack_featured_media_url":"https:\/\/i0.wp.com\/cdnoticias.com\/wp-content\/uploads\/2023\/03\/allanamiento-general-paz-al-1600b.jpg?fit=800%2C444&ssl=1","jetpack_sharing_enabled":true,"_links":{"self":[{"href":"https:\/\/cdnoticias.com\/index.php\/wp-json\/wp\/v2\/posts\/80882","targetHints":{"allow":["GET"]}}],"collection":[{"href":"https:\/\/cdnoticias.com\/index.php\/wp-json\/wp\/v2\/posts"}],"about":[{"href":"https:\/\/cdnoticias.com\/index.php\/wp-json\/wp\/v2\/types\/post"}],"author":[{"embeddable":true,"href":"https:\/\/cdnoticias.com\/index.php\/wp-json\/wp\/v2\/users\/6"}],"replies":[{"embeddable":true,"href":"https:\/\/cdnoticias.com\/index.php\/wp-json\/wp\/v2\/comments?post=80882"}],"version-history":[{"count":0,"href":"https:\/\/cdnoticias.com\/index.php\/wp-json\/wp\/v2\/posts\/80882\/revisions"}],"wp:featuredmedia":[{"embeddable":true,"href":"https:\/\/cdnoticias.com\/index.php\/wp-json\/wp\/v2\/media\/80933"}],"wp:attachment":[{"href":"https:\/\/cdnoticias.com\/index.php\/wp-json\/wp\/v2\/media?parent=80882"}],"wp:term":[{"taxonomy":"category","embeddable":true,"href":"https:\/\/cdnoticias.com\/index.php\/wp-json\/wp\/v2\/categories?post=80882"},{"taxonomy":"post_tag","embeddable":true,"href":"https:\/\/cdnoticias.com\/index.php\/wp-json\/wp\/v2\/tags?post=80882"}],"curies":[{"name":"wp","href":"https:\/\/api.w.org\/{rel}","templated":true}]}}