{"id":80872,"date":"2023-03-29T12:14:27","date_gmt":"2023-03-29T15:14:27","guid":{"rendered":"https:\/\/www.centraldenoticias.com.ar\/?p=80872"},"modified":"2023-03-29T12:38:37","modified_gmt":"2023-03-29T15:38:37","slug":"alerta-en-la-region-por-dos-presos-que-se-fugaron-de-la-comisaria-de-tapalque","status":"publish","type":"post","link":"https:\/\/cdnoticias.com\/index.php\/2023\/03\/29\/alerta-en-la-region-por-dos-presos-que-se-fugaron-de-la-comisaria-de-tapalque\/","title":{"rendered":"Alerta en la regi\u00f3n por dos presos que se fugaron de la Comisar\u00eda de Tapalqu\u00e9"},"content":{"rendered":"<p>Se trata de dos hombres de 32 y 37 a\u00f1os de cuya huida se alert\u00f3 en la noche del martes desde la Municipalidad de ese distrito.<\/p>\n<p><!--more--><\/p>\n<hr \/>\n<p>En la <strong>noche del martes<\/strong> se emiti\u00f3 un <strong>alerta para nuestra regi\u00f3n a ra\u00edz de la fuga<\/strong> de dos personas que estaban detenidas en la <strong>Estaci\u00f3n de Polic\u00eda Comunal de la localidad de Tapalqu\u00e9.<\/strong><\/p>\n<p>&nbsp;<\/p>\n<blockquote><p>Fueron identificados como Juan Ram\u00f3n Villalba Barreto, de nacionalidad paraguaya y de 32 a\u00f1os de edad; y Julio Carlos Harika Mendoza, de nacionalidad argentina y de 37 a\u00f1os.<\/p><\/blockquote>\n<p>&nbsp;<\/p>\n<p>Trascendi\u00f3 que ambos <strong>estaban alojados desde hac\u00eda varios meses<\/strong> en la sede policial de la vecina localidad. Acerca de c\u00f3mo se dio la fuga se estim\u00f3 que <strong>se habr\u00edan escapado por el techo del patio interno de los calabozos limando los barrotes<\/strong>.<\/p>\n<p>&nbsp;<\/p>\n<p><img data-recalc-dims=\"1\" loading=\"lazy\" decoding=\"async\" class=\"size-full wp-image-80874 aligncenter\" src=\"https:\/\/i0.wp.com\/cdnoticias.com\/wp-content\/uploads\/2023\/03\/Tapalque-presos-fugados-0.jpg?resize=500%2C500&#038;ssl=1\" alt=\"\" width=\"500\" height=\"500\" srcset=\"https:\/\/i0.wp.com\/cdnoticias.com\/wp-content\/uploads\/2023\/03\/Tapalque-presos-fugados-0.jpg?w=500&amp;ssl=1 500w, https:\/\/i0.wp.com\/cdnoticias.com\/wp-content\/uploads\/2023\/03\/Tapalque-presos-fugados-0.jpg?resize=300%2C300&amp;ssl=1 300w, https:\/\/i0.wp.com\/cdnoticias.com\/wp-content\/uploads\/2023\/03\/Tapalque-presos-fugados-0.jpg?resize=150%2C150&amp;ssl=1 150w\" sizes=\"auto, (max-width: 500px) 100vw, 500px\" \/><\/p>\n<p>&nbsp;<\/p>\n<p>La Municipalidad de Tapalqu\u00e9 emiti\u00f3 un comunicado para poner en aviso a la poblaci\u00f3n de ese distrito: <strong>\u201cSe ruega a la poblaci\u00f3n permanecer alerta y denunciar cualquier movimiento extra\u00f1o. Mantenga las puertas de sus hogares cerradas\u201d<\/strong>.<\/p>\n<p>&nbsp;<\/p>\n<p>En paralelo, se pudo saber que<strong> la b\u00fasqueda se extendi\u00f3 a toda la regi\u00f3n, incluido Olavarr\u00eda. <\/strong>Asimismo, se pudo saber que tambi\u00e9n <strong>se avanz\u00f3 en la b\u00fasqueda a dos puntos del conurbano bonaerense<\/strong> donde cada uno de los buscados tiene domicilio.<\/p>\n<p>&nbsp;<\/p>\n<p>Fuentes:<em> FM Encuentro y Tapalqu\u00e9 Digital<\/em><\/p>\n<p>&nbsp;<\/p>\n","protected":false},"excerpt":{"rendered":"<p>Se trata de dos hombres de 32 y 37 a\u00f1os de cuya huida se alert\u00f3 en la noche del martes<\/p>\n","protected":false},"author":4,"featured_media":80873,"comment_status":"closed","ping_status":"closed","sticky":false,"template":"","format":"standard","meta":{"_jetpack_memberships_contains_paid_content":false,"footnotes":""},"categories":[6,1],"tags":[],"class_list":["post-80872","post","type-post","status-publish","format-standard","has-post-thumbnail","hentry","category-nacionales","category-portada"],"jetpack_featured_media_url":"https:\/\/i0.wp.com\/cdnoticias.com\/wp-content\/uploads\/2023\/03\/Tapalque-presos-fugados-villalba-barreto-harika-mendoza.jpg?fit=700%2C389&ssl=1","jetpack_sharing_enabled":true,"_links":{"self":[{"href":"https:\/\/cdnoticias.com\/index.php\/wp-json\/wp\/v2\/posts\/80872","targetHints":{"allow":["GET"]}}],"collection":[{"href":"https:\/\/cdnoticias.com\/index.php\/wp-json\/wp\/v2\/posts"}],"about":[{"href":"https:\/\/cdnoticias.com\/index.php\/wp-json\/wp\/v2\/types\/post"}],"author":[{"embeddable":true,"href":"https:\/\/cdnoticias.com\/index.php\/wp-json\/wp\/v2\/users\/4"}],"replies":[{"embeddable":true,"href":"https:\/\/cdnoticias.com\/index.php\/wp-json\/wp\/v2\/comments?post=80872"}],"version-history":[{"count":0,"href":"https:\/\/cdnoticias.com\/index.php\/wp-json\/wp\/v2\/posts\/80872\/revisions"}],"wp:featuredmedia":[{"embeddable":true,"href":"https:\/\/cdnoticias.com\/index.php\/wp-json\/wp\/v2\/media\/80873"}],"wp:attachment":[{"href":"https:\/\/cdnoticias.com\/index.php\/wp-json\/wp\/v2\/media?parent=80872"}],"wp:term":[{"taxonomy":"category","embeddable":true,"href":"https:\/\/cdnoticias.com\/index.php\/wp-json\/wp\/v2\/categories?post=80872"},{"taxonomy":"post_tag","embeddable":true,"href":"https:\/\/cdnoticias.com\/index.php\/wp-json\/wp\/v2\/tags?post=80872"}],"curies":[{"name":"wp","href":"https:\/\/api.w.org\/{rel}","templated":true}]}}