{"id":80828,"date":"2023-03-28T17:34:58","date_gmt":"2023-03-28T20:34:58","guid":{"rendered":"https:\/\/www.centraldenoticias.com.ar\/?p=80828"},"modified":"2023-03-28T17:38:30","modified_gmt":"2023-03-28T20:38:30","slug":"heriberto-esteban-preysegger-blanco-q-e-p-d","status":"publish","type":"post","link":"https:\/\/cdnoticias.com\/index.php\/2023\/03\/28\/heriberto-esteban-preysegger-blanco-q-e-p-d\/","title":{"rendered":"Heriberto Esteban Preysegger &#8220;Blanco&#8221; (Q.E.P.D.)"},"content":{"rendered":"<p>Falleci\u00f3 en Olavarr\u00eda el d\u00eda 28 de marzo de 2023 a los 81 a\u00f1os de edad.<\/p>\n<p>&nbsp;<\/p>\n<p>Su esposa: Alicia Piriz. Su hijo: Claudio Javier Preysegger. Su hija pol\u00edtica: Daniela Ponce. Sus nietos: Mar\u00eda Clara y Jos\u00e9 Esteban Preysegger y dem\u00e1s deudos participan su fallecimiento.<\/p>\n<p>&nbsp;<\/p>\n<p>Velatorio: sala \u201cB\u201d de Espa\u00f1a 2942. A partir de las 8hs. Responso en la Capilla Ardiente.<br \/>\nInhumaci\u00f3n: Cementerio Loma de Paz, mi\u00e9rcoles 29 de marzo a las 9:30 hs. Servicio adherido a Coopelectric.<\/p>\n<p>Viv\u00eda en la zona rural.<\/p>\n<p>&nbsp;<\/p>\n<p>Lugar de nacimiento: Huang\u00fcel\u00e9n.<\/p>\n<p>&nbsp;<\/p>\n<p>Actividad que desarrollaba: Ganadero.<\/p>\n<p>&nbsp;<\/p>\n","protected":false},"excerpt":{"rendered":"<p>Falleci\u00f3 en Olavarr\u00eda el d\u00eda 28 de marzo de 2023 a los 81 a\u00f1os de edad. &nbsp; Su esposa: Alicia<\/p>\n","protected":false},"author":4,"featured_media":67646,"comment_status":"closed","ping_status":"closed","sticky":false,"template":"","format":"standard","meta":{"_jetpack_memberships_contains_paid_content":false,"footnotes":""},"categories":[10],"tags":[],"class_list":["post-80828","post","type-post","status-publish","format-standard","has-post-thumbnail","hentry","category-necrologicas"],"jetpack_featured_media_url":"https:\/\/i0.wp.com\/cdnoticias.com\/wp-content\/uploads\/2022\/10\/necrologicas-390-x-240.jpg?fit=390%2C240&ssl=1","jetpack_sharing_enabled":true,"_links":{"self":[{"href":"https:\/\/cdnoticias.com\/index.php\/wp-json\/wp\/v2\/posts\/80828","targetHints":{"allow":["GET"]}}],"collection":[{"href":"https:\/\/cdnoticias.com\/index.php\/wp-json\/wp\/v2\/posts"}],"about":[{"href":"https:\/\/cdnoticias.com\/index.php\/wp-json\/wp\/v2\/types\/post"}],"author":[{"embeddable":true,"href":"https:\/\/cdnoticias.com\/index.php\/wp-json\/wp\/v2\/users\/4"}],"replies":[{"embeddable":true,"href":"https:\/\/cdnoticias.com\/index.php\/wp-json\/wp\/v2\/comments?post=80828"}],"version-history":[{"count":0,"href":"https:\/\/cdnoticias.com\/index.php\/wp-json\/wp\/v2\/posts\/80828\/revisions"}],"wp:featuredmedia":[{"embeddable":true,"href":"https:\/\/cdnoticias.com\/index.php\/wp-json\/wp\/v2\/media\/67646"}],"wp:attachment":[{"href":"https:\/\/cdnoticias.com\/index.php\/wp-json\/wp\/v2\/media?parent=80828"}],"wp:term":[{"taxonomy":"category","embeddable":true,"href":"https:\/\/cdnoticias.com\/index.php\/wp-json\/wp\/v2\/categories?post=80828"},{"taxonomy":"post_tag","embeddable":true,"href":"https:\/\/cdnoticias.com\/index.php\/wp-json\/wp\/v2\/tags?post=80828"}],"curies":[{"name":"wp","href":"https:\/\/api.w.org\/{rel}","templated":true}]}}