{"id":80825,"date":"2023-03-28T16:31:33","date_gmt":"2023-03-28T19:31:33","guid":{"rendered":"https:\/\/www.centraldenoticias.com.ar\/?p=80825"},"modified":"2023-03-28T17:36:02","modified_gmt":"2023-03-28T20:36:02","slug":"la-provincia-advierte-que-se-atraviesa-el-pico-maximo-de-dengue-y-chikungunya","status":"publish","type":"post","link":"https:\/\/cdnoticias.com\/index.php\/2023\/03\/28\/la-provincia-advierte-que-se-atraviesa-el-pico-maximo-de-dengue-y-chikungunya\/","title":{"rendered":"La Provincia advierte que se atraviesa el pico m\u00e1ximo de dengue y chikungunya"},"content":{"rendered":"<p>Unos 200 casos de dengue y otros 70 de chikungunya, ambos aut\u00f3ctonos, se registraron hasta el momento en territorio bonaerense. Alerta de las autoridades.<!--more--><\/p>\n<hr \/>\n<p>El <strong>ministro de Salud bonaerense, Nicol\u00e1s Kreplak,<\/strong> asegur\u00f3 este martes que se est\u00e1 registrando \u201c<strong>el momento m\u00e1ximo de pico de una epidemia<\/strong>\u201d, en relaci\u00f3n a unos <strong>200 casos de dengue y otros 70 de chikungunya<\/strong>, ambos aut\u00f3ctonos, que se registraron en la provincia hasta el momento, por lo que pidi\u00f3 <strong>aumentar las medidas de prevenci\u00f3n.<\/strong><\/p>\n<p>&nbsp;<\/p>\n<p><em>\u201cEstamos en el momento m\u00e1ximo de pico de una epidemia, que sab\u00edamos que iba a suceder, que empez\u00f3 en los pa\u00edses donde el dengue y la chikungunya son enfermedades que est\u00e1n siempre, pa\u00edses tropicales, y por eso se trabaj\u00f3 mucho en prevenci\u00f3n en la provincia\u201d,<\/em> dijo Kreplak. Precis\u00f3 que en el final del verano es cuando se suelen \u201cver la mayor cantidad de casos\u201d, y que por eso, dijo, \u201cse trabaj\u00f3 mucho en prevenci\u00f3n\u201d.<\/p>\n<p>&nbsp;<\/p>\n<p><em><strong>\u201cHoy a nivel de pa\u00eds tenemos una gran cantidad de casos, que igual no supera a los que tuvimos en 2019, que fue el m\u00e1ximo pico registrado, pero es una cantidad importante\u201d<\/strong><\/em>, agreg\u00f3 Kreplak.<\/p>\n<p>&nbsp;<\/p>\n<p>La <strong>provincia de Buenos Aires confirm\u00f3 hasta el momento en lo que va de 2023 unos 200 contagios de dengue<\/strong>, m\u00e1s del cu\u00e1druple de los reportados y corroborados para el mismo periodo del a\u00f1o pasado. Las cifras de casos de chikungunya, con respecto al a\u00f1o pasado, tambi\u00e9n encendieron la alarma.<\/p>\n<p>&nbsp;<\/p>\n<p>En relaci\u00f3n a la provincia de Buenos Aires, el ministro de Salud indic\u00f3 que <strong>hubo un caso grave,<\/strong> que fue \u201c<em><strong>una persona que vino de otro pa\u00eds y que falleci\u00f3 con sospecha de dengue\u201d<\/strong><\/em> y luego \u201cunos 38 casos con signos de preocupaci\u00f3n\u201d. En ese sentido, se\u00f1al\u00f3 que \u201ccreci\u00f3 mucho la capacidad de diagn\u00f3stico en la provincia, y lo que hay que observar es si alguien haya tenido dengue en a\u00f1os anteriores (porque) podr\u00eda ser que una segunda infecci\u00f3n sea un poco m\u00e1s grave; eso es lo que hay que tener en cuenta\u201d.<\/p>\n<p>&nbsp;<\/p>\n<p>\u201cSon enfermedades que se trasmiten por el mismo mosquito, el que tiene rayas blancas y negras en la cola, que es el que habita en las propias casas: puede estar en el agua del perro, o un florero donde se junta un poco de agua\u201d, record\u00f3 Kreplak. Y aclar\u00f3 que estos mosquitos \u201cpican a alguien que se enferm\u00f3 y contagian a otra persona, por eso es tan importante las medidas de prevenci\u00f3n\u201d.<\/p>\n<p>&nbsp;<\/p>\n<p>El ministro record\u00f3 adem\u00e1s que \u201c<strong>ambas enfermedades se parecen por los s\u00edntomas: traen fiebre alta, dolor corporal, puede ser cefalea intensa pero tambi\u00e9n mucho dolor articular como en los hombros, caderas, articulaciones, con mucho malestar general\u201d<\/strong>. Y a\u00f1adi\u00f3: \u201cCuando uno tenga esa sensaci\u00f3n, hay que acudir al sistema de salud y advertirlo\u201d.<\/p>\n<p>&nbsp;<\/p>\n<p>El dengue y la fiebre de chikungunya son <strong>enfermedades virales<\/strong> que se transmiten a trav\u00e9s de la picadura de mosquitos infectados. Es importante tener en cuenta que al no existir vacunas ni tratamiento espec\u00edfico, la forma m\u00e1s pr\u00e1ctica, econ\u00f3mica y efectiva de frenarlas es impedir que se reproduzca el mosquito, como as\u00ed tambi\u00e9n evitar picaduras.<\/p>\n<p>&nbsp;<\/p>\n<p><em>Fuente: DIB<\/em><\/p>\n","protected":false},"excerpt":{"rendered":"<p>Unos 200 casos de dengue y otros 70 de chikungunya, ambos aut\u00f3ctonos, se registraron hasta el momento en territorio bonaerense.<\/p>\n","protected":false},"author":6,"featured_media":39240,"comment_status":"closed","ping_status":"closed","sticky":false,"template":"","format":"standard","meta":{"_jetpack_memberships_contains_paid_content":false,"footnotes":""},"categories":[6,1],"tags":[],"class_list":["post-80825","post","type-post","status-publish","format-standard","has-post-thumbnail","hentry","category-nacionales","category-portada"],"jetpack_featured_media_url":"https:\/\/i0.wp.com\/cdnoticias.com\/wp-content\/uploads\/2021\/11\/Dengue-1024x688.jpg?fit=1024%2C688&ssl=1","jetpack_sharing_enabled":true,"_links":{"self":[{"href":"https:\/\/cdnoticias.com\/index.php\/wp-json\/wp\/v2\/posts\/80825","targetHints":{"allow":["GET"]}}],"collection":[{"href":"https:\/\/cdnoticias.com\/index.php\/wp-json\/wp\/v2\/posts"}],"about":[{"href":"https:\/\/cdnoticias.com\/index.php\/wp-json\/wp\/v2\/types\/post"}],"author":[{"embeddable":true,"href":"https:\/\/cdnoticias.com\/index.php\/wp-json\/wp\/v2\/users\/6"}],"replies":[{"embeddable":true,"href":"https:\/\/cdnoticias.com\/index.php\/wp-json\/wp\/v2\/comments?post=80825"}],"version-history":[{"count":0,"href":"https:\/\/cdnoticias.com\/index.php\/wp-json\/wp\/v2\/posts\/80825\/revisions"}],"wp:featuredmedia":[{"embeddable":true,"href":"https:\/\/cdnoticias.com\/index.php\/wp-json\/wp\/v2\/media\/39240"}],"wp:attachment":[{"href":"https:\/\/cdnoticias.com\/index.php\/wp-json\/wp\/v2\/media?parent=80825"}],"wp:term":[{"taxonomy":"category","embeddable":true,"href":"https:\/\/cdnoticias.com\/index.php\/wp-json\/wp\/v2\/categories?post=80825"},{"taxonomy":"post_tag","embeddable":true,"href":"https:\/\/cdnoticias.com\/index.php\/wp-json\/wp\/v2\/tags?post=80825"}],"curies":[{"name":"wp","href":"https:\/\/api.w.org\/{rel}","templated":true}]}}