{"id":8082,"date":"2020-12-03T15:43:41","date_gmt":"2020-12-03T18:43:41","guid":{"rendered":"http:\/\/www.centraldenoticias.com.ar\/?p=8082"},"modified":"2020-12-03T18:30:53","modified_gmt":"2020-12-03T21:30:53","slug":"post-acuerdo-paritario-levantan-la-carpa-de-los-municipales","status":"publish","type":"post","link":"https:\/\/cdnoticias.com\/index.php\/2020\/12\/03\/post-acuerdo-paritario-levantan-la-carpa-de-los-municipales\/","title":{"rendered":"Post acuerdo paritario, levantan la carpa de los Municipales"},"content":{"rendered":"<p>Estaba ubicada fuera de la Municipalidad. Fue una medida directa por la falta de acuerdo paritario, hecho que finaliz\u00f3 este jueves.<!--more--><\/p>\n<hr \/>\n<p>Luego de conocerse el<a href=\"https:\/\/cdnoticias.com\/index.php\/2020\/12\/03\/paritarias-municipio-y-sindicato-llegaron-a-un-acuerdo\/\" target=\"_blank\" rel=\"noopener\"> acuerdo paritario entre el Municipio y el Sindicato de Trabajadores Municipales<\/a>, <strong>finaliz\u00f3 la protesta que dur\u00f3 varias semanas y se levant\u00f3 la denominada \u201cCarpa de los Municipales\u201d.<\/strong><\/p>\n<p>&nbsp;<\/p>\n<p><img data-recalc-dims=\"1\" loading=\"lazy\" decoding=\"async\" class=\"alignnone size-full wp-image-8083\" src=\"https:\/\/i0.wp.com\/cdnoticias.com\/wp-content\/uploads\/2020\/12\/carpa-municipales-1.jpg?resize=800%2C542&#038;ssl=1\" alt=\"\" width=\"800\" height=\"542\" srcset=\"https:\/\/i0.wp.com\/cdnoticias.com\/wp-content\/uploads\/2020\/12\/carpa-municipales-1.jpg?w=1217&amp;ssl=1 1217w, https:\/\/i0.wp.com\/cdnoticias.com\/wp-content\/uploads\/2020\/12\/carpa-municipales-1.jpg?resize=300%2C203&amp;ssl=1 300w, https:\/\/i0.wp.com\/cdnoticias.com\/wp-content\/uploads\/2020\/12\/carpa-municipales-1.jpg?resize=768%2C521&amp;ssl=1 768w, https:\/\/i0.wp.com\/cdnoticias.com\/wp-content\/uploads\/2020\/12\/carpa-municipales-1.jpg?resize=1024%2C694&amp;ssl=1 1024w\" sizes=\"auto, (max-width: 800px) 100vw, 800px\" \/><\/p>\n<p>&nbsp;<\/p>\n<blockquote><p>La marcha peronista, canci\u00f3n que son\u00f3 una y otra vez durante todos los d\u00edas que estuvo la protesta en el centro, ser\u00e1 un recuerdo de otro a\u00f1o de carpa en reclamo de mejoras salariales.<\/p><\/blockquote>\n<p>&nbsp;<\/p>\n<p>R\u00e1pidamente tras la firma del acta acuerdo, <strong>integrantes del gremio comenzaron a levantar todos los elementos y de esta forma, finaliz\u00f3 la protesta formalmente en el centro de la ciudad, as\u00ed como tambi\u00e9n en las puertas del Hospital Municipal.<\/strong><\/p>\n<p>&nbsp;<\/p>\n<p><img data-recalc-dims=\"1\" loading=\"lazy\" decoding=\"async\" class=\"alignnone size-full wp-image-8084\" src=\"https:\/\/i0.wp.com\/cdnoticias.com\/wp-content\/uploads\/2020\/12\/carpa-municipales-2.jpg?resize=800%2C507&#038;ssl=1\" alt=\"\" width=\"800\" height=\"507\" srcset=\"https:\/\/i0.wp.com\/cdnoticias.com\/wp-content\/uploads\/2020\/12\/carpa-municipales-2.jpg?w=945&amp;ssl=1 945w, https:\/\/i0.wp.com\/cdnoticias.com\/wp-content\/uploads\/2020\/12\/carpa-municipales-2.jpg?resize=300%2C190&amp;ssl=1 300w, https:\/\/i0.wp.com\/cdnoticias.com\/wp-content\/uploads\/2020\/12\/carpa-municipales-2.jpg?resize=768%2C487&amp;ssl=1 768w\" sizes=\"auto, (max-width: 800px) 100vw, 800px\" \/><\/p>\n<p>&nbsp;<\/p>\n<p><a href=\"https:\/\/cdnoticias.com\/index.php\/2020\/11\/16\/con-una-carpa-en-el-hospital-los-municipales-endurecen-la-protesta\/\" target=\"_blank\" rel=\"noopener\">La protesta dur\u00f3 algunas semanas, no s\u00f3lo con la carpa y la m\u00fasica<\/a>, sino tambi\u00e9n en acompa\u00f1amiento a otras manifestaciones en el Paseo Jes\u00fas Mend\u00eda, una campa\u00f1a puertas afuera del Hospital y pedidos de mejoras salariales en un a\u00f1o complejo, de pandemia.<\/p>\n","protected":false},"excerpt":{"rendered":"<p>Estaba ubicada fuera de la Municipalidad. Fue una medida directa por la falta de acuerdo paritario, hecho que finaliz\u00f3 este<\/p>\n","protected":false},"author":2,"featured_media":8087,"comment_status":"closed","ping_status":"closed","sticky":false,"template":"","format":"standard","meta":{"_jetpack_memberships_contains_paid_content":false,"footnotes":""},"categories":[5,1],"tags":[],"class_list":["post-8082","post","type-post","status-publish","format-standard","has-post-thumbnail","hentry","category-informacion-general","category-portada"],"jetpack_featured_media_url":"https:\/\/i0.wp.com\/cdnoticias.com\/wp-content\/uploads\/2020\/12\/carpa-municipales-3.jpg?fit=930%2C522&ssl=1","jetpack_sharing_enabled":true,"_links":{"self":[{"href":"https:\/\/cdnoticias.com\/index.php\/wp-json\/wp\/v2\/posts\/8082","targetHints":{"allow":["GET"]}}],"collection":[{"href":"https:\/\/cdnoticias.com\/index.php\/wp-json\/wp\/v2\/posts"}],"about":[{"href":"https:\/\/cdnoticias.com\/index.php\/wp-json\/wp\/v2\/types\/post"}],"author":[{"embeddable":true,"href":"https:\/\/cdnoticias.com\/index.php\/wp-json\/wp\/v2\/users\/2"}],"replies":[{"embeddable":true,"href":"https:\/\/cdnoticias.com\/index.php\/wp-json\/wp\/v2\/comments?post=8082"}],"version-history":[{"count":0,"href":"https:\/\/cdnoticias.com\/index.php\/wp-json\/wp\/v2\/posts\/8082\/revisions"}],"wp:featuredmedia":[{"embeddable":true,"href":"https:\/\/cdnoticias.com\/index.php\/wp-json\/wp\/v2\/media\/8087"}],"wp:attachment":[{"href":"https:\/\/cdnoticias.com\/index.php\/wp-json\/wp\/v2\/media?parent=8082"}],"wp:term":[{"taxonomy":"category","embeddable":true,"href":"https:\/\/cdnoticias.com\/index.php\/wp-json\/wp\/v2\/categories?post=8082"},{"taxonomy":"post_tag","embeddable":true,"href":"https:\/\/cdnoticias.com\/index.php\/wp-json\/wp\/v2\/tags?post=8082"}],"curies":[{"name":"wp","href":"https:\/\/api.w.org\/{rel}","templated":true}]}}