{"id":80812,"date":"2023-03-28T16:01:11","date_gmt":"2023-03-28T19:01:11","guid":{"rendered":"https:\/\/www.centraldenoticias.com.ar\/?p=80812"},"modified":"2023-03-28T18:05:42","modified_gmt":"2023-03-28T21:05:42","slug":"la-ucr-homenajeara-a-raul-alfonsin-a-14-anos-de-su-fallecimiento","status":"publish","type":"post","link":"https:\/\/cdnoticias.com\/index.php\/2023\/03\/28\/la-ucr-homenajeara-a-raul-alfonsin-a-14-anos-de-su-fallecimiento\/","title":{"rendered":"La UCR homenajear\u00e1 a Ra\u00fal Alfons\u00edn a 14 a\u00f1os de su fallecimiento"},"content":{"rendered":"<p>Ser\u00e1 este viernes 31 de marzo, en el parque ubicado en avenida Avellaneda y la costa del Arroyo Tapalqu\u00e9.<!--more--><\/p>\n<hr \/>\n<p>Este <strong>viernes 31 de marzo<\/strong> en el marco de un<strong> nuevo aniversario del fallecimiento de Ra\u00fal Alfons\u00edn<\/strong> y de los 40 a\u00f1os de vida en democracia, la <strong>Uni\u00f3n C\u00edvica Radical<\/strong> de Olavarr\u00eda desarrollar\u00e1 su tradicional <strong>homenaje al ex presidente de la Naci\u00f3n.<\/strong><\/p>\n<p>&nbsp;<\/p>\n<p>Se llevar\u00e1 a cabo en el <strong>Parque \u201cPresidente Ra\u00fal Alfons\u00edn\u201d,<\/strong> ubicado en avenida Avellaneda y la costa del Arroyo Tapalqu\u00e9, desde las 18 horas.<\/p>\n<p>&nbsp;<\/p>\n<p><img data-recalc-dims=\"1\" loading=\"lazy\" decoding=\"async\" class=\"aligncenter wp-image-80813\" src=\"https:\/\/i0.wp.com\/cdnoticias.com\/wp-content\/uploads\/2023\/03\/IMG-20230327-WA0003.jpg?resize=450%2C450&#038;ssl=1\" alt=\"\" width=\"450\" height=\"450\" srcset=\"https:\/\/i0.wp.com\/cdnoticias.com\/wp-content\/uploads\/2023\/03\/IMG-20230327-WA0003.jpg?w=1080&amp;ssl=1 1080w, https:\/\/i0.wp.com\/cdnoticias.com\/wp-content\/uploads\/2023\/03\/IMG-20230327-WA0003.jpg?resize=300%2C300&amp;ssl=1 300w, https:\/\/i0.wp.com\/cdnoticias.com\/wp-content\/uploads\/2023\/03\/IMG-20230327-WA0003.jpg?resize=1024%2C1024&amp;ssl=1 1024w, https:\/\/i0.wp.com\/cdnoticias.com\/wp-content\/uploads\/2023\/03\/IMG-20230327-WA0003.jpg?resize=150%2C150&amp;ssl=1 150w, https:\/\/i0.wp.com\/cdnoticias.com\/wp-content\/uploads\/2023\/03\/IMG-20230327-WA0003.jpg?resize=768%2C768&amp;ssl=1 768w\" sizes=\"auto, (max-width: 450px) 100vw, 450px\" \/><\/p>\n<p>&nbsp;<\/p>\n<p>Desde el espacio, invitaron a dirigentes, militantes y a toda comunidad en general a participar de la actividad que contar\u00e1 con la presencia y la palabra de las autoridades del partido.<\/p>\n<p>&nbsp;<\/p>\n<p>&#8220;Durante el homenaje, <strong>se plantar\u00e1 un nuevo \u00e1rbol<\/strong> que representa la cantidad de a\u00f1os de la desaparici\u00f3n f\u00edsica del padre de la democracia&#8221; expresaron.<\/p>\n<p>&nbsp;<\/p>\n","protected":false},"excerpt":{"rendered":"<p>Ser\u00e1 este viernes 31 de marzo, en el parque ubicado en avenida Avellaneda y la costa del Arroyo Tapalqu\u00e9.<\/p>\n","protected":false},"author":6,"featured_media":5365,"comment_status":"closed","ping_status":"closed","sticky":false,"template":"","format":"standard","meta":{"_jetpack_memberships_contains_paid_content":false,"footnotes":""},"categories":[4,1],"tags":[],"class_list":["post-80812","post","type-post","status-publish","format-standard","has-post-thumbnail","hentry","category-politica","category-portada"],"jetpack_featured_media_url":"https:\/\/i0.wp.com\/cdnoticias.com\/wp-content\/uploads\/2020\/11\/ALFONSINELECCIONES2.jpg?fit=945%2C529&ssl=1","jetpack_sharing_enabled":true,"_links":{"self":[{"href":"https:\/\/cdnoticias.com\/index.php\/wp-json\/wp\/v2\/posts\/80812","targetHints":{"allow":["GET"]}}],"collection":[{"href":"https:\/\/cdnoticias.com\/index.php\/wp-json\/wp\/v2\/posts"}],"about":[{"href":"https:\/\/cdnoticias.com\/index.php\/wp-json\/wp\/v2\/types\/post"}],"author":[{"embeddable":true,"href":"https:\/\/cdnoticias.com\/index.php\/wp-json\/wp\/v2\/users\/6"}],"replies":[{"embeddable":true,"href":"https:\/\/cdnoticias.com\/index.php\/wp-json\/wp\/v2\/comments?post=80812"}],"version-history":[{"count":0,"href":"https:\/\/cdnoticias.com\/index.php\/wp-json\/wp\/v2\/posts\/80812\/revisions"}],"wp:featuredmedia":[{"embeddable":true,"href":"https:\/\/cdnoticias.com\/index.php\/wp-json\/wp\/v2\/media\/5365"}],"wp:attachment":[{"href":"https:\/\/cdnoticias.com\/index.php\/wp-json\/wp\/v2\/media?parent=80812"}],"wp:term":[{"taxonomy":"category","embeddable":true,"href":"https:\/\/cdnoticias.com\/index.php\/wp-json\/wp\/v2\/categories?post=80812"},{"taxonomy":"post_tag","embeddable":true,"href":"https:\/\/cdnoticias.com\/index.php\/wp-json\/wp\/v2\/tags?post=80812"}],"curies":[{"name":"wp","href":"https:\/\/api.w.org\/{rel}","templated":true}]}}