{"id":80807,"date":"2023-03-28T15:31:04","date_gmt":"2023-03-28T18:31:04","guid":{"rendered":"https:\/\/www.centraldenoticias.com.ar\/?p=80807"},"modified":"2023-03-28T15:31:44","modified_gmt":"2023-03-28T18:31:44","slug":"arqueologas-de-la-unicen-participaron-de-los-actos-de-devolucion-y-restitucion-de-cuerpos-indigenas-en-rio-negro","status":"publish","type":"post","link":"https:\/\/cdnoticias.com\/index.php\/2023\/03\/28\/arqueologas-de-la-unicen-participaron-de-los-actos-de-devolucion-y-restitucion-de-cuerpos-indigenas-en-rio-negro\/","title":{"rendered":"Arque\u00f3logas de la UNICEN participaron de los actos de devoluci\u00f3n y restituci\u00f3n de cuerpos ind\u00edgenas en R\u00edo Negro"},"content":{"rendered":"<p>Se trata de las Dras. Florencia Borella y Mar\u00eda Gabriela Chaparro. Los fragmentos \u00f3seos corresponden a 41 cuerpos ind\u00edgenas a la Comunidad Mapuche Tehuelche Traun-Kutral de Las Grutas.<!--more--><\/p>\n<hr \/>\n<p>Las <strong>investigadoras del Instituto INCUAPA<\/strong> (Investigaciones Arqueol\u00f3gicas del Cuaternario Pampeano, Unidad Ejecutora CONICET-UNICEN, con sede en la Facultad de Ciencias Sociales, Olavarr\u00eda), Dras. <strong>Florencia Borella y Mar\u00eda Gabriela Chaparro,<\/strong> participaron de los <strong>actos de devoluci\u00f3n y restituci\u00f3n de fragmentos \u00f3seos a la Comunidad Mapuche Tehuelche Traun-Kutral de Las Grutas. <\/strong><\/p>\n<p>&nbsp;<\/p>\n<p>Posteriormente <strong>fueron invitadas a formar parte de la ceremonia de reentierro de los cuerpos<\/strong> de los ancestros en el Eltuwe, sitio sagrado de la Comunidad, ubicado sobre el camino de la costa que conduce a Piedras Coloradas, al sur de dicha ciudad balnearia.<\/p>\n<p>&nbsp;<\/p>\n<p>Durante el tiempo de permanencia transitoria y custodia de los cuerpos ind\u00edgenas en el Instituto INCUAPA se les realizaron estudios cient\u00edficos y en los a\u00f1os m\u00e1s recientes, se efectuaron con el consentimiento previo, libre e informado de la Lonco Cristina Guzm\u00e1n y la Comunidad Traun-Kutral con la condici\u00f3n que luego fueran devueltos al concluirse las investigaciones.<\/p>\n<p>&nbsp;<\/p>\n<p>La devoluci\u00f3n y posterior restituci\u00f3n respondi\u00f3 a un pedido expreso que hizo dicha Comunidad a la Secretar\u00eda de Cultura de R\u00edo Negro, respetando los derechos y acuerdos previos en el marco de las legislaciones vigentes de Protecci\u00f3n del Patrimonio Arqueol\u00f3gico de R\u00edo Negro (Ley N\u00b0 3041), la Ley Nacional N\u00b0 25.517 de restituci\u00f3n de restos humanos, as\u00ed como los instrumentos internacionales relativos a la protecci\u00f3n de los derechos de los Pueblos Ind\u00edgenas.<\/p>\n<p>&nbsp;<\/p>\n<p><img data-recalc-dims=\"1\" loading=\"lazy\" decoding=\"async\" class=\"aligncenter wp-image-80809 size-full\" src=\"https:\/\/i0.wp.com\/cdnoticias.com\/wp-content\/uploads\/2023\/03\/Foto-1.jpg?resize=800%2C600&#038;ssl=1\" alt=\"\" width=\"800\" height=\"600\" srcset=\"https:\/\/i0.wp.com\/cdnoticias.com\/wp-content\/uploads\/2023\/03\/Foto-1.jpg?w=1600&amp;ssl=1 1600w, https:\/\/i0.wp.com\/cdnoticias.com\/wp-content\/uploads\/2023\/03\/Foto-1.jpg?resize=300%2C225&amp;ssl=1 300w, https:\/\/i0.wp.com\/cdnoticias.com\/wp-content\/uploads\/2023\/03\/Foto-1.jpg?resize=1024%2C768&amp;ssl=1 1024w, https:\/\/i0.wp.com\/cdnoticias.com\/wp-content\/uploads\/2023\/03\/Foto-1.jpg?resize=768%2C576&amp;ssl=1 768w, https:\/\/i0.wp.com\/cdnoticias.com\/wp-content\/uploads\/2023\/03\/Foto-1.jpg?resize=1536%2C1152&amp;ssl=1 1536w\" sizes=\"auto, (max-width: 800px) 100vw, 800px\" \/><\/p>\n<p>&nbsp;<\/p>\n<p><strong>Acto de Devoluci\u00f3n<\/strong><\/p>\n<p>&nbsp;<\/p>\n<p>El d\u00eda 2 de marzo en las instalaciones del INCUAPA se llev\u00f3 a cabo la <strong>devoluci\u00f3n de los fragmentos \u00f3seos de cuerpos ind\u00edgenas a las autoridades de la Secretar\u00eda de Cultura de R\u00edo Negro.<\/strong><\/p>\n<p>&nbsp;<\/p>\n<p>En el acto estuvieron presentes el Lic. Leonado Vergara, Director de Bibliotecas y Museos de la Provincia de R\u00edo Negro (en calidad de representante de la Secretaria de Cultura); el Director del INCUAPA (UE CONICET-UNICEN), Dr. Gustavo A. Mart\u00ednez; la vicedecana de la Facultad de Ciencias Sociales, Dra. Mar\u00eda Luz Endere; la Dra. Florencia Borella, directora del equipo de Investigaci\u00f3n Arqueol\u00f3gica de la costa del Golfo San Mat\u00edas y el Dr. Cristi\u00e1n M. Favier Dubois, co-director del mismo.<\/p>\n<p>&nbsp;<\/p>\n<p>Se entregaron un <strong>total de 15 cajas que conten\u00edan los huesos de las 41 personas<\/strong> (dado que por la naturaleza de los hallazgos en muchos casos se trataba de escasos huesos por persona), acompa\u00f1adas de un informe general donde se se\u00f1alan sucintamente las caracter\u00edsticas de los estudios realizados, sus respectivos inventarios y un pendrive con los archivos de los trabajos publicados y dos tesis defendidas en esta Universidad (FACSO) realizadas por miembros del equipo de investigaci\u00f3n.<\/p>\n<p>&nbsp;<\/p>\n<p><img data-recalc-dims=\"1\" loading=\"lazy\" decoding=\"async\" class=\"aligncenter wp-image-80808 size-full\" src=\"https:\/\/i0.wp.com\/cdnoticias.com\/wp-content\/uploads\/2023\/03\/Foto-3.png?resize=800%2C641&#038;ssl=1\" alt=\"\" width=\"800\" height=\"641\" srcset=\"https:\/\/i0.wp.com\/cdnoticias.com\/wp-content\/uploads\/2023\/03\/Foto-3.png?w=1046&amp;ssl=1 1046w, https:\/\/i0.wp.com\/cdnoticias.com\/wp-content\/uploads\/2023\/03\/Foto-3.png?resize=300%2C240&amp;ssl=1 300w, https:\/\/i0.wp.com\/cdnoticias.com\/wp-content\/uploads\/2023\/03\/Foto-3.png?resize=1024%2C820&amp;ssl=1 1024w, https:\/\/i0.wp.com\/cdnoticias.com\/wp-content\/uploads\/2023\/03\/Foto-3.png?resize=768%2C615&amp;ssl=1 768w\" sizes=\"auto, (max-width: 800px) 100vw, 800px\" \/><\/p>\n<p>&nbsp;<\/p>\n<p><strong>Acto de Restituci\u00f3n y Ceremonia de Reentierro<\/strong><\/p>\n<p>&nbsp;<\/p>\n<p>Los cuerpos de los ancestros fueron <strong>trasladados a la ciudad de Las Grutas<\/strong> por las autoridades rionegrinas, comitiva liderada por el Director de Museo y Bibliotecas, Lic. Leonardo Vergara. Las Dras. Florencia Borella y Mar\u00eda Gabriela Chaparro (investigadora del equipo de Patrimonia-INCUAPA-CONICET) viajaron a la ciudad de Las Grutas gracias al apoyo institucional brindado por el INCUAPA y la FACSO para <strong>acompa\u00f1ar a la Comunidad de Pueblos Originarios en la ceremonia de restituci\u00f3n y el reentierro de sus ancestros.<\/strong><\/p>\n<p>&nbsp;<\/p>\n<p>El acto tuvo lugar en la Casa de la Historia y la Cultura del Bicentenario (Las Grutas) el d\u00eda viernes 3 de marzo donde la Subsecretaria de Patrimonio y Cooperaci\u00f3n Cultural Natalia Villegas hizo entrega de las 15 cajas a la Lonco Cristina Guzm\u00e1n y dem\u00e1s miembros de la comunidad Traun Kutral. Estuvieron presentes representantes ind\u00edgenas de diversas comunidades de R\u00edo Negro y de la provincia de Buenos Aires.<\/p>\n<p>&nbsp;<\/p>\n<p>Con posterioridad todas las personas asistentes se trasladaron al Eltuwe (sitio sagrado) de la Comunidad, zona donde se localiza el sitio arqueol\u00f3gico \u201cChenque\u201d, camino a Piedras Coloradas, donde se iniciaron los preparativos para la ceremonia del nuevo enterramiento. Primeramente los miembros de Traun-Kutral invitaron a compartir un almuerzo a los all\u00ed presentes. A la tarde se inici\u00f3 la presentaci\u00f3n de los asistentes donde cada cual expres\u00f3 sus sentires y opiniones y las autoridades espirituales informaron c\u00f3mo ser\u00eda la ceremonia. As\u00ed es que le solicitaron a la Dra. Borella que desembalara cada uno de los huesos que se encontraban guardados en las 15 cajas, los cuales estaban etiquetados y embolsados individualmente de acuerdo a las pr\u00e1cticas usualmente empleadas en las investigaciones bioantropol\u00f3gicas.<\/p>\n<p>&nbsp;<\/p>\n<p>Esta tarea fue solicitada por Cristina Guzm\u00e1n, la Lonco de la comunidad local, a fin de que los cuerpos pudieran ser prontamente acondicionados de acuerdo a los rituales mortuorios propios, para luego proceder a la ceremonia que comenz\u00f3 al anochecer. Con el encendido de un fuego se iniciaron las primeras rogativas y <strong>la ceremonia se prolong\u00f3 toda la noche,<\/strong> e incluy\u00f3 una cena comunitaria, una vigilia hasta el amanecer y varios rituales, algunos p\u00fablicos y otros reservados s\u00f3lo para ind\u00edgenas, hasta el entierro final pasado el mediod\u00eda del s\u00e1bado.<\/p>\n<p>&nbsp;<\/p>\n<p>Las fotograf\u00edas fueron tomadas por la Dra. Mar\u00eda Gabriela Chaparro con<strong> permiso de las comunidades ind\u00edgenas.<\/strong><\/p>\n","protected":false},"excerpt":{"rendered":"<p>Se trata de las Dras. Florencia Borella y Mar\u00eda Gabriela Chaparro. Los fragmentos \u00f3seos corresponden a 41 cuerpos ind\u00edgenas a<\/p>\n","protected":false},"author":6,"featured_media":80810,"comment_status":"closed","ping_status":"closed","sticky":false,"template":"","format":"standard","meta":{"_jetpack_memberships_contains_paid_content":false,"footnotes":""},"categories":[5,1],"tags":[],"class_list":["post-80807","post","type-post","status-publish","format-standard","has-post-thumbnail","hentry","category-informacion-general","category-portada"],"jetpack_featured_media_url":"https:\/\/i0.wp.com\/cdnoticias.com\/wp-content\/uploads\/2023\/03\/Foto-2.jpg?fit=1600%2C1200&ssl=1","jetpack_sharing_enabled":true,"_links":{"self":[{"href":"https:\/\/cdnoticias.com\/index.php\/wp-json\/wp\/v2\/posts\/80807","targetHints":{"allow":["GET"]}}],"collection":[{"href":"https:\/\/cdnoticias.com\/index.php\/wp-json\/wp\/v2\/posts"}],"about":[{"href":"https:\/\/cdnoticias.com\/index.php\/wp-json\/wp\/v2\/types\/post"}],"author":[{"embeddable":true,"href":"https:\/\/cdnoticias.com\/index.php\/wp-json\/wp\/v2\/users\/6"}],"replies":[{"embeddable":true,"href":"https:\/\/cdnoticias.com\/index.php\/wp-json\/wp\/v2\/comments?post=80807"}],"version-history":[{"count":0,"href":"https:\/\/cdnoticias.com\/index.php\/wp-json\/wp\/v2\/posts\/80807\/revisions"}],"wp:featuredmedia":[{"embeddable":true,"href":"https:\/\/cdnoticias.com\/index.php\/wp-json\/wp\/v2\/media\/80810"}],"wp:attachment":[{"href":"https:\/\/cdnoticias.com\/index.php\/wp-json\/wp\/v2\/media?parent=80807"}],"wp:term":[{"taxonomy":"category","embeddable":true,"href":"https:\/\/cdnoticias.com\/index.php\/wp-json\/wp\/v2\/categories?post=80807"},{"taxonomy":"post_tag","embeddable":true,"href":"https:\/\/cdnoticias.com\/index.php\/wp-json\/wp\/v2\/tags?post=80807"}],"curies":[{"name":"wp","href":"https:\/\/api.w.org\/{rel}","templated":true}]}}