{"id":80799,"date":"2023-03-30T08:36:30","date_gmt":"2023-03-30T11:36:30","guid":{"rendered":"https:\/\/www.centraldenoticias.com.ar\/?p=80799"},"modified":"2023-03-30T08:37:21","modified_gmt":"2023-03-30T11:37:21","slug":"jose-daniel-maceo-seguira-conduciendo-pueblo-nuevo","status":"publish","type":"post","link":"https:\/\/cdnoticias.com\/index.php\/2023\/03\/30\/jose-daniel-maceo-seguira-conduciendo-pueblo-nuevo\/","title":{"rendered":"Jos\u00e9 Daniel Maceo seguir\u00e1 conduciendo Pueblo Nuevo"},"content":{"rendered":"<p>D\u00edas atr\u00e1s se realiz\u00f3 la Asamblea Anual Ordinaria. &#8220;Las subcomisiones son una herramienta fundamental para el crecimiento de la instituci\u00f3n&#8221; expres\u00f3 Maceo. <!--more--><\/p>\n<hr \/>\n<p>D\u00edas atr\u00e1s se realiz\u00f3 la<strong> Asamblea Anual Ordinaria<\/strong> con la presencia de cada<strong> presidente de las distintas subcomisiones deportivas<\/strong> que se practican en el club.<\/p>\n<p>&nbsp;<\/p>\n<p>Cada una<strong> present\u00f3 lo realizado durante el ejercicio 2022<\/strong> y ratificaron el gran balance de la instituci\u00f3n. &#8220;La misma no tiene deudas ni impositiva, ni bancarias, ni con ning\u00fan tipo de proveedores y adem\u00e1s se encuentra con el certificado al d\u00eda de Personer\u00eda Jur\u00eddica&#8221; expresaron.<\/p>\n<p>&nbsp;<\/p>\n<p>&#8220;<strong>Este gran balance nos permite programar obras a futuro<\/strong> con la nueva \u00e1rea de infraestructura a cargo del ingeniero Fabi\u00e1n Pi\u00f1eiro, Rolando Fern\u00e1ndez, Guillermo Sbardolini y Diego Clar. Los mismos fueron establecidos por la nueva comisi\u00f3n y dispusieron que en el Polideportivo ubicado en San Mart\u00edn 142,la<strong> realizaci\u00f3n de un comedor para 50 personas, como tambi\u00e9n la refacci\u00f3n de los ba\u00f1os y los vestuarios&#8221;<\/strong> agregaron.<\/p>\n<p>&nbsp;<\/p>\n<p>Por otra parte, se dej\u00f3 en materia de trabajo para el a\u00f1o corriente la <strong>construcci\u00f3n de un nuevo pozo<\/strong> para realizar una conexi\u00f3n con los tanques de agua y un dep\u00f3sito para guardar los materiales de v\u00f3leibol que utilizan las distintas divisiones, como los colegios que asisten a plasmar sus actividades deportivas. Una de las obras m\u00e1s destacadas para el periodo 2023 es la<strong> refacci\u00f3n total del buffet y el comedor m\u00e1s chico del club<\/strong> (Necochea y Chacabuco).<\/p>\n<p>&nbsp;<\/p>\n<p>Luego de la reelecci\u00f3n el <strong>presidente Jos\u00e9 Maceo,<\/strong> sostuvo que <em><strong>&#8220;las subcomisiones son una herramienta fundamental para el crecimiento de la instituci\u00f3n y que son fundamentales en el deporte del club&#8221;.<\/strong><\/em><\/p>\n<p>&nbsp;<\/p>\n<p>Por \u00faltimo, remarc\u00f3 que &#8220;<em>Pueblo Nuevo seguir\u00e1 abierto a la comunidad, d\u00e1ndole valor a lo social, continuando con las fiestas y concediendo las instalaciones para la celebraci\u00f3n de la Virgen de Monte Viggiano, como tambi\u00e9n al Hogar de Ancianos San Vicente de Paul, el Rotary Pueblo Nuevo a beneficio de un Jard\u00edn, Rotary Olavarr\u00eda Norte y Grupo Scout de Monte Viggiano&#8221;.<\/em><\/p>\n<p>&nbsp;<\/p>\n<p><strong>Comisi\u00f3n del periodo 2023<\/strong><\/p>\n<p><strong>\u00a0<\/strong><\/p>\n<ul>\n<li>Presidente &#8211; Jos\u00e9 Daniel Maceo<\/li>\n<li>Vicepresidente 1\u00ba &#8211; C\u00e9sar Omar Notararigo<\/li>\n<li>Vicepresidente 2\u00ba &#8211; Javier Barresi,<\/li>\n<li>Secretario- Rolando Fern\u00e1ndez<\/li>\n<li>Prosecretario &#8211; Agustina Maceo<\/li>\n<li>Secretaria de actas &#8211; Mar\u00eda Alejandra Fern\u00e1ndez<\/li>\n<li>Tesorero &#8211; Sebasti\u00e1n Masson<\/li>\n<li>Protesorero &#8211; Juan Pablo Notararigo<\/li>\n<li>Vocal titular &#8211; Daniel Brisioli<\/li>\n<li>Vocal titular \u2013 Guillermo Sbardolini<\/li>\n<li>Vocal Suplente \u2013 Beatriz Maceo<\/li>\n<li>Vocal suplente \u2013 Adriana Rossi<\/li>\n<li>Vocal suplente \u2013 Norma Maceo<\/li>\n<li>Vocal suplente \u2013 Juan Jos\u00e9 Bellagamba<\/li>\n<li>Revisor de cuenta \u2013 Mar\u00eda Teresa Quinteros<\/li>\n<li>Revisor de cuenta \u2013 Diego Clar<\/li>\n<\/ul>\n","protected":false},"excerpt":{"rendered":"<p>D\u00edas atr\u00e1s se realiz\u00f3 la Asamblea Anual Ordinaria. &#8220;Las subcomisiones son una herramienta fundamental para el crecimiento de la instituci\u00f3n&#8221;<\/p>\n","protected":false},"author":6,"featured_media":80800,"comment_status":"closed","ping_status":"closed","sticky":false,"template":"","format":"standard","meta":{"_jetpack_memberships_contains_paid_content":false,"footnotes":""},"categories":[5,1],"tags":[],"class_list":["post-80799","post","type-post","status-publish","format-standard","has-post-thumbnail","hentry","category-informacion-general","category-portada"],"jetpack_featured_media_url":"https:\/\/i0.wp.com\/cdnoticias.com\/wp-content\/uploads\/2023\/03\/maceo.jpg?fit=1024%2C614&ssl=1","jetpack_sharing_enabled":true,"_links":{"self":[{"href":"https:\/\/cdnoticias.com\/index.php\/wp-json\/wp\/v2\/posts\/80799","targetHints":{"allow":["GET"]}}],"collection":[{"href":"https:\/\/cdnoticias.com\/index.php\/wp-json\/wp\/v2\/posts"}],"about":[{"href":"https:\/\/cdnoticias.com\/index.php\/wp-json\/wp\/v2\/types\/post"}],"author":[{"embeddable":true,"href":"https:\/\/cdnoticias.com\/index.php\/wp-json\/wp\/v2\/users\/6"}],"replies":[{"embeddable":true,"href":"https:\/\/cdnoticias.com\/index.php\/wp-json\/wp\/v2\/comments?post=80799"}],"version-history":[{"count":0,"href":"https:\/\/cdnoticias.com\/index.php\/wp-json\/wp\/v2\/posts\/80799\/revisions"}],"wp:featuredmedia":[{"embeddable":true,"href":"https:\/\/cdnoticias.com\/index.php\/wp-json\/wp\/v2\/media\/80800"}],"wp:attachment":[{"href":"https:\/\/cdnoticias.com\/index.php\/wp-json\/wp\/v2\/media?parent=80799"}],"wp:term":[{"taxonomy":"category","embeddable":true,"href":"https:\/\/cdnoticias.com\/index.php\/wp-json\/wp\/v2\/categories?post=80799"},{"taxonomy":"post_tag","embeddable":true,"href":"https:\/\/cdnoticias.com\/index.php\/wp-json\/wp\/v2\/tags?post=80799"}],"curies":[{"name":"wp","href":"https:\/\/api.w.org\/{rel}","templated":true}]}}