{"id":8079,"date":"2020-12-03T15:19:17","date_gmt":"2020-12-03T18:19:17","guid":{"rendered":"http:\/\/www.centraldenoticias.com.ar\/?p=8079"},"modified":"2020-12-03T16:18:33","modified_gmt":"2020-12-03T19:18:33","slug":"paritarias-municipio-y-sindicato-llegaron-a-un-acuerdo","status":"publish","type":"post","link":"https:\/\/cdnoticias.com\/index.php\/2020\/12\/03\/paritarias-municipio-y-sindicato-llegaron-a-un-acuerdo\/","title":{"rendered":"Paritarias: Municipio y Sindicato llegaron a un acuerdo"},"content":{"rendered":"<p>La suba salarial finalmente ser\u00e1 del 18% con el pago de dos bonos de fin de a\u00f1o. Fue tras una reuni\u00f3n este mediod\u00eda entre Ezequiel Galli y Jos\u00e9 Stuppia.<!--more--><\/p>\n<hr \/>\n<p>Tras una reuni\u00f3n entre el Intendente Ezequiel Galli y el secretario general de Trabajadores Municipales Jos\u00e9 Stuppia, <strong>se lleg\u00f3 a un acuerdo paritario y se cerr\u00f3 la mesa de discusiones de este a\u00f1o. La suba ser\u00e1 del 18% en varias cuotas.<\/strong><\/p>\n<p>&nbsp;<\/p>\n<blockquote><p>El encuentro se dio minutos despu\u00e9s de una<a href=\"https:\/\/cdnoticias.com\/index.php\/2020\/12\/03\/el-sindicato-de-trabajadores-municipales-se-manifesto-en-el-concejo\/\" target=\"_blank\" rel=\"noopener\"> protesta del gremio en el Concejo Deliberante por un proyecto de venta de tierras para generar, seg\u00fan dichos del propio Stuppia, viviendas sociales.<\/a><\/p><\/blockquote>\n<p>&nbsp;<\/p>\n<p>All\u00ed, finalmente,<strong> acordaron la suba salarial remunerativa de un 18% en siete cuotas, las cuales tres fueron abonadas por decreto. Al 4% de incremento actual se le sumar\u00e1 otro 6% en enero, y tres cuotas de 2% en febrero, marzo y abril.<\/strong><\/p>\n<p>&nbsp;<\/p>\n<p>Adem\u00e1s, se pagar\u00e1 un <strong>bono de \u201crecomposici\u00f3n salarial\u201d de 5 mil pesos<\/strong> en el mes de diciembre a todas las categor\u00edas, y<strong> un bono \u201cde fin de a\u00f1o\u201d de 10 mil pesos<\/strong> que se pagar\u00e1 durante enero a las categor\u00edas de 1 a 4 y reemplazo de guardias, y en febrero a las restantes categor\u00edas.<\/p>\n<p>&nbsp;<\/p>\n<p>En horas de la ma\u00f1ana ya se hab\u00eda adelantado que hab\u00eda \u201cuna oferta superadora\u201d y <strong>el encuentro entre Galli y Stuppia cerr\u00f3 finalmente los detalles de la paritaria 2020.<\/strong><\/p>\n","protected":false},"excerpt":{"rendered":"<p>La suba salarial finalmente ser\u00e1 del 18% con el pago de dos bonos de fin de a\u00f1o. Fue tras una<\/p>\n","protected":false},"author":2,"featured_media":8080,"comment_status":"closed","ping_status":"closed","sticky":false,"template":"","format":"standard","meta":{"_jetpack_memberships_contains_paid_content":false,"footnotes":""},"categories":[5,1],"tags":[],"class_list":["post-8079","post","type-post","status-publish","format-standard","has-post-thumbnail","hentry","category-informacion-general","category-portada"],"jetpack_featured_media_url":"https:\/\/i0.wp.com\/cdnoticias.com\/wp-content\/uploads\/2020\/12\/Firma-Acuerdo-Salarial-2-1024x685.jpg?fit=1024%2C685&ssl=1","jetpack_sharing_enabled":true,"_links":{"self":[{"href":"https:\/\/cdnoticias.com\/index.php\/wp-json\/wp\/v2\/posts\/8079","targetHints":{"allow":["GET"]}}],"collection":[{"href":"https:\/\/cdnoticias.com\/index.php\/wp-json\/wp\/v2\/posts"}],"about":[{"href":"https:\/\/cdnoticias.com\/index.php\/wp-json\/wp\/v2\/types\/post"}],"author":[{"embeddable":true,"href":"https:\/\/cdnoticias.com\/index.php\/wp-json\/wp\/v2\/users\/2"}],"replies":[{"embeddable":true,"href":"https:\/\/cdnoticias.com\/index.php\/wp-json\/wp\/v2\/comments?post=8079"}],"version-history":[{"count":0,"href":"https:\/\/cdnoticias.com\/index.php\/wp-json\/wp\/v2\/posts\/8079\/revisions"}],"wp:featuredmedia":[{"embeddable":true,"href":"https:\/\/cdnoticias.com\/index.php\/wp-json\/wp\/v2\/media\/8080"}],"wp:attachment":[{"href":"https:\/\/cdnoticias.com\/index.php\/wp-json\/wp\/v2\/media?parent=8079"}],"wp:term":[{"taxonomy":"category","embeddable":true,"href":"https:\/\/cdnoticias.com\/index.php\/wp-json\/wp\/v2\/categories?post=8079"},{"taxonomy":"post_tag","embeddable":true,"href":"https:\/\/cdnoticias.com\/index.php\/wp-json\/wp\/v2\/tags?post=8079"}],"curies":[{"name":"wp","href":"https:\/\/api.w.org\/{rel}","templated":true}]}}