{"id":80784,"date":"2023-03-28T11:49:01","date_gmt":"2023-03-28T14:49:01","guid":{"rendered":"https:\/\/www.centraldenoticias.com.ar\/?p=80784"},"modified":"2023-03-28T11:49:01","modified_gmt":"2023-03-28T14:49:01","slug":"trabajar-en-la-responsabilidad-de-quienes-ejercen-violencia-de-genero","status":"publish","type":"post","link":"https:\/\/cdnoticias.com\/index.php\/2023\/03\/28\/trabajar-en-la-responsabilidad-de-quienes-ejercen-violencia-de-genero\/","title":{"rendered":"Trabajar en la responsabilidad de quienes ejercen violencia de g\u00e9nero"},"content":{"rendered":"<p>Con el eje puesto en masculinidades, la DPG y el Juzgado de Familia N\u00b02 compartieron un nuevo encuentro de trabajo.<\/p>\n<p><!--more--><\/p>\n<hr \/>\n<p>La<strong> Directora de Pol\u00edticas de G\u00e9nero Florencia Caro<\/strong>, junto a integrantes del <strong>equipo de Masculinidades<\/strong> de la Direcci\u00f3n, mantuvieron d\u00edas pasados un nuevo encuentro de trabajo colaborativo junto al<strong> Juez de Familia Santiago Arrondo y parte de su equipo de trabajo.<\/strong><\/p>\n<p>&nbsp;<\/p>\n<blockquote><p>\u201cEn este espacio avanzaron sobre acuerdos institucionales de la tarea diaria, as\u00ed como en acciones estructurales con la coordinaci\u00f3n de ambos organismos, para trabajar en el abordaje de las violencias por motivos de g\u00e9nero\u201d se inform\u00f3.<\/p><\/blockquote>\n<p>&nbsp;<\/p>\n<p>Asimismo, se indic\u00f3 que encuentros de estas caracter\u00edsticas forman parte de una<strong> relaci\u00f3n institucional<\/strong> que \u201cambas partes entienden como imprescindibles, para que los abordajes se realicen de manera integral y desde la perspectiva de g\u00e9nero\u201d.<\/p>\n<p>&nbsp;<\/p>\n<p>El \u00e1rea de Masculinidades de la Direcci\u00f3n de Pol\u00edticas de G\u00e9nero se dedica al<strong> abordaje de varones que ejercen violencia por motivos de g\u00e9nero<\/strong>, cuya inserci\u00f3n al dispositivo se da por la derivaci\u00f3n de otras instituciones como organismos de la Justicia, Patronato de Liberados, organizaciones sociales, otras dependencias municipales, o bien de forma voluntaria.<\/p>\n<p>&nbsp;<\/p>\n<p>Quienes deseen obtener mayor informaci\u00f3n sobre el funcionamiento del dispositivo pueden comunicarse los d\u00edas lunes, mi\u00e9rcoles y viernes de 12 a 17 hs al 420863 o por correo electr\u00f3nico a <a href=\"mailto:generomasculinidades@olavarria.gov.ar\">generomasculinidades@olavarria.gov.ar<\/a><\/p>\n<p>&nbsp;<\/p>\n","protected":false},"excerpt":{"rendered":"<p>Con el eje puesto en masculinidades, la DPG y el Juzgado de Familia N\u00b02 compartieron un nuevo encuentro de trabajo.<\/p>\n","protected":false},"author":4,"featured_media":80785,"comment_status":"closed","ping_status":"closed","sticky":false,"template":"","format":"standard","meta":{"_jetpack_memberships_contains_paid_content":false,"footnotes":""},"categories":[3,1],"tags":[],"class_list":["post-80784","post","type-post","status-publish","format-standard","has-post-thumbnail","hentry","category-genero","category-portada"],"jetpack_featured_media_url":"https:\/\/i0.wp.com\/cdnoticias.com\/wp-content\/uploads\/2023\/03\/genero-masculinidades-juzgado-de-familia.jpg?fit=800%2C445&ssl=1","jetpack_sharing_enabled":true,"_links":{"self":[{"href":"https:\/\/cdnoticias.com\/index.php\/wp-json\/wp\/v2\/posts\/80784","targetHints":{"allow":["GET"]}}],"collection":[{"href":"https:\/\/cdnoticias.com\/index.php\/wp-json\/wp\/v2\/posts"}],"about":[{"href":"https:\/\/cdnoticias.com\/index.php\/wp-json\/wp\/v2\/types\/post"}],"author":[{"embeddable":true,"href":"https:\/\/cdnoticias.com\/index.php\/wp-json\/wp\/v2\/users\/4"}],"replies":[{"embeddable":true,"href":"https:\/\/cdnoticias.com\/index.php\/wp-json\/wp\/v2\/comments?post=80784"}],"version-history":[{"count":0,"href":"https:\/\/cdnoticias.com\/index.php\/wp-json\/wp\/v2\/posts\/80784\/revisions"}],"wp:featuredmedia":[{"embeddable":true,"href":"https:\/\/cdnoticias.com\/index.php\/wp-json\/wp\/v2\/media\/80785"}],"wp:attachment":[{"href":"https:\/\/cdnoticias.com\/index.php\/wp-json\/wp\/v2\/media?parent=80784"}],"wp:term":[{"taxonomy":"category","embeddable":true,"href":"https:\/\/cdnoticias.com\/index.php\/wp-json\/wp\/v2\/categories?post=80784"},{"taxonomy":"post_tag","embeddable":true,"href":"https:\/\/cdnoticias.com\/index.php\/wp-json\/wp\/v2\/tags?post=80784"}],"curies":[{"name":"wp","href":"https:\/\/api.w.org\/{rel}","templated":true}]}}