{"id":8076,"date":"2020-12-03T14:32:11","date_gmt":"2020-12-03T17:32:11","guid":{"rendered":"http:\/\/www.centraldenoticias.com.ar\/?p=8076"},"modified":"2020-12-03T13:34:05","modified_gmt":"2020-12-03T16:34:05","slug":"habra-aumentos-trimestrales-de-las-jubilaciones","status":"publish","type":"post","link":"https:\/\/cdnoticias.com\/index.php\/2020\/12\/03\/habra-aumentos-trimestrales-de-las-jubilaciones\/","title":{"rendered":"Habr\u00e1 aumentos trimestrales de las jubilaciones"},"content":{"rendered":"<p>Es una nueva modificaci\u00f3n a la movilidad jubilatoria que se debate en el Senado. La decisi\u00f3n fue tomada por el presidente Fern\u00e1ndez.<!--more--><\/p>\n<hr \/>\n<p>El presidente Alberto Fern\u00e1ndez <strong>modificar\u00e1 el proyecto de ley de Movilidad Jubilatoria, que se debate en el Senado, para que los aumentos previsionales sean trimestrales, con lo cual habr\u00e1 cuatro incrementos por a\u00f1o<\/strong>, informaron fuentes oficiales a la agencia T\u00e9lam.<\/p>\n<p>&nbsp;<\/p>\n<blockquote><p>El mandatario decidi\u00f3 tomar las sugerencias que el bloque de senadores del Frente de Todos le hizo al ministro de Trabajo, Claudio Moroni, y a la titular del Anses, Fernanda Raverta.<\/p><\/blockquote>\n<p>&nbsp;<\/p>\n<p><strong>La decisi\u00f3n se tom\u00f3 para &#8220;empalmar&#8221; los meses de &#8220;enero, febrero y marzo&#8221;<\/strong>, que estaban &#8220;afuera&#8221; de la actualizaci\u00f3n porque la f\u00f3rmula del anterior Gobierno de Mauricio Macri se aprob\u00f3 en diciembre de 2017, pero empez\u00f3 a regir en marzo de 2018, indicaron a la agencia nacional las fuentes oficiales.<\/p>\n<p>&nbsp;<\/p>\n<p>Adem\u00e1s, la bancada oficialista impuls\u00f3 que <strong>el incremento previsional del 5% otorgado recientemente no fuera a cuenta del aumento que se otorgar\u00e1 en marzo pr\u00f3ximo.<\/strong><\/p>\n<p>&nbsp;<\/p>\n<p>Los senadores decidieron en reuni\u00f3n de bloque modificar el art\u00edculo 6 de la Ley de Movilidad Jubilatoria, de modo tal que el aumento del 5% otorgado recientemente no ser\u00e1 a cuenta del de marzo pr\u00f3ximo sino que se sumar\u00e1 a ese incremento.<\/p>\n<p>&nbsp;<\/p>\n<p><em>&#8220;Es una modificaci\u00f3n que surge desde el bloque y que fue conversada con el Ejecutivo con el objetivo de mejorar los ingresos de nuestros jubilados y jubiladas&#8221;<\/em>, indic\u00f3 la bancada oficialista.<\/p>\n<p>&nbsp;<\/p>\n<p>El proyecto de ley, enviado la semana pasada al Congreso por el Poder Ejecutivo, <strong>modifica el \u00edndice de movilidad jubilatoria, elaborado en base al trabajo de una comisi\u00f3n mixta, y comenzar\u00e1 a utilizarse desde 2021, cuando venza el actual per\u00edodo de emergencia en la materia.<\/strong><\/p>\n<p>&nbsp;<\/p>\n<p>El texto fue concebido en base a la propuesta de 131 p\u00e1ginas elevada por esa comisi\u00f3n, creada a partir de la Ley 27.541 de Solidaridad Social e integrada por 17 miembros -legisladores del oficialismo y de la oposici\u00f3n y funcionarios nacionales-, cuya labor const\u00f3 de 17 reuniones en las que se recibieron a 24 expositores.<\/p>\n","protected":false},"excerpt":{"rendered":"<p>Es una nueva modificaci\u00f3n a la movilidad jubilatoria que se debate en el Senado. La decisi\u00f3n fue tomada por el<\/p>\n","protected":false},"author":2,"featured_media":8077,"comment_status":"closed","ping_status":"closed","sticky":false,"template":"","format":"standard","meta":{"_jetpack_memberships_contains_paid_content":false,"footnotes":""},"categories":[6],"tags":[],"class_list":["post-8076","post","type-post","status-publish","format-standard","has-post-thumbnail","hentry","category-nacionales"],"jetpack_featured_media_url":"https:\/\/i0.wp.com\/cdnoticias.com\/wp-content\/uploads\/2020\/12\/5f199a995ac08_1004x565.jpg?fit=1004%2C565&ssl=1","jetpack_sharing_enabled":true,"_links":{"self":[{"href":"https:\/\/cdnoticias.com\/index.php\/wp-json\/wp\/v2\/posts\/8076","targetHints":{"allow":["GET"]}}],"collection":[{"href":"https:\/\/cdnoticias.com\/index.php\/wp-json\/wp\/v2\/posts"}],"about":[{"href":"https:\/\/cdnoticias.com\/index.php\/wp-json\/wp\/v2\/types\/post"}],"author":[{"embeddable":true,"href":"https:\/\/cdnoticias.com\/index.php\/wp-json\/wp\/v2\/users\/2"}],"replies":[{"embeddable":true,"href":"https:\/\/cdnoticias.com\/index.php\/wp-json\/wp\/v2\/comments?post=8076"}],"version-history":[{"count":0,"href":"https:\/\/cdnoticias.com\/index.php\/wp-json\/wp\/v2\/posts\/8076\/revisions"}],"wp:featuredmedia":[{"embeddable":true,"href":"https:\/\/cdnoticias.com\/index.php\/wp-json\/wp\/v2\/media\/8077"}],"wp:attachment":[{"href":"https:\/\/cdnoticias.com\/index.php\/wp-json\/wp\/v2\/media?parent=8076"}],"wp:term":[{"taxonomy":"category","embeddable":true,"href":"https:\/\/cdnoticias.com\/index.php\/wp-json\/wp\/v2\/categories?post=8076"},{"taxonomy":"post_tag","embeddable":true,"href":"https:\/\/cdnoticias.com\/index.php\/wp-json\/wp\/v2\/tags?post=8076"}],"curies":[{"name":"wp","href":"https:\/\/api.w.org\/{rel}","templated":true}]}}