{"id":80727,"date":"2023-03-28T11:09:53","date_gmt":"2023-03-28T14:09:53","guid":{"rendered":"https:\/\/www.centraldenoticias.com.ar\/?p=80727"},"modified":"2023-03-29T07:46:21","modified_gmt":"2023-03-29T10:46:21","slug":"adelante-radicales-organiza-una-charla-sobre-educacion-secundaria","status":"publish","type":"post","link":"https:\/\/cdnoticias.com\/index.php\/2023\/03\/28\/adelante-radicales-organiza-una-charla-sobre-educacion-secundaria\/","title":{"rendered":"Adelante Radicales organiza una charla sobre educaci\u00f3n secundaria"},"content":{"rendered":"<p>Se llevar\u00e1 a cabo el jueves a las 18 hs en el local partidario de Moreno 3261. Expondr\u00e1n expertas en el campo de la educaci\u00f3n.<!--more--><\/p>\n<hr \/>\n<p>La agrupaci\u00f3n Adelante Radicales invita al <strong>conversatorio &#8220;Ejes para analizar la situaci\u00f3n actual de la educaci\u00f3n secundaria en la Provincia de Buenos Aires&#8221;<\/strong>. La misma se desarrollar\u00e1 en el marco de diversas charlas, exposiciones y conversatorios que se est\u00e1n preparando para este a\u00f1o 2023 con el <strong>objetivo de proyectar pol\u00edticas p\u00fablicas<\/strong>.<\/p>\n<p>&nbsp;<\/p>\n<p>La actividad est\u00e1 destinada a la poblaci\u00f3n en general, y a la comunidad educativa de Olavarr\u00eda en particular. Se realizar\u00e1 este <strong>jueves 30 de marzo<\/strong> en el local partidario ubicado <strong>en Moreno 3261, a las 18:00hs<\/strong>.<\/p>\n<p>&nbsp;<\/p>\n<p><strong>La entrada es libre y gratuita<\/strong> y contaran con las exposiciones de <strong>especialistas de reconocida trayectoria por sus actividades de investigaci\u00f3n y la publicaci\u00f3n de informes en el campo de la educaci\u00f3n secundaria<\/strong> en el centro de la Provincia de Buenos Aires como la Doctora en Ciencias de la Educaci\u00f3n Analia Errobidart; la Dra. Liliana Martignoni, docente investigadora; y la Magister Karina Elbey, ex Inspectora Regional de DIPREGEP.<\/p>\n","protected":false},"excerpt":{"rendered":"<p>Se llevar\u00e1 a cabo el jueves a las 18 hs en el local partidario de Moreno 3261. Expondr\u00e1n expertas en<\/p>\n","protected":false},"author":4,"featured_media":80729,"comment_status":"closed","ping_status":"closed","sticky":false,"template":"","format":"standard","meta":{"_jetpack_memberships_contains_paid_content":false,"footnotes":""},"categories":[4,1],"tags":[],"class_list":["post-80727","post","type-post","status-publish","format-standard","has-post-thumbnail","hentry","category-politica","category-portada"],"jetpack_featured_media_url":"https:\/\/i0.wp.com\/cdnoticias.com\/wp-content\/uploads\/2023\/03\/Conversatorio-Adelante-Radicales.jpg?fit=800%2C445&ssl=1","jetpack_sharing_enabled":true,"_links":{"self":[{"href":"https:\/\/cdnoticias.com\/index.php\/wp-json\/wp\/v2\/posts\/80727","targetHints":{"allow":["GET"]}}],"collection":[{"href":"https:\/\/cdnoticias.com\/index.php\/wp-json\/wp\/v2\/posts"}],"about":[{"href":"https:\/\/cdnoticias.com\/index.php\/wp-json\/wp\/v2\/types\/post"}],"author":[{"embeddable":true,"href":"https:\/\/cdnoticias.com\/index.php\/wp-json\/wp\/v2\/users\/4"}],"replies":[{"embeddable":true,"href":"https:\/\/cdnoticias.com\/index.php\/wp-json\/wp\/v2\/comments?post=80727"}],"version-history":[{"count":0,"href":"https:\/\/cdnoticias.com\/index.php\/wp-json\/wp\/v2\/posts\/80727\/revisions"}],"wp:featuredmedia":[{"embeddable":true,"href":"https:\/\/cdnoticias.com\/index.php\/wp-json\/wp\/v2\/media\/80729"}],"wp:attachment":[{"href":"https:\/\/cdnoticias.com\/index.php\/wp-json\/wp\/v2\/media?parent=80727"}],"wp:term":[{"taxonomy":"category","embeddable":true,"href":"https:\/\/cdnoticias.com\/index.php\/wp-json\/wp\/v2\/categories?post=80727"},{"taxonomy":"post_tag","embeddable":true,"href":"https:\/\/cdnoticias.com\/index.php\/wp-json\/wp\/v2\/tags?post=80727"}],"curies":[{"name":"wp","href":"https:\/\/api.w.org\/{rel}","templated":true}]}}