{"id":80640,"date":"2023-03-26T20:24:56","date_gmt":"2023-03-26T23:24:56","guid":{"rendered":"https:\/\/www.centraldenoticias.com.ar\/?p=80640"},"modified":"2023-03-26T20:24:56","modified_gmt":"2023-03-26T23:24:56","slug":"vale-por-un-escandalo","status":"publish","type":"post","link":"https:\/\/cdnoticias.com\/index.php\/2023\/03\/26\/vale-por-un-escandalo\/","title":{"rendered":"Vale por un esc\u00e1ndalo"},"content":{"rendered":"<p>C\u00f3mo se dieron las reuniones y los contactos que llevaron a la denuncia de irregularidades en Desarrollo Social municipal y la posterior renuncia de la subsecretaria Silvana Rosales. Habr\u00e1 sesi\u00f3n especial y parece que pronto. Eduardo Rodr\u00edguez y su PASO en el Frente de Todos. <!--more--><\/p>\n<hr \/>\n<p>&nbsp;<\/p>\n<p><em>(Este es un extracto del newsletter Volver a las Fuentes*, realizado por Josefina Bargas y Alexis Grierson)<\/em><\/p>\n<p>&nbsp;<\/p>\n<p><span style=\"color: #333333; font-family: merriweather, georgia, times new roman, serif;\">Ya se ley\u00f3 bastante en medios sobre lo acontecido. Si hici\u00e9ramos un resumen sencillo, una sinopsis, podr\u00edamos decir que\u00a0<b><a href=\"https:\/\/cdnoticias.com\/index.php\/2023\/03\/22\/denuncian-irregularidades-en-el-uso-de-tarjetas-cabal-y-vales-por-mercaderia-en-desarrollo-social\/\" target=\"_blank\" rel=\"noopener\">denunciaron irregularidades<\/a> en las tarjetas Cabal de alimentos y vales por mercader\u00edas<\/b>\u00a0que emite el \u00e1rea de\u00a0<b>Desarrollo Social del Municipio<\/b>\u00a0y que por ello<b>\u00a0le pidieron la renuncia a Silvana Rosales, subsecretaria<\/b>. Pero para contar la pel\u00edcula se deben tener en cuenta varios detalles, puntos y obviamente, todo con un final abierto. Y una sesi\u00f3n especial en el porvenir.<\/span><\/p>\n<p>&nbsp;<\/p>\n<p><span style=\"color: #333333; font-family: merriweather, georgia, times new roman, serif;\">Si bien se hizo p\u00fablico el mi\u00e9rcoles por la noche,\u00a0<b>los hechos datan de al menos hace 9 d\u00edas<\/b>. En ese momento,\u00a0<b>\u201cun grupo de empleados\u201d<\/b>\u00a0denunci\u00f3 ante funcionarios ciertos\u00a0<b>\u201cusos indebidos\u201d e irregularidades\u00a0<\/b>tanto en los vales por mercader\u00eda como en las Tarjetas Cabal que se utilizan para brindar alimentos a personas vulnerables.<\/span><\/p>\n<p>&nbsp;<\/p>\n<p><span style=\"color: #333333; font-family: merriweather, georgia, times new roman, serif;\">En el inicio de esta semana hubo<b>\u00a0varias reuniones<\/b>. Preguntas, consultas, y si bien no se especific\u00f3 oficialmente, fuentes incontrastables dejaron en claro a este newsletter que\u00a0<b>\u201calgo que no cerraba se encontr\u00f3, si no era imposible que se generara toda esta movida\u201d<\/b>. \u00bfCu\u00e1l fue la movida? <a href=\"https:\/\/cdnoticias.com\/index.php\/2023\/03\/23\/irregularidades-en-desarrollo-social-pidieron-la-renuncia-a-silvana-rosales\/\" target=\"_blank\" rel=\"noopener\">El pedido de renuncia de Silvana Rosales. Que, horas despu\u00e9s, se conoci\u00f3 que\u00a0<b>fue una renuncia<\/b><\/a>. Como ver\u00e1n, est\u00e1 lleno de versiones cruzadas.\u00a0<\/span><\/p>\n<p>&nbsp;<\/p>\n<p><img data-recalc-dims=\"1\" loading=\"lazy\" decoding=\"async\" class=\"aligncenter wp-image-76026\" src=\"https:\/\/i0.wp.com\/cdnoticias.com\/wp-content\/uploads\/2023\/02\/Silvana-Rosales-1024x685-1.jpg?resize=800%2C445&#038;ssl=1\" alt=\"\" width=\"800\" height=\"445\" srcset=\"https:\/\/i0.wp.com\/cdnoticias.com\/wp-content\/uploads\/2023\/02\/Silvana-Rosales-1024x685-1.jpg?w=1024&amp;ssl=1 1024w, https:\/\/i0.wp.com\/cdnoticias.com\/wp-content\/uploads\/2023\/02\/Silvana-Rosales-1024x685-1.jpg?resize=300%2C167&amp;ssl=1 300w, https:\/\/i0.wp.com\/cdnoticias.com\/wp-content\/uploads\/2023\/02\/Silvana-Rosales-1024x685-1.jpg?resize=768%2C428&amp;ssl=1 768w, https:\/\/i0.wp.com\/cdnoticias.com\/wp-content\/uploads\/2023\/02\/Silvana-Rosales-1024x685-1.jpg?resize=800%2C445&amp;ssl=1 800w\" sizes=\"auto, (max-width: 800px) 100vw, 800px\" \/><\/p>\n<p>&nbsp;<\/p>\n<p><span style=\"color: #333333; font-family: merriweather, georgia, times new roman, serif;\">Ante esta situaci\u00f3n,\u00a0<b>la reuni\u00f3n con Rosales fue para escuchar su versi\u00f3n e informarle que ser\u00eda apartada de su cargo<\/b>\u00a0hasta tanto se realizara una\u00a0<b>auditor\u00eda\u00a0<\/b>en el \u00e1rea para determinar si hubo irregularidades que decanten en su responsabilidad o no. Si no las hab\u00eda, volv\u00eda a su cargo. Si las hubiera, se realizar\u00eda la denuncia penal correspondiente por, entendemos nosotros, malversaci\u00f3n de fondos o algo por ese estilo. El encuentro fue encabezado por dos secretarios:\u00a0<b>Hilario Galli y Diego Robbiani<\/b>.\u00a0<\/span><\/p>\n<p>&nbsp;<\/p>\n<p><span style=\"color: #333333; font-family: merriweather, georgia, times new roman, serif;\">Si comparamos, es pr\u00e1cticamente\u00a0<b>un proceder muy similar al que se aplic\u00f3 con Mariano Ciancio<\/b>, que qued\u00f3 imputado por la causa terrenos. Hasta que no se ratific\u00f3 su imputaci\u00f3n, mantuvo su cargo. Cuando le allanaron su casa y secuestraron su tel\u00e9fono, <a href=\"https:\/\/cdnoticias.com\/index.php\/2022\/04\/03\/venta-de-terrenos-el-municipio-se-presento-como-particular-damnificado-y-suspendio-a-ciancio\/\" target=\"_blank\" rel=\"noopener\">fue suspendido y la comuna se puso a disposici\u00f3n de la Justicia<\/a>.\u00a0<b>\u201cNo voy a tirar un funcionario por la ventana ante cada denuncia\u201d<\/b>\u00a0fue la frase que reson\u00f3 por esos d\u00edas, y que se reiter\u00f3 esta semana. Siempre en off.<\/span><\/p>\n<p>&nbsp;<\/p>\n<p><span style=\"color: #333333; font-family: merriweather, georgia, times new roman, serif;\">La respuesta de Rosales fue concreta:\u00a0<b>no aceptar lo informado, renunciar por ella misma y se termin\u00f3 la discusi\u00f3n<\/b>.\u00a0<i>\u201cSu partida tambi\u00e9n est\u00e1 relacionada con un desgaste propio de la gesti\u00f3n\u201d<\/i>\u00a0reconocer\u00edan tambi\u00e9n. Horas despu\u00e9s de esta reuni\u00f3n, Volver a las Fuentes logr\u00f3 saber que\u00a0<b>la ahora ex funcionaria contrat\u00f3 asesoramiento legal<\/b>\u00a0y sigui\u00f3 de cerca las alternativas de todo lo sucedido.<\/span><\/p>\n<p>&nbsp;<\/p>\n<p><img data-recalc-dims=\"1\" loading=\"lazy\" decoding=\"async\" class=\"size-full wp-image-80338 aligncenter\" src=\"https:\/\/i0.wp.com\/cdnoticias.com\/wp-content\/uploads\/2023\/03\/dhtarjetaalimentar2.jpg?resize=800%2C533&#038;ssl=1\" alt=\"\" width=\"800\" height=\"533\" srcset=\"https:\/\/i0.wp.com\/cdnoticias.com\/wp-content\/uploads\/2023\/03\/dhtarjetaalimentar2.jpg?w=800&amp;ssl=1 800w, https:\/\/i0.wp.com\/cdnoticias.com\/wp-content\/uploads\/2023\/03\/dhtarjetaalimentar2.jpg?resize=300%2C200&amp;ssl=1 300w, https:\/\/i0.wp.com\/cdnoticias.com\/wp-content\/uploads\/2023\/03\/dhtarjetaalimentar2.jpg?resize=768%2C512&amp;ssl=1 768w, https:\/\/i0.wp.com\/cdnoticias.com\/wp-content\/uploads\/2023\/03\/dhtarjetaalimentar2.jpg?resize=272%2C182&amp;ssl=1 272w\" sizes=\"auto, (max-width: 800px) 100vw, 800px\" \/><\/p>\n<p>&nbsp;<\/p>\n<p><span style=\"color: #333333; font-family: merriweather, georgia, times new roman, serif;\">El mi\u00e9rcoles por la noche, la palabra\u00a0<b>esc\u00e1ndalo<\/b>\u00a0le quedaba chica a toda esta situaci\u00f3n. Pero lo curioso fue que\u00a0<i>de la noche a la ma\u00f1ana, la situaci\u00f3n se intent\u00f3 suavizar casi hasta el punto de la desmentida<\/i>. Lo concreto es que -sin voces en on-\u00a0<b>desde el \u00e1rea de Desarrollo Social confirmaron que los hechos tendr\u00edan una antig\u00fcedad de \u201cmeses\u201d y algunos se atrevieron a se\u00f1alar de \u201ca\u00f1os\u201d y que exced\u00eda la cuesti\u00f3n vinculada a la mercader\u00eda<\/b>.\u00a0<\/span><\/p>\n<p>&nbsp;<\/p>\n<p><span style=\"color: #333333; font-family: merriweather, georgia, times new roman, serif;\">Vale la aclaraci\u00f3n. Estos datos filtrados mostraron una\u00a0<b>cruda interna dentro del \u00e1rea de Desarrollo Humano<\/b>\u00a0donde la denuncia expuso las diferencias de gesti\u00f3n pol\u00edtica dentro de la comuna. Si bien sucedi\u00f3 espec\u00edficamente en Desarrollo Social, algunos consultados no ocultaron su mirada en torno a que sucede \u201cen todas las subsecretar\u00edas y direcciones del \u00e1rea\u201d.<\/span><\/p>\n<p>&nbsp;<\/p>\n<p><span style=\"color: #333333; font-family: merriweather, georgia, times new roman, serif;\">En off, los funcionarios consultados fueron mucho m\u00e1s\u00a0<b>cautos y prudentes<\/b>\u00a0ante tama\u00f1as acusaciones.\u00a0<b>\u201cEs raro que se utilicen las tarjetas, est\u00e1 todo sistematizado y cualquier movimiento extra\u00f1o ser\u00eda f\u00e1cilmente detectable\u201d\u00a0<\/b>y con respecto a\u00a0<b>los vales por mercader\u00eda, \u201cson pocos y est\u00e1n autorizados tambi\u00e9n por la Secretar\u00eda de Salud\u00a0<\/b>del Municipio, que dan cuenta de que alguna persona con necesidades alimentarias requiere alimentos especiales por su situaci\u00f3n de salud\u201d. Esos vales son canjeados por otro tipo de mercader\u00eda e incluso frutas y verduras, alimentos que fueron mencionados en la acusaci\u00f3n.\u00a0<\/span><\/p>\n<p>&nbsp;<\/p>\n<p><span style=\"color: #333333; font-family: merriweather, georgia, times new roman, serif;\">Como si no le faltaran condimentos a toda esta historia,\u00a0<b>el Secretario de Desarrollo Humano y Calidad de Vida, Diego Robbiani, se fue a C\u00f3rdoba<\/b>\u00a0a participar de un torneo de b\u00e1squet en un equipo en el que juega. Esto fue foco de duras cr\u00edticas de varios sectores, dado que su cartera, en crisis, necesitaba respuestas r\u00e1pidas.<\/span><\/p>\n<p>&nbsp;<\/p>\n<p><span style=\"color: #333333; font-family: merriweather, georgia, times new roman, serif;\">\u00bfFalt\u00f3 pimienta? A las pocas horas de la renuncia de Rosales, se logr\u00f3 saber que<b>\u00a0el martes de esta semana <a href=\"https:\/\/cdnoticias.com\/index.php\/2023\/03\/23\/renuncio-el-asesor-de-desarrollo-social-suspendido-mariano-ciancio\/\" target=\"_blank\" rel=\"noopener\">hab\u00eda renunciado Mariano Ciancio<\/a><\/b>, asesor del \u00e1rea de Desarrollo Humano y Calidad de Vida que, como dijimos un poco m\u00e1s arriba, estaba suspendido dada su imputaci\u00f3n en la causa de venta ilegal de terrenos.\u00a0<\/span><\/p>\n<p>&nbsp;<\/p>\n<p><img data-recalc-dims=\"1\" loading=\"lazy\" decoding=\"async\" class=\"size-full wp-image-50707 aligncenter\" src=\"https:\/\/i0.wp.com\/cdnoticias.com\/wp-content\/uploads\/2022\/04\/mariano-ciancio.jpg?resize=800%2C458&#038;ssl=1\" alt=\"\" width=\"800\" height=\"458\" srcset=\"https:\/\/i0.wp.com\/cdnoticias.com\/wp-content\/uploads\/2022\/04\/mariano-ciancio.jpg?w=800&amp;ssl=1 800w, https:\/\/i0.wp.com\/cdnoticias.com\/wp-content\/uploads\/2022\/04\/mariano-ciancio.jpg?resize=300%2C172&amp;ssl=1 300w, https:\/\/i0.wp.com\/cdnoticias.com\/wp-content\/uploads\/2022\/04\/mariano-ciancio.jpg?resize=768%2C440&amp;ssl=1 768w\" sizes=\"auto, (max-width: 800px) 100vw, 800px\" \/><\/p>\n<p>&nbsp;<\/p>\n<p><span style=\"color: #333333; font-family: merriweather, georgia, times new roman, serif;\">Si bien las relaciones sobre su situaci\u00f3n y lo que pas\u00f3 en Desarrollo Social fueron inevitables,\u00a0<b>se aclar\u00f3 que su alejamiento se debe \u201ca que la Justicia no resolvi\u00f3 a\u00fan su situaci\u00f3n procesal<\/b>\u00a0y tom\u00f3 la decisi\u00f3n de alejarse definitivamente por su cuenta\u201d.\u00a0<\/span><\/p>\n<p>&nbsp;<\/p>\n<p><span style=\"color: #333333; font-family: merriweather, georgia, times new roman, serif;\">Otros, por lo bajo, comentaron que\u00a0<b>algunas reuniones en lugares p\u00fablicos de Ciancio posterior a su renuncia fueron \u201cla causa\u201d de la informaci\u00f3n\u00a0<\/b>que se dio a conocer el mi\u00e9rcoles por la noche. Esto no fue confirmado ante la consulta de este newsletter a varias fuentes cercanas, por lo que son solo eso, versiones. Que tienen sentido, pero a\u00fan no sustento.\u00a0<\/span><\/p>\n<p>&nbsp;<\/p>\n<p><span style=\"color: #333333; font-family: merriweather, georgia, times new roman, serif;\">Lo concreto es que<b>\u00a0la auditor\u00eda est\u00e1 en marcha<\/b>. Se buscar\u00e1 determinar si hay irregularidades y, como ya se dijo, en caso de encontrarlas el Municipio tiene la obligaci\u00f3n de realizar la denuncia por tratarse de fondos p\u00fablicos. Pero como siempre hay un pero\u2026<\/span><\/p>\n<div><\/div>\n<p><span style=\"color: #333333; font-family: merriweather, georgia, times new roman, serif;\"><b>El pedido de sesi\u00f3n especial\u00a0<\/b><\/span><\/p>\n<div><span style=\"font-family: merriweather, georgia, times new roman, serif;\"><span style=\"color: #333333;\">\u00a0<\/span><\/span><\/div>\n<p><span style=\"color: #333333; font-family: merriweather, georgia, times new roman, serif;\">Si le faltara alg\u00fan cap\u00edtulo a esta historia, el hecho se produjo el mi\u00e9rcoles por la noche y\u00a0<i>el jueves desde las 9 el Concejo Deliberante llevaba adelante su <a href=\"https:\/\/cdnoticias.com\/index.php\/2023\/03\/23\/se-desarrollo-la-segunda-sesion-ordinaria-del-concejo-deliberante\/\" target=\"_blank\" rel=\"noopener\">segunda sesi\u00f3n del a\u00f1o<\/a><\/i>. Las expectativas se pusieron all\u00ed en torno a\u00a0<b>qu\u00e9 pod\u00edan llegar a decir desde la oposici\u00f3n<\/b>: en off minutos antes, a algunos de ellos no les cerraba la \u201cauditor\u00eda\u201d interna de la comuna. Es decir,\u00a0<i>\u201cse pueden cuidar entre ellos y dejar expuesto a quienes, con buena fe, realizaron la denuncia\u201d<\/i>\u00a0interpretaban.\u00a0<\/span><\/p>\n<p>&nbsp;<\/p>\n<p><span style=\"color: #333333; font-family: merriweather, georgia, times new roman, serif;\">Lo concreto es que la sesi\u00f3n pas\u00f3, con esa calma tensa del que uno espera el final, un pronunciamiento, algo. Cuando parec\u00eda que todo pasar\u00eda sin posturas (nobleza obliga, la informaci\u00f3n a\u00fan no era del todo clara para cuando se esperaban esos pronunciamientos) fue\u00a0<b>Mercedes Land\u00edvar (la presidenta del Frente de Todos) quien se expres\u00f3 y meti\u00f3 presi\u00f3n<\/b>\u00a0para ver qu\u00e9 fue lo que pas\u00f3 en Desarrollo Social.\u00a0<\/span><\/p>\n<p>&nbsp;<\/p>\n<p><img data-recalc-dims=\"1\" loading=\"lazy\" decoding=\"async\" class=\"size-full wp-image-73419 aligncenter\" src=\"https:\/\/i0.wp.com\/cdnoticias.com\/wp-content\/uploads\/2022\/12\/HCD-frente-de-todos.jpg?resize=800%2C445&#038;ssl=1\" alt=\"\" width=\"800\" height=\"445\" srcset=\"https:\/\/i0.wp.com\/cdnoticias.com\/wp-content\/uploads\/2022\/12\/HCD-frente-de-todos.jpg?w=800&amp;ssl=1 800w, https:\/\/i0.wp.com\/cdnoticias.com\/wp-content\/uploads\/2022\/12\/HCD-frente-de-todos.jpg?resize=300%2C167&amp;ssl=1 300w, https:\/\/i0.wp.com\/cdnoticias.com\/wp-content\/uploads\/2022\/12\/HCD-frente-de-todos.jpg?resize=768%2C427&amp;ssl=1 768w\" sizes=\"auto, (max-width: 800px) 100vw, 800px\" \/><\/p>\n<p>&nbsp;<\/p>\n<p><span style=\"color: #333333; font-family: merriweather, georgia, times new roman, serif;\"><a href=\"https:\/\/cdnoticias.com\/index.php\/2023\/03\/23\/irregularidades-en-desarrollo-social-el-frente-de-todos-pedira-una-sesion-especial-para-la-semana-proxima\/\" target=\"_blank\" rel=\"noopener\">Confirm\u00f3 que\u00a0<b>desde el interbloque pidieron una sesi\u00f3n especial<\/b>\u00a0con tres proyectos presentados<\/a>: el primero es\u00a0<b>que se radique la denuncia y se realicen los sumarios administrativos correspondientes\u00a0<\/b>a los fines de investigar lo sucedido.\u00a0<i>\u201cEspero que no nos obliguen a que nosotros tengamos que hacer la denuncia, esperemos que este proyecto cuando llegue esta sesi\u00f3n haya que retirarlo\u201d<\/i>\u00a0agreg\u00f3 la concejala.<\/span><\/p>\n<p>&nbsp;<\/p>\n<p><span style=\"color: #333333; font-family: merriweather, georgia, times new roman, serif;\">Lo segundo es\u00a0<b>pedirle al Intendente \u201cque le requiera al tribunal de cuentas una auditor\u00eda general externa de la Secretar\u00eda de Desarrollo Humano y Calidad de Vida<\/b>\u00a0de la Municipalidad de Olavarr\u00eda, que incluya desde el cargo jer\u00e1rquico superior de la cartera hasta la totalidad de las \u00e1reas que la conforman\u201d.\u00a0<\/span><\/p>\n<p>&nbsp;<\/p>\n<p><span style=\"color: #333333; font-family: merriweather, georgia, times new roman, serif;\">Finalmente, le solicitaron tambi\u00e9n al jefe comunal Galli que por su intermedio\u00a0<b>le peticione a Diego Robbiani para que asista al recinto<\/b>\u00a0y aporte la informaci\u00f3n necesaria. Seg\u00fan se adelant\u00f3, los art\u00edculos citados tendr\u00edan\u00a0<b>car\u00e1cter de interpelaci\u00f3n<\/b>.\u00a0<\/span><\/p>\n<p>&nbsp;<\/p>\n<p><span style=\"color: #333333; font-family: merriweather, georgia, times new roman, serif;\"><i>\u201cNo nos hagamos los distra\u00eddos, es una funcionaria que est\u00e1 desde 2016. Es grav\u00edsimo, es la utilizaci\u00f3n de una tarjeta del sector m\u00e1s vulnerable de la sociedad\u201d<\/i>\u00a0denunci\u00f3 Land\u00edvar y agreg\u00f3 que la situaci\u00f3n deber\u00eda \u201cexpresarnos y mostrar preocupaci\u00f3n\u201d.\u00a0<\/span><\/p>\n<p>&nbsp;<\/p>\n<p><img data-recalc-dims=\"1\" loading=\"lazy\" decoding=\"async\" class=\"size-large wp-image-68909 aligncenter\" src=\"https:\/\/i0.wp.com\/cdnoticias.com\/wp-content\/uploads\/2022\/11\/Mercedes-Landivar5.jpg?resize=800%2C480&#038;ssl=1\" alt=\"\" width=\"800\" height=\"480\" srcset=\"https:\/\/i0.wp.com\/cdnoticias.com\/wp-content\/uploads\/2022\/11\/Mercedes-Landivar5-scaled.jpg?resize=1024%2C614&amp;ssl=1 1024w, https:\/\/i0.wp.com\/cdnoticias.com\/wp-content\/uploads\/2022\/11\/Mercedes-Landivar5-scaled.jpg?resize=300%2C180&amp;ssl=1 300w, https:\/\/i0.wp.com\/cdnoticias.com\/wp-content\/uploads\/2022\/11\/Mercedes-Landivar5-scaled.jpg?resize=768%2C461&amp;ssl=1 768w, https:\/\/i0.wp.com\/cdnoticias.com\/wp-content\/uploads\/2022\/11\/Mercedes-Landivar5-scaled.jpg?resize=1536%2C922&amp;ssl=1 1536w, https:\/\/i0.wp.com\/cdnoticias.com\/wp-content\/uploads\/2022\/11\/Mercedes-Landivar5-scaled.jpg?resize=2048%2C1229&amp;ssl=1 2048w, https:\/\/i0.wp.com\/cdnoticias.com\/wp-content\/uploads\/2022\/11\/Mercedes-Landivar5-scaled.jpg?w=1600&amp;ssl=1 1600w, https:\/\/i0.wp.com\/cdnoticias.com\/wp-content\/uploads\/2022\/11\/Mercedes-Landivar5-scaled.jpg?w=2400&amp;ssl=1 2400w\" sizes=\"auto, (max-width: 800px) 100vw, 800px\" \/><\/p>\n<p>&nbsp;<\/p>\n<p><span style=\"color: #333333; font-family: merriweather, georgia, times new roman, serif;\">Finalmente, y previendo una posible respuesta comunal, Land\u00edvar pidi\u00f3 que\u00a0<b>\u201cno salgan a decir que es una utilizaci\u00f3n pol\u00edtica de esto, los propios empleados se anoticiaron ayer de lo que est\u00e1 sucediendo, se los dijo el propio Diego Robbiani.<\/b>\u00a0No estamos mintiendo. Hay una gran preocupaci\u00f3n. No es de ahora, ac\u00e1 hay otras responsabilidades tambi\u00e9n\u201d.<\/span><\/p>\n<p>&nbsp;<\/p>\n<p><span style=\"color: #333333; font-family: merriweather, georgia, times new roman, serif;\">En di\u00e1logo con este newsletter, desde el Concejo Deliberante se aclar\u00f3 que\u00a0<b>la sesi\u00f3n no necesariamente se podr\u00eda desarrollar la semana pr\u00f3xima<\/b>, aunque desde la comuna se complement\u00f3 que\u00a0<b>hay buena intenci\u00f3n de que se realice a la brevedad<\/b>\u00a0y de esta forma, discutir la problem\u00e1tica en el recinto.<\/span><\/p>\n<p>&nbsp;<\/p>\n<p><span style=\"color: #333333; font-family: merriweather, georgia, times new roman, serif;\"><b>Y eso no es todo: plagado de repudios<\/b><\/span><\/p>\n<p>&nbsp;<\/p>\n<p><span style=\"color: #333333; font-family: merriweather, georgia, times new roman, serif;\"><a href=\"https:\/\/cdnoticias.com\/index.php\/2023\/03\/24\/irregularidades-en-desarrollo-social-repudios-y-criticas-de-organizaciones-sociales-y-politicas\/\" target=\"_blank\" rel=\"noopener\">Con el correr de las horas, varias\u00a0<\/a><b>agrupaciones sociales y pol\u00edticas\u00a0<\/b>se hicieron eco de las novedades y repudiaron con dureza las versiones y denuncias realizadas.<b>\u00a0El espacio de Hern\u00e1n Parra, Olavarr\u00eda al Frente, se mostr\u00f3 \u201cindignado\u201d por lo conocido<\/b>. \u201cEl desprecio hacia quienes m\u00e1s necesitan ayuda se hace evidente en una gesti\u00f3n donde escasea la transparencia\u201d.<\/span><\/p>\n<p>&nbsp;<\/p>\n<p><span style=\"color: #333333; font-family: merriweather, georgia, times new roman, serif;\">Pidieron una r\u00e1pida investigaci\u00f3n y \u201crespuestas verdaderas\u201d a la comunidad.<i>\u00a0\u201cNo nos acostumbremos a la corrupci\u00f3n de este gobierno municipal y si hay m\u00e1s involucrados, sin importar su jerarqu\u00eda, dejen de oscurecer a Olavarr\u00eda\u201d<\/i>.<\/span><\/p>\n<p>&nbsp;<\/p>\n<p><span style=\"color: #333333; font-family: merriweather, georgia, times new roman, serif;\"><b>Emiliano Llorente, desde el MTE\u00a0<\/b>y dirigente que tuvo varios cruces con Diego Robbiani, dijo que \u201cles robaron\u201d los \u201cpocos recursos\u201d que el Municipio destina \u201ca nuestros hermanos y hermanas, vecinos y vecinas con m\u00e1s necesidades\u201d.<\/span><\/p>\n<p>&nbsp;<\/p>\n<p><span style=\"color: #333333; font-family: merriweather, georgia, times new roman, serif;\">Agreg\u00f3 que\u00a0<i>\u201csi la justicia no los condena, porque son sus amigos, los va a condenar el pueblo por su traici\u00f3n\u201d<\/i>\u00a0y fue directamente contra Robbiani.\u00a0<i>\u201cSi es c\u00f3mplice, deber\u00edan correrlo, y si \u2018se le escap\u00f3\u2019 deber\u00eda renunciar\u201d<\/i>.<\/span><\/p>\n<p>&nbsp;<\/p>\n<p><span style=\"color: #333333; font-family: merriweather, georgia, times new roman, serif;\"><b>Mart\u00edn Rold\u00e1n, del FOL<\/b>, plante\u00f3 en sus redes sociales que \u201cesto que hoy sale a la luz es con tarjetas de alimentos.\u00a0<i>Imaginen qu\u00e9 cosas deben pasar con la entrega de material de construcci\u00f3n, algo que Rosales siempre respondi\u00f3 no, no y no a cada persona que lo solicita\u201d<\/i>.\u00a0<\/span><\/p>\n<p>&nbsp;<\/p>\n<p><span style=\"color: #333333; font-family: merriweather, georgia, times new roman, serif;\"><b>Libres del Sur<\/b>\u00a0emiti\u00f3 un comunicado titulado \u201cAlimentos ausentes de la gente y presentes en los negocios de gobierno\u201d. Acusaron al Intendente de \u201chacer un negocio\u201d y que \u201ccumplieron\u201d.\u00a0<i>\u201cEn un contexto de desempleo e inflaci\u00f3n, donde acceder alimentos b\u00e1sicos es complejo para varias familias que acuden al Estado en busca de empat\u00eda y ayuda, esta gesti\u00f3n municipal utiliz\u00f3, nuevamente, datos p\u00fablicos en beneficio propio\u201d<\/i>.<\/span><\/p>\n<p>&nbsp;<\/p>\n<p><span style=\"color: #333333; font-family: merriweather, georgia, times new roman, serif;\"><a href=\"https:\/\/cdnoticias.com\/index.php\/2023\/03\/25\/irregularidades-en-desarrollo-social-movimiento-evita-exigio-pronto-esclarecimiento\/\" target=\"_blank\" rel=\"noopener\">El\u00a0<b>Movimiento Evita<\/b>\u00a0tambi\u00e9n sent\u00f3 postura ayer<\/a>: \u201cEn nuestro distrito muchos vecinos y vecinas se ven afectados por la falta de insumos que contemplan la canasta b\u00e1sica m\u00ednima para poder sostener una alimentaci\u00f3n plena.\u00a0<i>Mientras se malversan recursos destinados a la poblaci\u00f3n m\u00e1s vulnerada, en Olavarr\u00eda se van a destinar 15 millones a la construcci\u00f3n de un monumento y as\u00ed podemos mencionar innumerables gastos que son secundarios ante la situaci\u00f3n local\u201d<\/i>\u00a0se se\u00f1al\u00f3.<\/span><\/p>\n<p>&nbsp;<\/p>\n<p><span style=\"color: #333333; font-family: merriweather, georgia, times new roman, serif;\">Finalmente, desde el\u00a0<b>Polo Obrero<\/b>\u00a0<i>\u201cexigimos una investigaci\u00f3n independiente\u201d<\/i>\u00a0y dejaron en claro que \u201ccon el hambre del pueblo no se juega\u201d.<\/span><\/p>\n<p>&nbsp;<\/p>\n<p><span style=\"color: #333333; font-family: merriweather, georgia, times new roman, serif;\">Por ahora la situaci\u00f3n deja enojo y expectativas por su continuidad: hay muchas dudas en la informaci\u00f3n brindada. En contraste, la sucesi\u00f3n de los hechos ha sido contundente.<\/span><\/p>\n<div><span style=\"font-family: merriweather, georgia, times new roman, serif;\"><span style=\"color: #333333;\">\u00a0<\/span><\/span><\/div>\n<p><span style=\"color: #333333; font-family: merriweather, georgia, times new roman, serif;\"><b>\u201cQuiero ser Intendente de Olavarr\u00eda\u201d<\/b><\/span><\/p>\n<div><span style=\"font-family: merriweather, georgia, times new roman, serif;\"><span style=\"color: #333333;\">\u00a0<\/span><\/span><\/div>\n<p><span style=\"color: #333333; font-family: merriweather, georgia, times new roman, serif;\">Tom\u00e1 mate.\u00a0<b>Eduardo Rodr\u00edguez lo dijo abiertamente: quiere ir a una interna dentro del Frente de Todos\u00a0<\/b>y aspira a competir por ser el sucesor de Ezequiel Galli. Con mucho por delante, pero con la posibilidad m\u00e1s que concreta, <a href=\"https:\/\/cdnoticias.com\/index.php\/2023\/03\/23\/eduardo-rodriguez-quiero-ser-intendente-de-olavarria\/\" target=\"_blank\" rel=\"noopener\">el lanzamiento del funcionario provincial dej\u00f3 tela para cortar<\/a>.<\/span><\/p>\n<p>&nbsp;<\/p>\n<p><span style=\"color: #333333; font-family: merriweather, georgia, times new roman, serif;\">Un\u00a0<b>plenario muy cerrado\u00a0<\/b>-hubo muchos curiosos y poca informaci\u00f3n- el operativo clamor por Eduardo y la propia confirmaci\u00f3n del dirigente mostraron que el Frente Renovador ya tiene sus piezas en juego en el distrito.<\/span><\/p>\n<p>&nbsp;<\/p>\n<blockquote class=\"wp-embedded-content\" data-secret=\"LMuvz1xXU2\"><p><a href=\"https:\/\/cdnoticias.com\/index.php\/2023\/03\/23\/eduardo-rodriguez-quiero-ser-intendente-de-olavarria\/\">Eduardo Rodr\u00edguez: \u201cQuiero ser Intendente de Olavarr\u00eda\u201d<\/a><\/p><\/blockquote>\n<p><iframe loading=\"lazy\" class=\"wp-embedded-content\" sandbox=\"allow-scripts\" security=\"restricted\" style=\"position: absolute; clip: rect(1px, 1px, 1px, 1px);\" title=\"&#8220;Eduardo Rodr\u00edguez: \u201cQuiero ser Intendente de Olavarr\u00eda\u201d&#8221; &#8212; Central de Noticias | Olavarr\u00eda\" src=\"https:\/\/cdnoticias.com\/index.php\/2023\/03\/23\/eduardo-rodriguez-quiero-ser-intendente-de-olavarria\/embed\/#?secret=HRbytH2nGS#?secret=LMuvz1xXU2\" data-secret=\"LMuvz1xXU2\" width=\"600\" height=\"338\" frameborder=\"0\" marginwidth=\"0\" marginheight=\"0\" scrolling=\"no\"><\/iframe><\/p>\n<p>&nbsp;<\/p>\n<p><span style=\"color: #333333; font-family: merriweather, georgia, times new roman, serif;\">Con un discurso similar al que ofreci\u00f3 a fin de a\u00f1o en el sal\u00f3n de AOMA pero con un contexto ya de precandidato,\u00a0<b>Rodr\u00edguez pidi\u00f3 discutir proyectos a largo plazo<\/b>\u00a0y enfatizar en varias<b>\u00a0\u00e1reas que requieren una intervenci\u00f3n mayor del Estado<\/b>, como la Salud. Textual, sum\u00f3 lo de\u00a0<i>\u201cadministrar el Municipio para recuperar la capacidad de inversi\u00f3n p\u00fablica para hacer las obras que piden nuestros vecinos y proyectos a futuro, avanzar con la ampliaci\u00f3n de la planta urbana aprobada con la incorporaci\u00f3n de lotes para la construcci\u00f3n de viviendas y darle centralidad a las pol\u00edticas de Cultura, Deporte y desarrollo humano\u201d<\/i>.<\/span><\/p>\n<p>&nbsp;<\/p>\n<p><span style=\"color: #333333; font-family: merriweather, georgia, times new roman, serif;\">Hubo halagos de\u00a0<b>Ricardo Lissalde<\/b>\u00a0y la legisladora<b>\u00a0Luciana Padulo<\/b>, sumado al m\u00e1s de\u00a0<b>medio centenar de asistentes<\/b>\u00a0de Olavarr\u00eda y la Secci\u00f3n para mostrar este acompa\u00f1amiento.\u00a0<\/span><\/p>\n<p>&nbsp;<\/p>\n<blockquote class=\"twitter-tweet\">\n<p dir=\"ltr\" lang=\"es\">Quiero ser Intendente para que <a href=\"https:\/\/twitter.com\/hashtag\/Olavarr%C3%ADa?src=hash&amp;ref_src=twsrc%5Etfw\">#Olavarr\u00eda<\/a> vuelva a la senda del progreso y trabajo.<br \/>\nCon una propuesta superadora a la actual gesti\u00f3n Municipal y convocando a la participaci\u00f3n para devolverle la esperanza a los y las olavarrienses.<a href=\"https:\/\/twitter.com\/hashtag\/AmorxOlavarr%C3%ADa?src=hash&amp;ref_src=twsrc%5Etfw\">#AmorxOlavarr\u00eda<\/a>\u2764\ufe0f <a href=\"https:\/\/t.co\/lrSIKwBBTh\">pic.twitter.com\/lrSIKwBBTh<\/a><\/p>\n<p>\u2014 Eduardo Rodr\u00edguez (@rodriguezolav) <a href=\"https:\/\/twitter.com\/rodriguezolav\/status\/1639627618516361216?ref_src=twsrc%5Etfw\">March 25, 2023<\/a><\/p><\/blockquote>\n<p><script async src=\"https:\/\/platform.twitter.com\/widgets.js\" charset=\"utf-8\"><\/script><\/p>\n<p>&nbsp;<\/p>\n<p><span style=\"color: #333333; font-family: merriweather, georgia, times new roman, serif;\">Una precandidatura que, por ahora, va sobre rieles: el propio\u00a0<b>C\u00e9sar Valicenti expres\u00f3 d\u00edas atr\u00e1s que \u201cser\u00eda saludable\u201d una interna dentro del Frente de Todos\u00a0<\/b>en el distrito. Pues bien, Rodr\u00edguez se anot\u00f3 como uno de los posibles contrincantes para discutir proyectos de ciudad ante el Intendente Galli pero tambi\u00e9n puertas adentro de la oposici\u00f3n.\u00a0<\/span><\/p>\n<p>&nbsp;<\/p>\n<p><span style=\"color: #333333; font-family: merriweather, georgia, times new roman, serif;\"><b>Pareciera que, como m\u00ednimo, hay lugar para dos en esa interna<\/b>.<i>\u00a0\u00bfLo habr\u00e1 para Hern\u00e1n Parra, el tercero en discordia (y por ahora) que tiene el Frente de Todos?\u00a0<\/i>Restar\u00e1 saber la presi\u00f3n que pueda ejercer \u201cBali\u201d Bucca, de injerencia en el gobierno nacional y con buena relaci\u00f3n en el \u00e1mbito bonaerense. Pero abran paso que muchos buscan poner su nombre en una boleta.<\/span><\/p>\n<p>&nbsp;<\/p>\n<p><em>* Un extracto<\/em><\/p>\n<p>&nbsp;<\/p>\n<p><em>Esta publicaci\u00f3n es parte de la edici\u00f3n de este domingo del newsletter Volver a las Fuentes que escriben Alexis Grierson y Josefina Bargas.\u00a0La\u00a0<a href=\"https:\/\/zcsub-cmpzourl.campaign-view.com\/ua\/SharedView?od=3ze8729c286f54973021ca849466b964f7fe34a331c7b811adb1aca9358666b9e7&amp;cno=11a2b0b215f69ac&amp;cd=1f099c43b6a0f890&amp;m=0\" target=\"_blank\" rel=\"noopener\">edici\u00f3n completa est\u00e1 disponible aqu\u00ed<\/a> y se pueden realizar <\/em><em><a href=\"https:\/\/linktr.ee\/nhdp_valf\" target=\"_blank\" rel=\"noopener\">aportes \u00fanicos aqu\u00ed<\/a>.\u00a0<\/em><\/p>\n","protected":false},"excerpt":{"rendered":"<p>C\u00f3mo se dieron las reuniones y los contactos que llevaron a la denuncia de irregularidades en Desarrollo Social municipal y<\/p>\n","protected":false},"author":4,"featured_media":80644,"comment_status":"closed","ping_status":"closed","sticky":false,"template":"","format":"standard","meta":{"_jetpack_memberships_contains_paid_content":false,"footnotes":""},"categories":[4,1],"tags":[],"class_list":["post-80640","post","type-post","status-publish","format-standard","has-post-thumbnail","hentry","category-politica","category-portada"],"jetpack_featured_media_url":"https:\/\/i0.wp.com\/cdnoticias.com\/wp-content\/uploads\/2023\/03\/silvana-rosales-diego-robbiani-ezequiel-galli.jpg?fit=800%2C445&ssl=1","jetpack_sharing_enabled":true,"_links":{"self":[{"href":"https:\/\/cdnoticias.com\/index.php\/wp-json\/wp\/v2\/posts\/80640","targetHints":{"allow":["GET"]}}],"collection":[{"href":"https:\/\/cdnoticias.com\/index.php\/wp-json\/wp\/v2\/posts"}],"about":[{"href":"https:\/\/cdnoticias.com\/index.php\/wp-json\/wp\/v2\/types\/post"}],"author":[{"embeddable":true,"href":"https:\/\/cdnoticias.com\/index.php\/wp-json\/wp\/v2\/users\/4"}],"replies":[{"embeddable":true,"href":"https:\/\/cdnoticias.com\/index.php\/wp-json\/wp\/v2\/comments?post=80640"}],"version-history":[{"count":0,"href":"https:\/\/cdnoticias.com\/index.php\/wp-json\/wp\/v2\/posts\/80640\/revisions"}],"wp:featuredmedia":[{"embeddable":true,"href":"https:\/\/cdnoticias.com\/index.php\/wp-json\/wp\/v2\/media\/80644"}],"wp:attachment":[{"href":"https:\/\/cdnoticias.com\/index.php\/wp-json\/wp\/v2\/media?parent=80640"}],"wp:term":[{"taxonomy":"category","embeddable":true,"href":"https:\/\/cdnoticias.com\/index.php\/wp-json\/wp\/v2\/categories?post=80640"},{"taxonomy":"post_tag","embeddable":true,"href":"https:\/\/cdnoticias.com\/index.php\/wp-json\/wp\/v2\/tags?post=80640"}],"curies":[{"name":"wp","href":"https:\/\/api.w.org\/{rel}","templated":true}]}}