{"id":8064,"date":"2020-12-03T12:46:45","date_gmt":"2020-12-03T15:46:45","guid":{"rendered":"http:\/\/www.centraldenoticias.com.ar\/?p=8064"},"modified":"2020-12-03T15:19:39","modified_gmt":"2020-12-03T18:19:39","slug":"el-sindicato-de-trabajadores-municipales-se-manifesto-en-el-concejo","status":"publish","type":"post","link":"https:\/\/cdnoticias.com\/index.php\/2020\/12\/03\/el-sindicato-de-trabajadores-municipales-se-manifesto-en-el-concejo\/","title":{"rendered":"El Sindicato de Trabajadores Municipales se manifest\u00f3 en el Concejo"},"content":{"rendered":"<p>Encabezados por el titular, Jos\u00e9 Stuppia, un grupo se moviliz\u00f3 a la sede del Concejo para reclamar por un proyecto de venta de lotes al STMO. Este jueves se dijo que se destinar\u00e1 \u201ca un barrio\u201d.<!--more--><\/p>\n<hr \/>\n<p>La semana pasada tom\u00f3 estado parlamentario en el Concejo Deliberante un proyecto que envi\u00f3 el Ejecutivo para autorizar <strong>la venta de 3,8 hect\u00e1reas por 40 millones de pesos al Sindicato de Trabajadores Municipales<\/strong> (STMO).<\/p>\n<p>Este jueves -una semana despu\u00e9s- <strong>un grupo encabezado por el secretario general, Jos\u00e9 Stuppia, se moviliz\u00f3 a la sede del Legislativo<\/strong>. Seg\u00fan trascendi\u00f3, el objetivo de esta manifestaci\u00f3n que parti\u00f3 desde la carpa instalada frente al Palacio Municipal donde el STMO protesta en el marco de las paritarias, fue<strong> conocer el avance del expediente<\/strong>.<\/p>\n<p>Fueron <strong>alrededor de 30 manifestantes<\/strong> quienes se presentaron en el Concejo hasta donde llegaron con m\u00fasicos.<\/p>\n<p><img data-recalc-dims=\"1\" loading=\"lazy\" decoding=\"async\" class=\"aligncenter wp-image-8067 size-large\" src=\"https:\/\/i0.wp.com\/cdnoticias.com\/wp-content\/uploads\/2020\/12\/STMO-01.jpg?resize=800%2C461&#038;ssl=1\" alt=\"\" width=\"800\" height=\"461\" srcset=\"https:\/\/i0.wp.com\/cdnoticias.com\/wp-content\/uploads\/2020\/12\/STMO-01.jpg?resize=1024%2C590&amp;ssl=1 1024w, https:\/\/i0.wp.com\/cdnoticias.com\/wp-content\/uploads\/2020\/12\/STMO-01.jpg?resize=300%2C173&amp;ssl=1 300w, https:\/\/i0.wp.com\/cdnoticias.com\/wp-content\/uploads\/2020\/12\/STMO-01.jpg?resize=768%2C443&amp;ssl=1 768w, https:\/\/i0.wp.com\/cdnoticias.com\/wp-content\/uploads\/2020\/12\/STMO-01.jpg?w=1124&amp;ssl=1 1124w\" sizes=\"auto, (max-width: 800px) 100vw, 800px\" \/><\/p>\n<p>Buscaron dialogar con concejales de los distintos bloques y se confirm\u00f3 que <strong>hablaron con integrantes del bloque oficialista, entre ellos el presidente de Juntos por el Cambio, Mart\u00edn Endere<\/strong>, adem\u00e1s de Nicol\u00e1s Marinangeli, Maite Salerno y Cecilia Krivochen.<\/p>\n<p>En tanto, trascendi\u00f3 que <strong>de manera informal Stuppia dio a conocer que el predio, ubicado en la zona de Trabajadores y La Rioja, se destinar\u00e1 a &#8220;un barrio&#8221;<\/strong>. En tanto, en la documentaci\u00f3n que se present\u00f3 al Concejo, el STMO declar\u00f3 que proyectaba un \u201cdestino social\u201d para los lotes.<\/p>\n<p>Cabe recordar que este acuerdo entre el Ejecutivo y el Sindicato fue<a href=\"https:\/\/cdnoticias.com\/index.php\/2020\/11\/26\/el-partido-obrero-denuncio-una-venta-de-terrenos-fiscales-record-al-sindicato-de-trabajadores-municipales\/\"> expuesto por la Asamblea por la Vivienda<\/a> que cuestion\u00f3 distintos aspectos, entre ellos, la rapidez con la que se acord\u00f3 la transacci\u00f3n, el destino y el valor de la venta.<\/p>\n<p><img data-recalc-dims=\"1\" loading=\"lazy\" decoding=\"async\" class=\"aligncenter wp-image-8066 size-large\" src=\"https:\/\/i0.wp.com\/cdnoticias.com\/wp-content\/uploads\/2020\/12\/STMO-800x445.jpg?resize=800%2C447&#038;ssl=1\" alt=\"\" width=\"800\" height=\"447\" srcset=\"https:\/\/i0.wp.com\/cdnoticias.com\/wp-content\/uploads\/2020\/12\/STMO-800x445.jpg?resize=1024%2C572&amp;ssl=1 1024w, https:\/\/i0.wp.com\/cdnoticias.com\/wp-content\/uploads\/2020\/12\/STMO-800x445.jpg?resize=300%2C167&amp;ssl=1 300w, https:\/\/i0.wp.com\/cdnoticias.com\/wp-content\/uploads\/2020\/12\/STMO-800x445.jpg?resize=768%2C429&amp;ssl=1 768w, https:\/\/i0.wp.com\/cdnoticias.com\/wp-content\/uploads\/2020\/12\/STMO-800x445.jpg?w=1204&amp;ssl=1 1204w\" sizes=\"auto, (max-width: 800px) 100vw, 800px\" \/><\/p>\n","protected":false},"excerpt":{"rendered":"<p>Encabezados por el titular, Jos\u00e9 Stuppia, un grupo se moviliz\u00f3 a la sede del Concejo para reclamar por un proyecto<\/p>\n","protected":false},"author":4,"featured_media":8068,"comment_status":"closed","ping_status":"closed","sticky":false,"template":"","format":"standard","meta":{"_jetpack_memberships_contains_paid_content":false,"footnotes":""},"categories":[5,1],"tags":[],"class_list":["post-8064","post","type-post","status-publish","format-standard","has-post-thumbnail","hentry","category-informacion-general","category-portada"],"jetpack_featured_media_url":"https:\/\/i0.wp.com\/cdnoticias.com\/wp-content\/uploads\/2020\/12\/STMO-02.jpg?fit=940%2C524&ssl=1","jetpack_sharing_enabled":true,"_links":{"self":[{"href":"https:\/\/cdnoticias.com\/index.php\/wp-json\/wp\/v2\/posts\/8064","targetHints":{"allow":["GET"]}}],"collection":[{"href":"https:\/\/cdnoticias.com\/index.php\/wp-json\/wp\/v2\/posts"}],"about":[{"href":"https:\/\/cdnoticias.com\/index.php\/wp-json\/wp\/v2\/types\/post"}],"author":[{"embeddable":true,"href":"https:\/\/cdnoticias.com\/index.php\/wp-json\/wp\/v2\/users\/4"}],"replies":[{"embeddable":true,"href":"https:\/\/cdnoticias.com\/index.php\/wp-json\/wp\/v2\/comments?post=8064"}],"version-history":[{"count":0,"href":"https:\/\/cdnoticias.com\/index.php\/wp-json\/wp\/v2\/posts\/8064\/revisions"}],"wp:featuredmedia":[{"embeddable":true,"href":"https:\/\/cdnoticias.com\/index.php\/wp-json\/wp\/v2\/media\/8068"}],"wp:attachment":[{"href":"https:\/\/cdnoticias.com\/index.php\/wp-json\/wp\/v2\/media?parent=8064"}],"wp:term":[{"taxonomy":"category","embeddable":true,"href":"https:\/\/cdnoticias.com\/index.php\/wp-json\/wp\/v2\/categories?post=8064"},{"taxonomy":"post_tag","embeddable":true,"href":"https:\/\/cdnoticias.com\/index.php\/wp-json\/wp\/v2\/tags?post=8064"}],"curies":[{"name":"wp","href":"https:\/\/api.w.org\/{rel}","templated":true}]}}