{"id":80628,"date":"2023-03-26T19:12:32","date_gmt":"2023-03-26T22:12:32","guid":{"rendered":"https:\/\/www.centraldenoticias.com.ar\/?p=80628"},"modified":"2023-03-26T19:12:32","modified_gmt":"2023-03-26T22:12:32","slug":"el-dia-del-artesano-se-celebro-con-una-feria-en-la-plaza-central","status":"publish","type":"post","link":"https:\/\/cdnoticias.com\/index.php\/2023\/03\/26\/el-dia-del-artesano-se-celebro-con-una-feria-en-la-plaza-central\/","title":{"rendered":"El D\u00eda del Artesano se celebr\u00f3 con una feria en la plaza central"},"content":{"rendered":"<p>Fue este fin de semana largo en Olavarr\u00eda. Los artesanos locales registrados y fiscalizados mostraron y vendieron sus productos.<\/p>\n<p><!--more--><\/p>\n<hr \/>\n<p><strong>En el marco de la celebraci\u00f3n del D\u00eda del Artesano<\/strong>, que se conmemor\u00f3 el pasado 19 de marzo, este viernes, s\u00e1bado y domingo se llev\u00f3 a cabo la <strong>feria de artesanos locales registrados y fiscalizados<\/strong>.<\/p>\n<p>&nbsp;<\/p>\n<p>Cabe recordar que originalmente iba a concretarse el fin de semana pasado, pero debi\u00f3 ser reprogramada por cuestiones clim\u00e1ticas. En esta ocasi\u00f3n <strong>las condiciones meteorol\u00f3gicas acompa\u00f1aron la propuesta<\/strong> con jornadas de sol y temperaturas oto\u00f1ales.<\/p>\n<p>&nbsp;<\/p>\n<p><img data-recalc-dims=\"1\" loading=\"lazy\" decoding=\"async\" class=\"size-full wp-image-80635 aligncenter\" src=\"https:\/\/i0.wp.com\/cdnoticias.com\/wp-content\/uploads\/2023\/03\/feria-de-artesanos-02.jpg?resize=800%2C445&#038;ssl=1\" alt=\"\" width=\"800\" height=\"445\" srcset=\"https:\/\/i0.wp.com\/cdnoticias.com\/wp-content\/uploads\/2023\/03\/feria-de-artesanos-02.jpg?w=800&amp;ssl=1 800w, https:\/\/i0.wp.com\/cdnoticias.com\/wp-content\/uploads\/2023\/03\/feria-de-artesanos-02.jpg?resize=300%2C167&amp;ssl=1 300w, https:\/\/i0.wp.com\/cdnoticias.com\/wp-content\/uploads\/2023\/03\/feria-de-artesanos-02.jpg?resize=768%2C427&amp;ssl=1 768w\" sizes=\"auto, (max-width: 800px) 100vw, 800px\" \/><\/p>\n<p>&nbsp;<\/p>\n<p>En la <strong>Plaza Coronel Olavarr\u00eda<\/strong> y en el <strong>Paseo Jes\u00fas Mend\u00eda<\/strong> se presentaron los artesanos locales con sus puestos. De 10 a 22 horas ofrecieron sus producciones y mostraron sus emprendimientos, los cuales tambi\u00e9n han presentado en fines de semana anteriores en el Paseo ubicado en Brown y Del Valle.<\/p>\n<p>&nbsp;<\/p>\n<p>Se record\u00f3 que el <strong>D\u00eda del Artesano conmemora el trabajo<\/strong> de todos y cada uno de los artesanos que realizan trabajos creativos. El artesano destaca por su gran creatividad para elaborar objetos \u00fanicos, sin intervenci\u00f3n de maquinaria y con la utilizaci\u00f3n de diferentes materias primas.<\/p>\n<p>&nbsp;<\/p>\n<p><img data-recalc-dims=\"1\" loading=\"lazy\" decoding=\"async\" class=\"size-full wp-image-80634 aligncenter\" src=\"https:\/\/i0.wp.com\/cdnoticias.com\/wp-content\/uploads\/2023\/03\/feria-de-artesanos-01.jpg?resize=800%2C445&#038;ssl=1\" alt=\"\" width=\"800\" height=\"445\" srcset=\"https:\/\/i0.wp.com\/cdnoticias.com\/wp-content\/uploads\/2023\/03\/feria-de-artesanos-01.jpg?w=800&amp;ssl=1 800w, https:\/\/i0.wp.com\/cdnoticias.com\/wp-content\/uploads\/2023\/03\/feria-de-artesanos-01.jpg?resize=300%2C167&amp;ssl=1 300w, https:\/\/i0.wp.com\/cdnoticias.com\/wp-content\/uploads\/2023\/03\/feria-de-artesanos-01.jpg?resize=768%2C427&amp;ssl=1 768w\" sizes=\"auto, (max-width: 800px) 100vw, 800px\" \/><\/p>\n<p><img data-recalc-dims=\"1\" loading=\"lazy\" decoding=\"async\" class=\"size-full wp-image-80636 aligncenter\" src=\"https:\/\/i0.wp.com\/cdnoticias.com\/wp-content\/uploads\/2023\/03\/feria-de-artesanos-03.jpg?resize=450%2C449&#038;ssl=1\" alt=\"\" width=\"450\" height=\"449\" srcset=\"https:\/\/i0.wp.com\/cdnoticias.com\/wp-content\/uploads\/2023\/03\/feria-de-artesanos-03.jpg?w=450&amp;ssl=1 450w, https:\/\/i0.wp.com\/cdnoticias.com\/wp-content\/uploads\/2023\/03\/feria-de-artesanos-03.jpg?resize=300%2C300&amp;ssl=1 300w, https:\/\/i0.wp.com\/cdnoticias.com\/wp-content\/uploads\/2023\/03\/feria-de-artesanos-03.jpg?resize=150%2C150&amp;ssl=1 150w\" sizes=\"auto, (max-width: 450px) 100vw, 450px\" \/><\/p>\n","protected":false},"excerpt":{"rendered":"<p>Fue este fin de semana largo en Olavarr\u00eda. Los artesanos locales registrados y fiscalizados mostraron y vendieron sus productos.<\/p>\n","protected":false},"author":4,"featured_media":80633,"comment_status":"closed","ping_status":"closed","sticky":false,"template":"","format":"standard","meta":{"_jetpack_memberships_contains_paid_content":false,"footnotes":""},"categories":[9],"tags":[],"class_list":["post-80628","post","type-post","status-publish","format-standard","has-post-thumbnail","hentry","category-cultura"],"jetpack_featured_media_url":"https:\/\/i0.wp.com\/cdnoticias.com\/wp-content\/uploads\/2023\/03\/feria-de-artesanos-00.jpg?fit=800%2C445&ssl=1","jetpack_sharing_enabled":true,"_links":{"self":[{"href":"https:\/\/cdnoticias.com\/index.php\/wp-json\/wp\/v2\/posts\/80628","targetHints":{"allow":["GET"]}}],"collection":[{"href":"https:\/\/cdnoticias.com\/index.php\/wp-json\/wp\/v2\/posts"}],"about":[{"href":"https:\/\/cdnoticias.com\/index.php\/wp-json\/wp\/v2\/types\/post"}],"author":[{"embeddable":true,"href":"https:\/\/cdnoticias.com\/index.php\/wp-json\/wp\/v2\/users\/4"}],"replies":[{"embeddable":true,"href":"https:\/\/cdnoticias.com\/index.php\/wp-json\/wp\/v2\/comments?post=80628"}],"version-history":[{"count":0,"href":"https:\/\/cdnoticias.com\/index.php\/wp-json\/wp\/v2\/posts\/80628\/revisions"}],"wp:featuredmedia":[{"embeddable":true,"href":"https:\/\/cdnoticias.com\/index.php\/wp-json\/wp\/v2\/media\/80633"}],"wp:attachment":[{"href":"https:\/\/cdnoticias.com\/index.php\/wp-json\/wp\/v2\/media?parent=80628"}],"wp:term":[{"taxonomy":"category","embeddable":true,"href":"https:\/\/cdnoticias.com\/index.php\/wp-json\/wp\/v2\/categories?post=80628"},{"taxonomy":"post_tag","embeddable":true,"href":"https:\/\/cdnoticias.com\/index.php\/wp-json\/wp\/v2\/tags?post=80628"}],"curies":[{"name":"wp","href":"https:\/\/api.w.org\/{rel}","templated":true}]}}