{"id":8060,"date":"2020-12-03T11:48:00","date_gmt":"2020-12-03T14:48:00","guid":{"rendered":"http:\/\/www.centraldenoticias.com.ar\/?p=8060"},"modified":"2020-12-03T11:48:00","modified_gmt":"2020-12-03T14:48:00","slug":"alberto-fernandez-anuncio-que-antes-de-fin-de-ano-se-vacunaran-300-mil-personas","status":"publish","type":"post","link":"https:\/\/cdnoticias.com\/index.php\/2020\/12\/03\/alberto-fernandez-anuncio-que-antes-de-fin-de-ano-se-vacunaran-300-mil-personas\/","title":{"rendered":"Alberto Fern\u00e1ndez anunci\u00f3 que antes de fin de a\u00f1o se vacunar\u00e1n 300 mil personas"},"content":{"rendered":"<p>El presidente confirm\u00f3 que el pa\u00eds recibir\u00e1 300 mil dosis de la vacuna que fabrica Rusia y que se aplicar\u00e1n antes de fin de a\u00f1o. Esta semana se firmar\u00e1 el contrato entre los gobiernos ruso y argentino.<!--more--><\/p>\n<hr \/>\n<p><strong>\u201cEsta semana estamos firmando el contrato con Rusia y estamos esperando recibir de Rusia 300 mil vacunas a fin de a\u00f1o. Vamos a poder vacunar a 300 mil personas antes de fin de a\u00f1o\u201d<\/strong>, reafirm\u00f3 el jefe de Estado. Alberto Fern\u00e1ndez, en una entrevista con <strong>El Desatape Radio<\/strong>.<\/p>\n<p>Adem\u00e1s, detall\u00f3 que <strong>se vacunar\u00e1n \u201c5 millones de personas en enero y 5 millones durante febrero con la vacuna rusa\u201d<\/strong> e indic\u00f3 que \u201clas vacunas de Astra Zeneca y Oxford no est\u00e1 porque a\u00fan no las producen\u201d.<\/p>\n<p>El objetivo del Gobierno es \u201cvacunar a la mayor cantidad de gente y as\u00ed <strong>minimizar los da\u00f1os<\/strong> de la segunda ola de contagios\u201d que se estiman que llegue para el oto\u00f1o. Fern\u00e1ndez compar\u00f3, en ese punto, que \u201cen el verano Europa se relaj\u00f3, abri\u00f3 todo el turismo y la gastronom\u00eda, y en cuanto lleg\u00f3 el oto\u00f1o volvi\u00f3 la pandemia con una ferocidad enorme\u201d.<\/p>\n<p><strong>\u201cTenemos que hacer una epopeya de todos los argentinos\u201d<\/strong>, inst\u00f3 el mandatario sobre la campa\u00f1a de vacunaci\u00f3n que llevar\u00e1 adelante el Gobierno nacional durante el verano y puntualiz\u00f3 que para minimizar los efectos de la segunda ola, el objetivo ser\u00e1 <strong>\u201cvacunar primero a los que m\u00e1s riesgo tienen, personal de salud, seguridad, docentes, a las personas mayores de 60 a\u00f1os, y a las personas entre 18 &#8211; 60 a\u00f1os que tienen una enfermedad prevalente\u201d<\/strong>.<\/p>\n<p><img data-recalc-dims=\"1\" loading=\"lazy\" decoding=\"async\" class=\"aligncenter wp-image-8062\" src=\"https:\/\/i0.wp.com\/cdnoticias.com\/wp-content\/uploads\/2020\/12\/alberto-fernandez-telam01.jpg?resize=800%2C450&#038;ssl=1\" alt=\"\" width=\"800\" height=\"450\" srcset=\"https:\/\/i0.wp.com\/cdnoticias.com\/wp-content\/uploads\/2020\/12\/alberto-fernandez-telam01.jpg?resize=300%2C169&amp;ssl=1 300w, https:\/\/i0.wp.com\/cdnoticias.com\/wp-content\/uploads\/2020\/12\/alberto-fernandez-telam01.jpg?resize=768%2C432&amp;ssl=1 768w, https:\/\/i0.wp.com\/cdnoticias.com\/wp-content\/uploads\/2020\/12\/alberto-fernandez-telam01.jpg?w=1004&amp;ssl=1 1004w\" sizes=\"auto, (max-width: 800px) 100vw, 800px\" \/><\/p>\n<p>El mi\u00e9rcoles, las empresas estadounidense Pfizer y la alemana BioNTech -que recibieron autorizaci\u00f3n de uso de emergencia de las vacunas contra el coronavirus en el Reino Unido- presentaron el mismo pedido de permiso ante la ANMAT, que ya est\u00e1 evaluando las de Oxford \/ AstraZeneca y la rusa Sputnik.<\/p>\n<p>As\u00ed lo confirm\u00f3 el ministro de Salud, Gin\u00e9s Gonz\u00e1lez Garc\u00eda. \u201cLo que Pfizer present\u00f3 ante el ANMAT es el <strong>pedido de una autorizaci\u00f3n de emergencia<\/strong>, que es lo que se est\u00e1 pidiendo en todo el mundo, porque los estudios de fase 3 todav\u00eda no han terminado en ninguna vacuna\u201d, explic\u00f3 el titular de la cartera sanitaria en di\u00e1logo con T\u00e9lam.<\/p>\n<p>Explic\u00f3 que \u201c<strong>esta autorizaci\u00f3n se pide en un contexto de emergencia mundial<\/strong> y lo que hacen todas las entidades regulatorias es tramitarlo con mayor celeridad y comenz\u00f3 ese mecanismo en Argentina para la vacuna de Pfizer, lo cual es una buena noticia\u201d y asegur\u00f3 que \u201ctambi\u00e9n es una buena noticia que el Reino Unido lo haya autorizado y se lo aplique a su poblaci\u00f3n\u201d.<\/p>\n<p>Asimismo, Gonz\u00e1lez Garc\u00eda record\u00f3 que \u201cPfizer es una de las primeras empresas con las que se empez\u00f3 a dialogar, incluso se realiz\u00f3 el ensayo cl\u00ednico aqu\u00ed en Argentina\u201d y subray\u00f3 que \u201cactualmente se sigue en etapa de negociaci\u00f3n por tres millones de dosis, que implican un mill\u00f3n y medio de personas porque el esquema es de dos dosis\u201d.<\/p>\n<p>La vacuna de Pfizer requiere una conservaci\u00f3n de ultrafr\u00edo (menos 70 \u00b0C con un margen de m\u00e1s o menos 10 grados) lo que implica una exigencia en la log\u00edstica superior al resto de las vacunas candidatas.<\/p>\n<p>El ministro se\u00f1al\u00f3 ya en otras oportunidades que <strong>Argentina tendr\u00e1 un \u201cmix de vacunas\u201d<\/strong> y por tal motivo el Gobierno mantuvo di\u00e1logos con los diferentes productores en funci\u00f3n de la combinaci\u00f3n de tres variables: cu\u00e1ndo tendr\u00e1n resultados de fase 3, cu\u00e1ndo podr\u00edan enviar las dosis y a qu\u00e9 precio. \u201cLa vacuna de AstraZeneca ya se est\u00e1 produciendo en Argentina y con ellos ya tenemos el acuerdo firmado por la entrega de 22,4 millones de dosis que van a estar disponibles a partir de marzo\u201d, record\u00f3 el funcionario y subray\u00f3 que se va \u201ca recibir los 9 millones del mecanismo de compra del Covax\u201d.<\/p>\n<p>Adem\u00e1s, inform\u00f3 que \u201chay un memorando de entendimiento con China por la vacuna de Sinopharma\u201d y anunci\u00f3 que el martes se firm\u00f3 \u201cotro memorando con el Instituto Butantan, de Sao Pablo (Brasil), que est\u00e1 produciendo la vacuna de Sinovac (tambi\u00e9n China)\u201d. En esa l\u00ednea, hab\u00eda anticipado que \u201cya est\u00e1 todo muy aceitado con el Gobierno ruso por la vacuna Sputnik y en los pr\u00f3ximos d\u00edas seguramente se estar\u00e1 cerrando ese acuerdo\u201d.<\/p>\n<p>A su vez el ministro dio a conocer sobre el alcance que <strong>\u201cm\u00e1s de 12 millones de personas son grupos de riesgo y personal estrat\u00e9gico, personas de m\u00e1s de 60 a\u00f1os, docentes, personal de salud, Fuerzas Armadas y de seguridad, que ser\u00e1n vacunados en primera instancia\u201d<\/strong>. Aclar\u00f3 que quedar\u00e1n fuera del programa \u201cmenores de 18 a\u00f1os\u201d que no tengan comorbilidades \u201cporque no hay recomendaci\u00f3n cient\u00edfica\u201d de que deban recibir una dosis.<\/p>\n<p>Fuentes: eldestapeweb y T\u00e9lam<\/p>\n<p>Fotos: Telam<\/p>\n","protected":false},"excerpt":{"rendered":"<p>El presidente confirm\u00f3 que el pa\u00eds recibir\u00e1 300 mil dosis de la vacuna que fabrica Rusia y que se aplicar\u00e1n<\/p>\n","protected":false},"author":4,"featured_media":8061,"comment_status":"closed","ping_status":"closed","sticky":false,"template":"","format":"standard","meta":{"_jetpack_memberships_contains_paid_content":false,"footnotes":""},"categories":[6,1],"tags":[],"class_list":["post-8060","post","type-post","status-publish","format-standard","has-post-thumbnail","hentry","category-nacionales","category-portada"],"jetpack_featured_media_url":"https:\/\/i0.wp.com\/cdnoticias.com\/wp-content\/uploads\/2020\/12\/alberto-fernandez-telam.jpg?fit=1004%2C565&ssl=1","jetpack_sharing_enabled":true,"_links":{"self":[{"href":"https:\/\/cdnoticias.com\/index.php\/wp-json\/wp\/v2\/posts\/8060","targetHints":{"allow":["GET"]}}],"collection":[{"href":"https:\/\/cdnoticias.com\/index.php\/wp-json\/wp\/v2\/posts"}],"about":[{"href":"https:\/\/cdnoticias.com\/index.php\/wp-json\/wp\/v2\/types\/post"}],"author":[{"embeddable":true,"href":"https:\/\/cdnoticias.com\/index.php\/wp-json\/wp\/v2\/users\/4"}],"replies":[{"embeddable":true,"href":"https:\/\/cdnoticias.com\/index.php\/wp-json\/wp\/v2\/comments?post=8060"}],"version-history":[{"count":0,"href":"https:\/\/cdnoticias.com\/index.php\/wp-json\/wp\/v2\/posts\/8060\/revisions"}],"wp:featuredmedia":[{"embeddable":true,"href":"https:\/\/cdnoticias.com\/index.php\/wp-json\/wp\/v2\/media\/8061"}],"wp:attachment":[{"href":"https:\/\/cdnoticias.com\/index.php\/wp-json\/wp\/v2\/media?parent=8060"}],"wp:term":[{"taxonomy":"category","embeddable":true,"href":"https:\/\/cdnoticias.com\/index.php\/wp-json\/wp\/v2\/categories?post=8060"},{"taxonomy":"post_tag","embeddable":true,"href":"https:\/\/cdnoticias.com\/index.php\/wp-json\/wp\/v2\/tags?post=8060"}],"curies":[{"name":"wp","href":"https:\/\/api.w.org\/{rel}","templated":true}]}}