{"id":80591,"date":"2023-03-26T10:00:22","date_gmt":"2023-03-26T13:00:22","guid":{"rendered":"https:\/\/www.centraldenoticias.com.ar\/?p=80591"},"modified":"2023-03-26T13:00:32","modified_gmt":"2023-03-26T16:00:32","slug":"se-clausuro-una-fiesta-por-falta-de-autorizacion","status":"publish","type":"post","link":"https:\/\/cdnoticias.com\/index.php\/2023\/03\/26\/se-clausuro-una-fiesta-por-falta-de-autorizacion\/","title":{"rendered":"Se clausur\u00f3 una fiesta por falta de autorizaci\u00f3n"},"content":{"rendered":"<p>Fue descubierta por un llamado a Ojos en Alerta. En la fiesta hab\u00eda 400 personas aproximadamente.<br \/>\n<!--more--><\/p>\n<hr \/>\n<p>Este s\u00e1bado, luego de llamados a<strong> Ojos en Alerta<\/strong> y Centro Municipal de Monitoreo<strong> por ruidos molestos,<\/strong> <strong>se clausur\u00f3 una fiesta por falta de autorizaci\u00f3n Municipal.<\/strong><\/p>\n<p>&nbsp;<\/p>\n<p>La fiesta se realiz\u00f3 en calle 154 e Ituzaing\u00f3, cobr\u00e1ndose entrada para ingresar. Estaban presentes<strong> 400 personas<\/strong> aproximadamente.<\/p>\n<p>&nbsp;<\/p>\n<p><img data-recalc-dims=\"1\" loading=\"lazy\" decoding=\"async\" class=\"aligncenter wp-image-80595 size-full\" src=\"https:\/\/i0.wp.com\/cdnoticias.com\/wp-content\/uploads\/2023\/03\/WhatsApp-Image-2023-03-26-at-09.20.36.jpeg?resize=800%2C485&#038;ssl=1\" alt=\"\" width=\"800\" height=\"485\" srcset=\"https:\/\/i0.wp.com\/cdnoticias.com\/wp-content\/uploads\/2023\/03\/WhatsApp-Image-2023-03-26-at-09.20.36.jpeg?w=1280&amp;ssl=1 1280w, https:\/\/i0.wp.com\/cdnoticias.com\/wp-content\/uploads\/2023\/03\/WhatsApp-Image-2023-03-26-at-09.20.36.jpeg?resize=300%2C182&amp;ssl=1 300w, https:\/\/i0.wp.com\/cdnoticias.com\/wp-content\/uploads\/2023\/03\/WhatsApp-Image-2023-03-26-at-09.20.36.jpeg?resize=1024%2C621&amp;ssl=1 1024w, https:\/\/i0.wp.com\/cdnoticias.com\/wp-content\/uploads\/2023\/03\/WhatsApp-Image-2023-03-26-at-09.20.36.jpeg?resize=768%2C466&amp;ssl=1 768w\" sizes=\"auto, (max-width: 800px) 100vw, 800px\" \/><\/p>\n<p>&nbsp;<\/p>\n<p>En el lugar trabajaron personal de Polic\u00eda de Tr\u00e1nsito e Inspectores de Control Urbano. Se solicit\u00f3 la presencia del responsable de la organizaci\u00f3n del evento quien <strong>no present\u00f3 ninguna autorizaci\u00f3n,<\/strong> por lo que en consecuencia; se procedi\u00f3 a labrar el acta correspondiente de &#8220;<strong>Clausura y desalojo&#8221;.\u00a0<\/strong><\/p>\n<p>&nbsp;<\/p>\n<p>A los fines de acompa\u00f1ar a quienes estaban participando de la fiesta y evitar inconvenientes hasta el ingreso a la ciudad, se sum\u00f3 al acompa\u00f1amiento personal con patrullas de la Subcomisar\u00eda de Sierra Chica y del Comando Patrullas local. Por \u00faltimo se dio intervenci\u00f3n al Sr. Juez de Faltas Municipal.<\/p>\n<p>&nbsp;<\/p>\n<p><img data-recalc-dims=\"1\" loading=\"lazy\" decoding=\"async\" class=\"alignnone size-full wp-image-80596\" src=\"https:\/\/i0.wp.com\/cdnoticias.com\/wp-content\/uploads\/2023\/03\/WhatsApp-Image-2023-03-26-at-09.20.40.jpeg?resize=800%2C476&#038;ssl=1\" alt=\"\" width=\"800\" height=\"476\" srcset=\"https:\/\/i0.wp.com\/cdnoticias.com\/wp-content\/uploads\/2023\/03\/WhatsApp-Image-2023-03-26-at-09.20.40.jpeg?w=1271&amp;ssl=1 1271w, https:\/\/i0.wp.com\/cdnoticias.com\/wp-content\/uploads\/2023\/03\/WhatsApp-Image-2023-03-26-at-09.20.40.jpeg?resize=300%2C178&amp;ssl=1 300w, https:\/\/i0.wp.com\/cdnoticias.com\/wp-content\/uploads\/2023\/03\/WhatsApp-Image-2023-03-26-at-09.20.40.jpeg?resize=1024%2C609&amp;ssl=1 1024w, https:\/\/i0.wp.com\/cdnoticias.com\/wp-content\/uploads\/2023\/03\/WhatsApp-Image-2023-03-26-at-09.20.40.jpeg?resize=768%2C457&amp;ssl=1 768w\" sizes=\"auto, (max-width: 800px) 100vw, 800px\" \/><\/p>\n","protected":false},"excerpt":{"rendered":"<p>Fue descubierta por un llamado a Ojos en Alerta. En la fiesta hab\u00eda 400 personas aproximadamente.<\/p>\n","protected":false},"author":6,"featured_media":80592,"comment_status":"closed","ping_status":"closed","sticky":false,"template":"","format":"standard","meta":{"_jetpack_memberships_contains_paid_content":false,"footnotes":""},"categories":[14,1],"tags":[],"class_list":["post-80591","post","type-post","status-publish","format-standard","has-post-thumbnail","hentry","category-policiales","category-portada"],"jetpack_featured_media_url":"https:\/\/i0.wp.com\/cdnoticias.com\/wp-content\/uploads\/2023\/03\/WhatsApp-Image-2023-03-26-at-09.20.38.jpeg?fit=1600%2C900&ssl=1","jetpack_sharing_enabled":true,"_links":{"self":[{"href":"https:\/\/cdnoticias.com\/index.php\/wp-json\/wp\/v2\/posts\/80591","targetHints":{"allow":["GET"]}}],"collection":[{"href":"https:\/\/cdnoticias.com\/index.php\/wp-json\/wp\/v2\/posts"}],"about":[{"href":"https:\/\/cdnoticias.com\/index.php\/wp-json\/wp\/v2\/types\/post"}],"author":[{"embeddable":true,"href":"https:\/\/cdnoticias.com\/index.php\/wp-json\/wp\/v2\/users\/6"}],"replies":[{"embeddable":true,"href":"https:\/\/cdnoticias.com\/index.php\/wp-json\/wp\/v2\/comments?post=80591"}],"version-history":[{"count":0,"href":"https:\/\/cdnoticias.com\/index.php\/wp-json\/wp\/v2\/posts\/80591\/revisions"}],"wp:featuredmedia":[{"embeddable":true,"href":"https:\/\/cdnoticias.com\/index.php\/wp-json\/wp\/v2\/media\/80592"}],"wp:attachment":[{"href":"https:\/\/cdnoticias.com\/index.php\/wp-json\/wp\/v2\/media?parent=80591"}],"wp:term":[{"taxonomy":"category","embeddable":true,"href":"https:\/\/cdnoticias.com\/index.php\/wp-json\/wp\/v2\/categories?post=80591"},{"taxonomy":"post_tag","embeddable":true,"href":"https:\/\/cdnoticias.com\/index.php\/wp-json\/wp\/v2\/tags?post=80591"}],"curies":[{"name":"wp","href":"https:\/\/api.w.org\/{rel}","templated":true}]}}