{"id":80568,"date":"2023-03-26T18:22:05","date_gmt":"2023-03-26T21:22:05","guid":{"rendered":"https:\/\/www.centraldenoticias.com.ar\/?p=80568"},"modified":"2023-03-26T18:29:51","modified_gmt":"2023-03-26T21:29:51","slug":"movimiento-evita-y-casa-pueblo-realizaron-actividades-por-el-dia-de-la-memoria","status":"publish","type":"post","link":"https:\/\/cdnoticias.com\/index.php\/2023\/03\/26\/movimiento-evita-y-casa-pueblo-realizaron-actividades-por-el-dia-de-la-memoria\/","title":{"rendered":"Movimiento Evita y Casa Pueblo realizaron actividades por el D\u00eda de la Memoria"},"content":{"rendered":"<p>Fue este viernes en la plaza del barrio Ituzaing\u00f3 y estuvo destinada a las infancias. Tambi\u00e9n asistieron al Festival por la Memoria, Verdad y Justicia en el Parque de la Memoria.<!--more--><\/p>\n<hr \/>\n<p>Este viernes por la tarde, en la plaza del barrio Ituzaing\u00f3<strong>, Movimiento Evita<\/strong>\u00a0en conjunto con <strong>Casa Pueblo\u00a0<\/strong><b>Olavarr\u00eda<\/b>, llev\u00f3 adelante una actividad de lectura y reflexi\u00f3n en el marco del 24 de marzo, D\u00eda de la Memoria, destinada a las infancias.<\/p>\n<p>&nbsp;<\/p>\n<p>Se inici\u00f3 con la lectura de un cuento del Programa Abuelas Cuentan: <em><strong>&#8220;El esqueleto de la biblioteca<\/strong><\/em>&#8221; con el que se busc\u00f3 generar reflexiones en torno a la importancia de la <strong>identidad y la memoria.<\/strong><\/p>\n<p>&nbsp;<\/p>\n<p>Luego de una merienda, se <strong>intervinieron siluetas<\/strong> de diferentes esqueletos para darles identidad y expresar sensaciones sobre lo charlado. Las mismas se presentaron en el Festival por la Memoria, Verdad y Justicia realizado el 24 de Marzo en el Parque de la Memoria.<\/p>\n<p>&nbsp;<\/p>\n<p><em>&#8220;Que las infancias resignifiquen el concepto de memoria es muy importante. Sembrar en ellas la conciencia del Nunca M\u00e1s es una tarea constante de quienes estamos convencides de que las transformaciones sociales necesarias comienzan con peque\u00f1as acciones pero de gran valor pedag\u00f3gico&#8221;<\/em>, expres\u00f3 <strong>Yanina Lardapide<\/strong> coordinadora del espacio de acompa\u00f1amiento comunitario e integral Casa Pueblo.<\/p>\n<p>&nbsp;<\/p>\n<p><img data-recalc-dims=\"1\" loading=\"lazy\" decoding=\"async\" class=\"aligncenter wp-image-80572 size-full\" src=\"https:\/\/i0.wp.com\/cdnoticias.com\/wp-content\/uploads\/2023\/03\/WhatsApp-Image-2023-03-25-at-18.00.08-1.jpeg?resize=800%2C534&#038;ssl=1\" alt=\"\" width=\"800\" height=\"534\" srcset=\"https:\/\/i0.wp.com\/cdnoticias.com\/wp-content\/uploads\/2023\/03\/WhatsApp-Image-2023-03-25-at-18.00.08-1.jpeg?w=1124&amp;ssl=1 1124w, https:\/\/i0.wp.com\/cdnoticias.com\/wp-content\/uploads\/2023\/03\/WhatsApp-Image-2023-03-25-at-18.00.08-1.jpeg?resize=300%2C200&amp;ssl=1 300w, https:\/\/i0.wp.com\/cdnoticias.com\/wp-content\/uploads\/2023\/03\/WhatsApp-Image-2023-03-25-at-18.00.08-1.jpeg?resize=1024%2C683&amp;ssl=1 1024w, https:\/\/i0.wp.com\/cdnoticias.com\/wp-content\/uploads\/2023\/03\/WhatsApp-Image-2023-03-25-at-18.00.08-1.jpeg?resize=768%2C512&amp;ssl=1 768w, https:\/\/i0.wp.com\/cdnoticias.com\/wp-content\/uploads\/2023\/03\/WhatsApp-Image-2023-03-25-at-18.00.08-1.jpeg?resize=272%2C182&amp;ssl=1 272w\" sizes=\"auto, (max-width: 800px) 100vw, 800px\" \/><\/p>\n<p>&nbsp;<\/p>\n<p>As\u00ed mismo, sobre el D\u00eda de la Memoria, <strong>Sol Rivarola<\/strong>, dirigenta del <strong>Movimiento Evita<\/strong> expres\u00f3: &#8220;<em><strong>Cada 24 de marzo nos atraviesa como militantes porque hacemos memoria para que el horror de un golpe militar (Nunca M\u00e1s) vuelva a ocurrir, pero adem\u00e1s nos emociona hasta lo m\u00e1s profundo porque los sue\u00f1os de los 30.000 son nuestro horizonte&#8221;.\u00a0<\/strong><\/em><\/p>\n<p>&nbsp;<\/p>\n<blockquote><p>&#8220;Cumplimos 40 a\u00f1os de democracia ininterrumpida, y quiz\u00e1s ya no sean los gobiernos de facto los que quieran destruirla pero s\u00ed utilizan otros mecanismos como el partido judicial y los poderes medi\u00e1tico para perseguir, proscribir y silenciar a quienes queremos un mundo mejor. Vamos a seguir caminando, c\u00f3mo nos ense\u00f1aron las abuelas, hasta que dejen de condicionarnos&#8221; agreg\u00f3 Rivarola.<\/p><\/blockquote>\n<p>&nbsp;<\/p>\n<p>Por otro lado,\u00a0 <strong>Ariel Rodr\u00edguez<\/strong>, responsable pol\u00edtico del movimiento social y pol\u00edtico, resalt\u00f3: &#8220;Estar presente en cada 24 para nosotres no representa una fecha m\u00e1s, significa que los sue\u00f1os de otros j\u00f3venes est\u00e1n intacto en nosotres, porque comprendimos que los enemigos del pueblo, de los que le niegan el trabajo, el pan y un presente con derechos estuvieron siempre&#8221;.<\/p>\n<p>&nbsp;<\/p>\n<p><img data-recalc-dims=\"1\" loading=\"lazy\" decoding=\"async\" class=\"aligncenter wp-image-80573 size-full\" src=\"https:\/\/i0.wp.com\/cdnoticias.com\/wp-content\/uploads\/2023\/03\/WhatsApp-Image-2023-03-25-at-18.00.09.jpeg?resize=800%2C600&#038;ssl=1\" alt=\"\" width=\"800\" height=\"600\" srcset=\"https:\/\/i0.wp.com\/cdnoticias.com\/wp-content\/uploads\/2023\/03\/WhatsApp-Image-2023-03-25-at-18.00.09.jpeg?w=1280&amp;ssl=1 1280w, https:\/\/i0.wp.com\/cdnoticias.com\/wp-content\/uploads\/2023\/03\/WhatsApp-Image-2023-03-25-at-18.00.09.jpeg?resize=300%2C225&amp;ssl=1 300w, https:\/\/i0.wp.com\/cdnoticias.com\/wp-content\/uploads\/2023\/03\/WhatsApp-Image-2023-03-25-at-18.00.09.jpeg?resize=1024%2C768&amp;ssl=1 1024w, https:\/\/i0.wp.com\/cdnoticias.com\/wp-content\/uploads\/2023\/03\/WhatsApp-Image-2023-03-25-at-18.00.09.jpeg?resize=768%2C576&amp;ssl=1 768w\" sizes=\"auto, (max-width: 800px) 100vw, 800px\" \/><\/p>\n<p>&nbsp;<\/p>\n<blockquote><p>&#8220;Antes el mercado encontr\u00f3 a trav\u00e9s de las armas, del terror, de civiles c\u00f3mplices y diferentes instituciones el modo de arremeter no s\u00f3lo contra las ideas, sino contra la vida, desapareciendo y cometiendo cr\u00edmenes aberrantes. Secuestrando y robando beb\u00e9s, hoy hombres y mujeres que seguimos buscando&#8221; cerr\u00f3 Rodr\u00edguez.<\/p><\/blockquote>\n<p>&nbsp;<\/p>\n<p>Por \u00faltimo, expresaron: &#8220;En este 24 de marzo tambi\u00e9n le decimos <strong>nunca m\u00e1s a un partido judicial que tiene encerrada a nuestra compa\u00f1era Milagro Sala, que persigue\u00a0 a l\u00edderes populares<\/strong> y que condiciona la democracia proscribiendo de manera impune a conductoras pol\u00edtica como la compa\u00f1era Cristina. Decimos nunca m\u00e1s, militando, cantando, dando conocer, homenajeando. Es tambi\u00e9n una manera de reparar o al menos abrazar las heridas de nuestres compa\u00f1eros y compa\u00f1eras que siguen con nosotres construyendo una Patria justa, soberana y libre&#8221;.<\/p>\n<p>&nbsp;<\/p>\n","protected":false},"excerpt":{"rendered":"<p>Fue este viernes en la plaza del barrio Ituzaing\u00f3 y estuvo destinada a las infancias. Tambi\u00e9n asistieron al Festival por<\/p>\n","protected":false},"author":6,"featured_media":80569,"comment_status":"closed","ping_status":"closed","sticky":false,"template":"","format":"standard","meta":{"_jetpack_memberships_contains_paid_content":false,"footnotes":""},"categories":[5,1],"tags":[],"class_list":["post-80568","post","type-post","status-publish","format-standard","has-post-thumbnail","hentry","category-informacion-general","category-portada"],"jetpack_featured_media_url":"https:\/\/i0.wp.com\/cdnoticias.com\/wp-content\/uploads\/2023\/03\/WhatsApp-Image-2023-03-25-at-18.00.08.jpeg?fit=1124%2C750&ssl=1","jetpack_sharing_enabled":true,"_links":{"self":[{"href":"https:\/\/cdnoticias.com\/index.php\/wp-json\/wp\/v2\/posts\/80568","targetHints":{"allow":["GET"]}}],"collection":[{"href":"https:\/\/cdnoticias.com\/index.php\/wp-json\/wp\/v2\/posts"}],"about":[{"href":"https:\/\/cdnoticias.com\/index.php\/wp-json\/wp\/v2\/types\/post"}],"author":[{"embeddable":true,"href":"https:\/\/cdnoticias.com\/index.php\/wp-json\/wp\/v2\/users\/6"}],"replies":[{"embeddable":true,"href":"https:\/\/cdnoticias.com\/index.php\/wp-json\/wp\/v2\/comments?post=80568"}],"version-history":[{"count":0,"href":"https:\/\/cdnoticias.com\/index.php\/wp-json\/wp\/v2\/posts\/80568\/revisions"}],"wp:featuredmedia":[{"embeddable":true,"href":"https:\/\/cdnoticias.com\/index.php\/wp-json\/wp\/v2\/media\/80569"}],"wp:attachment":[{"href":"https:\/\/cdnoticias.com\/index.php\/wp-json\/wp\/v2\/media?parent=80568"}],"wp:term":[{"taxonomy":"category","embeddable":true,"href":"https:\/\/cdnoticias.com\/index.php\/wp-json\/wp\/v2\/categories?post=80568"},{"taxonomy":"post_tag","embeddable":true,"href":"https:\/\/cdnoticias.com\/index.php\/wp-json\/wp\/v2\/tags?post=80568"}],"curies":[{"name":"wp","href":"https:\/\/api.w.org\/{rel}","templated":true}]}}