{"id":80562,"date":"2023-03-25T17:30:08","date_gmt":"2023-03-25T20:30:08","guid":{"rendered":"https:\/\/www.centraldenoticias.com.ar\/?p=80562"},"modified":"2023-03-25T17:30:08","modified_gmt":"2023-03-25T20:30:08","slug":"ciclo-de-charlas-en-el-mes-del-compostaje","status":"publish","type":"post","link":"https:\/\/cdnoticias.com\/index.php\/2023\/03\/25\/ciclo-de-charlas-en-el-mes-del-compostaje\/","title":{"rendered":"Ciclo de charlas en el Mes del Compostaje"},"content":{"rendered":"<p>Las personas interesadas deber\u00e1n inscribirse previamente. Conoc\u00e9 el cronograma de actividades. <!--more--><\/p>\n<hr \/>\n<p>En el marco de la conmemoraci\u00f3n del <strong>Mes del Compostaje,<\/strong> se desarrollar\u00e1n un <strong>ciclo de charlas<\/strong> vinculadas a la tem\u00e1tica.<\/p>\n<p>&nbsp;<\/p>\n<p>Las charlas ser\u00e1n abiertas para toda la comunidad y se requiere de inscripci\u00f3n previa. Los interesados deber\u00e1n completar el <a href=\"https:\/\/docs.google.com\/forms\/d\/e\/1FAIpQLScothq8XtMUUG1G2-kqSEWtNE7QA2VM2wifnvnQ4zIe8lVQwA\/viewform\" target=\"_blank\" rel=\"noopener\">siguiente formulario.\u00a0<\/a><\/p>\n<p>&nbsp;<\/p>\n<p><strong>Cronograma de actividades\u00a0<\/strong><\/p>\n<p>&nbsp;<\/p>\n<ul>\n<li>Jueves 30 de marzo a las 18:15: Taller de Compostaje en el Centro Cultural San Jos\u00e9. A cargo de personal de la Direcci\u00f3n de Desarrollo Sustentable.<\/li>\n<li>Jueves 13 de abril a las 18:15: Taller de Lombricompuesto en el Centro Cultural San Jos\u00e9. A cargo de personal de la Direcci\u00f3n de Desarrollo Sustentable.<\/li>\n<li>Mi\u00e9rcoles 19 de abril a las 17:30: Taller de Bocashi (abono org\u00e1nico en 15 d\u00edas) en el Vivero Municipal. A cargo de Maximiliano Reitz, de la Chacra Agroecol\u00f3gica el Aromo.<\/li>\n<\/ul>\n<p>&nbsp;<\/p>\n<p>El \u201c<strong>Mes del compostaje<\/strong>\u201d se celebra entre el 22 de marzo (D\u00eda del Agua) y el 22 de abril (D\u00eda de la Tierra). La iniciativa fue tomada por el Ministerio de Ambiente y Desarrollo Sostenible mediante la Resoluci\u00f3n 92\/2020 de esta \u00e1rea nacional, como una acci\u00f3n para el cuidado del planeta.<\/p>\n","protected":false},"excerpt":{"rendered":"<p>Las personas interesadas deber\u00e1n inscribirse previamente. Conoc\u00e9 el cronograma de actividades.<\/p>\n","protected":false},"author":6,"featured_media":22613,"comment_status":"closed","ping_status":"closed","sticky":false,"template":"","format":"standard","meta":{"_jetpack_memberships_contains_paid_content":false,"footnotes":""},"categories":[5,1],"tags":[],"class_list":["post-80562","post","type-post","status-publish","format-standard","has-post-thumbnail","hentry","category-informacion-general","category-portada"],"jetpack_featured_media_url":"https:\/\/i0.wp.com\/cdnoticias.com\/wp-content\/uploads\/2021\/05\/DS-Compostaje-GIRO.jpg?fit=565%2C372&ssl=1","jetpack_sharing_enabled":true,"_links":{"self":[{"href":"https:\/\/cdnoticias.com\/index.php\/wp-json\/wp\/v2\/posts\/80562","targetHints":{"allow":["GET"]}}],"collection":[{"href":"https:\/\/cdnoticias.com\/index.php\/wp-json\/wp\/v2\/posts"}],"about":[{"href":"https:\/\/cdnoticias.com\/index.php\/wp-json\/wp\/v2\/types\/post"}],"author":[{"embeddable":true,"href":"https:\/\/cdnoticias.com\/index.php\/wp-json\/wp\/v2\/users\/6"}],"replies":[{"embeddable":true,"href":"https:\/\/cdnoticias.com\/index.php\/wp-json\/wp\/v2\/comments?post=80562"}],"version-history":[{"count":0,"href":"https:\/\/cdnoticias.com\/index.php\/wp-json\/wp\/v2\/posts\/80562\/revisions"}],"wp:featuredmedia":[{"embeddable":true,"href":"https:\/\/cdnoticias.com\/index.php\/wp-json\/wp\/v2\/media\/22613"}],"wp:attachment":[{"href":"https:\/\/cdnoticias.com\/index.php\/wp-json\/wp\/v2\/media?parent=80562"}],"wp:term":[{"taxonomy":"category","embeddable":true,"href":"https:\/\/cdnoticias.com\/index.php\/wp-json\/wp\/v2\/categories?post=80562"},{"taxonomy":"post_tag","embeddable":true,"href":"https:\/\/cdnoticias.com\/index.php\/wp-json\/wp\/v2\/tags?post=80562"}],"curies":[{"name":"wp","href":"https:\/\/api.w.org\/{rel}","templated":true}]}}