{"id":80555,"date":"2023-03-26T09:05:13","date_gmt":"2023-03-26T12:05:13","guid":{"rendered":"https:\/\/www.centraldenoticias.com.ar\/?p=80555"},"modified":"2023-03-26T09:05:13","modified_gmt":"2023-03-26T12:05:13","slug":"rodriguez-larreta-en-lujan-tenemos-un-muy-buen-equipo-para-cambiar-lujan-y-la-provincia-de-buenos-aires","status":"publish","type":"post","link":"https:\/\/cdnoticias.com\/index.php\/2023\/03\/26\/rodriguez-larreta-en-lujan-tenemos-un-muy-buen-equipo-para-cambiar-lujan-y-la-provincia-de-buenos-aires\/","title":{"rendered":"Rodr\u00edguez Larreta en Luj\u00e1n: \u201cTenemos un muy buen equipo para cambiar Luj\u00e1n y la Provincia de Buenos Aires\u201d"},"content":{"rendered":"<p>Este s\u00e1bado, el precandidato a presidente de Juntos por el Cambio estuvo junto a H\u00e9ctor Griffini, concejal de la municipalidad compartiendo distintas actividades. <!--more--><\/p>\n<hr \/>\n<p>El precandidato a presidente de Juntos por el Cambio,<strong> Horacio Rodr\u00edguez Larreta<\/strong> estuvo este s\u00e1bado por la ma\u00f1ana en la ciudad de<strong> Luj\u00e1n.<\/strong><\/p>\n<p>&nbsp;<\/p>\n<p>All\u00ed comparti\u00f3 distintas actividades con<strong> H\u00e9ctor Griffini<\/strong>, concejal de la municipalidad. Tambi\u00e9n, estuvo acompa\u00f1ado por la abogada y especialista en seguridad, <strong>Florencia Arietto.<\/strong><\/p>\n<p>&nbsp;<\/p>\n<p>La agenda de Rodr\u00edguez Larreta estuvo marcada por una visita a la tradicional Bas\u00edlica de Luj\u00e1n y una caminata por el centro de la ciudad. Adem\u00e1s, escuch\u00f3 las preocupaciones de los locales durante un caf\u00e9 de vecinos.<\/p>\n<p>&nbsp;<\/p>\n<p><em>\u201cSigue la preocupaci\u00f3n por la inseguridad por todos lados, y tambi\u00e9n el problema de la inflaci\u00f3n, para los comerciantes que venden y tienen que reponer a un precio m\u00e1s caro del que vendieron\u201d<\/em>, afirm\u00f3 el dirigente pol\u00edtico, respecto a los <strong>principales problemas que inquietan a los lujanenses.<\/strong><\/p>\n<p>&nbsp;<\/p>\n<p>Por su parte, Griffini fue cr\u00edtico en relaci\u00f3n al mandato del actual intendente, Leonardo Boto: <em>\u201cEs una gesti\u00f3n descoordinada, sin planificaci\u00f3n y con much\u00edsima falta de transparencia. Queremos vivir mejor, y vamos a vivir mejor en Luj\u00e1n de la mano de Horacio, y Diego en la Provincia de Buenos Aires\u201d.<\/em><\/p>\n<p>&nbsp;<\/p>\n<p>Rodr\u00edguez Larreta, se mostr\u00f3 confiado respecto a los dirigentes que se encuentran trabajando para recomponer la situaci\u00f3n de los bonaerenses: \u201c<em>Con H\u00e9ctor y Diego Santilli, tenemos un muy buen equipo para cambiar Luj\u00e1n y la provincia de Buenos Aires\u201d. <\/em><\/p>\n<p>&nbsp;<\/p>\n<p>Por \u00faltimo, Larreta sostuvo que recibi\u00f3 el apoyo de los locales: \u201cRecog\u00ed mucho cari\u00f1o y muchas ganas de cambio\u201d.<\/p>\n<p>&nbsp;<\/p>\n<p>&nbsp;<\/p>\n","protected":false},"excerpt":{"rendered":"<p>Este s\u00e1bado, el precandidato a presidente de Juntos por el Cambio estuvo junto a H\u00e9ctor Griffini, concejal de la municipalidad<\/p>\n","protected":false},"author":6,"featured_media":80556,"comment_status":"closed","ping_status":"closed","sticky":false,"template":"","format":"standard","meta":{"_jetpack_memberships_contains_paid_content":false,"footnotes":""},"categories":[6],"tags":[],"class_list":["post-80555","post","type-post","status-publish","format-standard","has-post-thumbnail","hentry","category-nacionales"],"jetpack_featured_media_url":"https:\/\/i0.wp.com\/cdnoticias.com\/wp-content\/uploads\/2023\/03\/WhatsApp-Image-2023-03-25-at-16.29.32.jpeg?fit=1600%2C1066&ssl=1","jetpack_sharing_enabled":true,"_links":{"self":[{"href":"https:\/\/cdnoticias.com\/index.php\/wp-json\/wp\/v2\/posts\/80555","targetHints":{"allow":["GET"]}}],"collection":[{"href":"https:\/\/cdnoticias.com\/index.php\/wp-json\/wp\/v2\/posts"}],"about":[{"href":"https:\/\/cdnoticias.com\/index.php\/wp-json\/wp\/v2\/types\/post"}],"author":[{"embeddable":true,"href":"https:\/\/cdnoticias.com\/index.php\/wp-json\/wp\/v2\/users\/6"}],"replies":[{"embeddable":true,"href":"https:\/\/cdnoticias.com\/index.php\/wp-json\/wp\/v2\/comments?post=80555"}],"version-history":[{"count":0,"href":"https:\/\/cdnoticias.com\/index.php\/wp-json\/wp\/v2\/posts\/80555\/revisions"}],"wp:featuredmedia":[{"embeddable":true,"href":"https:\/\/cdnoticias.com\/index.php\/wp-json\/wp\/v2\/media\/80556"}],"wp:attachment":[{"href":"https:\/\/cdnoticias.com\/index.php\/wp-json\/wp\/v2\/media?parent=80555"}],"wp:term":[{"taxonomy":"category","embeddable":true,"href":"https:\/\/cdnoticias.com\/index.php\/wp-json\/wp\/v2\/categories?post=80555"},{"taxonomy":"post_tag","embeddable":true,"href":"https:\/\/cdnoticias.com\/index.php\/wp-json\/wp\/v2\/tags?post=80555"}],"curies":[{"name":"wp","href":"https:\/\/api.w.org\/{rel}","templated":true}]}}