{"id":80542,"date":"2023-03-26T13:00:21","date_gmt":"2023-03-26T16:00:21","guid":{"rendered":"https:\/\/www.centraldenoticias.com.ar\/?p=80542"},"modified":"2023-03-26T17:21:52","modified_gmt":"2023-03-26T20:21:52","slug":"ciguenas-solidarias-entrego-kits-de-nacimiento-a-madres-olavarrienses","status":"publish","type":"post","link":"https:\/\/cdnoticias.com\/index.php\/2023\/03\/26\/ciguenas-solidarias-entrego-kits-de-nacimiento-a-madres-olavarrienses\/","title":{"rendered":"Cig\u00fce\u00f1as Solidarias entreg\u00f3 kits de nacimiento a madres olavarrienses"},"content":{"rendered":"<p>&#8220;En tiempos complicados tenemos que estar presentes con esas madres, para que transcurran el per\u00edodo de lactancia junto a su hijo\/a de la mejor manera posible&#8221; expresaron. <!--more--><\/p>\n<hr \/>\n<p>La agrupaci\u00f3n <strong>&#8220;Cig\u00fce\u00f1as Solidarias&#8221;<\/strong> entreg\u00f3 <strong>kits de nacimiento<\/strong>\u00a0a madres de hijos e hijas reci\u00e9n nacidos.<\/p>\n<p>&nbsp;<\/p>\n<p>El grupo de voluntarias olavarrienses expres\u00f3: &#8220;<em><strong>Somos un grupo de j\u00f3venes mam\u00e1s que entendimos que en tiempos complicados tenemos que estar presente con esas madres, para que transcurran el periodo de lactancia junto a su hijo\/a de la mejor manera posible&#8221;.<\/strong><\/em><\/p>\n<p>&nbsp;<\/p>\n<p><img data-recalc-dims=\"1\" loading=\"lazy\" decoding=\"async\" class=\"aligncenter wp-image-80546 size-full\" src=\"https:\/\/i0.wp.com\/cdnoticias.com\/wp-content\/uploads\/2023\/03\/WhatsApp-Image-2023-03-23-at-19.46.25-2.jpeg?resize=800%2C664&#038;ssl=1\" alt=\"\" width=\"800\" height=\"664\" srcset=\"https:\/\/i0.wp.com\/cdnoticias.com\/wp-content\/uploads\/2023\/03\/WhatsApp-Image-2023-03-23-at-19.46.25-2.jpeg?w=1280&amp;ssl=1 1280w, https:\/\/i0.wp.com\/cdnoticias.com\/wp-content\/uploads\/2023\/03\/WhatsApp-Image-2023-03-23-at-19.46.25-2.jpeg?resize=300%2C249&amp;ssl=1 300w, https:\/\/i0.wp.com\/cdnoticias.com\/wp-content\/uploads\/2023\/03\/WhatsApp-Image-2023-03-23-at-19.46.25-2.jpeg?resize=1024%2C850&amp;ssl=1 1024w, https:\/\/i0.wp.com\/cdnoticias.com\/wp-content\/uploads\/2023\/03\/WhatsApp-Image-2023-03-23-at-19.46.25-2.jpeg?resize=768%2C638&amp;ssl=1 768w\" sizes=\"auto, (max-width: 800px) 100vw, 800px\" \/><\/p>\n<p>&nbsp;<\/p>\n<p>Adem\u00e1s se\u00f1alaron que trabajan de forma\u00a0mancomunada, pero &#8220;<em>cada una tiene su responsabilidad, tal es as\u00ed, que tenemos qui\u00e9n se encarga de armar los kits, otras j\u00f3venes de buscar donaciones, est\u00e1n qui\u00e9nes se encargan de la log\u00edstica para entregarles a las madres que realmente lo necesiten, tambi\u00e9n quienes reparan o confeccionan la ropa donada&#8221;.<\/em><\/p>\n<p>&nbsp;<\/p>\n<p><strong>Quienes quieran colaborar pueden donar<\/strong>: ropa de 0 a 18 meses, mantas, s\u00e1banas, toallones, mamaderas, chupetes, bolsos y mochilas maternales, cambiadores, juguetes de bebes almohad\u00f3n de amamantar, cunas, cochecitos, pa\u00f1ales, \u00f3leo, algod\u00f3n, jabones blancos, hipogl\u00f3s, camisones y corpi\u00f1os de lactancia, ap\u00f3sitos y dem\u00e1s art\u00edculos y productos de higiene para la mam\u00e1 y el beb\u00e9.<\/p>\n<p>&nbsp;<\/p>\n<p><strong>Contactos<\/strong><\/p>\n<p>Instagram: @cigue\u00f1asolavarria<\/p>\n<p>Facebook: Cig\u00fce\u00f1as Solidarias Olavarr\u00eda<\/p>\n<p>Tel\u00e9fono: 2284-303414<\/p>\n","protected":false},"excerpt":{"rendered":"<p>&#8220;En tiempos complicados tenemos que estar presentes con esas madres, para que transcurran el per\u00edodo de lactancia junto a su<\/p>\n","protected":false},"author":6,"featured_media":80545,"comment_status":"closed","ping_status":"closed","sticky":false,"template":"","format":"standard","meta":{"_jetpack_memberships_contains_paid_content":false,"footnotes":""},"categories":[5,1],"tags":[],"class_list":["post-80542","post","type-post","status-publish","format-standard","has-post-thumbnail","hentry","category-informacion-general","category-portada"],"jetpack_featured_media_url":"https:\/\/i0.wp.com\/cdnoticias.com\/wp-content\/uploads\/2023\/03\/WhatsApp-Image-2023-03-23-at-19.46.25-3.jpeg?fit=1600%2C1200&ssl=1","jetpack_sharing_enabled":true,"_links":{"self":[{"href":"https:\/\/cdnoticias.com\/index.php\/wp-json\/wp\/v2\/posts\/80542","targetHints":{"allow":["GET"]}}],"collection":[{"href":"https:\/\/cdnoticias.com\/index.php\/wp-json\/wp\/v2\/posts"}],"about":[{"href":"https:\/\/cdnoticias.com\/index.php\/wp-json\/wp\/v2\/types\/post"}],"author":[{"embeddable":true,"href":"https:\/\/cdnoticias.com\/index.php\/wp-json\/wp\/v2\/users\/6"}],"replies":[{"embeddable":true,"href":"https:\/\/cdnoticias.com\/index.php\/wp-json\/wp\/v2\/comments?post=80542"}],"version-history":[{"count":0,"href":"https:\/\/cdnoticias.com\/index.php\/wp-json\/wp\/v2\/posts\/80542\/revisions"}],"wp:featuredmedia":[{"embeddable":true,"href":"https:\/\/cdnoticias.com\/index.php\/wp-json\/wp\/v2\/media\/80545"}],"wp:attachment":[{"href":"https:\/\/cdnoticias.com\/index.php\/wp-json\/wp\/v2\/media?parent=80542"}],"wp:term":[{"taxonomy":"category","embeddable":true,"href":"https:\/\/cdnoticias.com\/index.php\/wp-json\/wp\/v2\/categories?post=80542"},{"taxonomy":"post_tag","embeddable":true,"href":"https:\/\/cdnoticias.com\/index.php\/wp-json\/wp\/v2\/tags?post=80542"}],"curies":[{"name":"wp","href":"https:\/\/api.w.org\/{rel}","templated":true}]}}