{"id":80528,"date":"2023-03-25T19:30:03","date_gmt":"2023-03-25T22:30:03","guid":{"rendered":"https:\/\/www.centraldenoticias.com.ar\/?p=80528"},"modified":"2023-03-25T20:30:32","modified_gmt":"2023-03-25T23:30:32","slug":"la-unicen-recibira-una-donacion-para-construir-la-sede-de-la-carrera-de-agrimensura","status":"publish","type":"post","link":"https:\/\/cdnoticias.com\/index.php\/2023\/03\/25\/la-unicen-recibira-una-donacion-para-construir-la-sede-de-la-carrera-de-agrimensura\/","title":{"rendered":"La Unicen recibir\u00e1 una donaci\u00f3n para construir la sede de la carrera de Agrimensura"},"content":{"rendered":"<p>En el campus de Olavarr\u00eda la construcci\u00f3n \u201carrancar\u00e1 en breve\u201d, se adelant\u00f3. Los fondos ser\u00e1n aportados por el Consejo Profesional de Agrimensura de la Provincia de Buenos Aires.<\/p>\n<p><!--more--><\/p>\n<hr \/>\n<p>El<strong> Consejo Profesional de Agrimensura de la Provincia de Buenos Aires (CPA)<\/strong> firm\u00f3 en Tandil un convenio con la <strong>Universidad Nacional del Centro de la Provincia de Buenos Aires<\/strong> para oficializar la <strong>donaci\u00f3n de una importante suma destinada a la construcci\u00f3n de un nuevo edificio para el Departamento de Agrimensura<\/strong>, que se realizar\u00e1 en breve en la localidad de Olavarr\u00eda.<\/p>\n<p>&nbsp;<\/p>\n<p>Luego de haber sido aprobada por unanimidad en la \u00faltima Asamblea Anual Ordinaria del CPA, <strong>la propuesta fue ratificada en la firma de este acuerdo marco<\/strong>, donde se especifican los detalles del proyecto, que <em>\u201ctiene como objetivo la construcci\u00f3n de un \u00e1rea dise\u00f1ada para el desarrollo de las actividades acad\u00e9micas\u201d<\/em>.<\/p>\n<p>&nbsp;<\/p>\n<p><strong>Se estim\u00f3 que en las pr\u00f3ximas semanas comenzar\u00e1n las primeras etapas de la obra en la ciudad de Olavarr\u00eda,<\/strong> donde se dicta la carrera de Agrimensura, dentro de la \u00f3rbita de la Facultad de Ingenier\u00eda de la UNICEN.<\/p>\n<p>&nbsp;<\/p>\n<p>La ubicaci\u00f3n de la nueva sede, que supera lo<strong>s 320 metros cuadrados cubiertos<\/strong>, se pens\u00f3 en una amplia zona verde, con mucha iluminaci\u00f3n natural e ideal para las pr\u00e1cticas de campo.<\/p>\n<p>&nbsp;<\/p>\n<p>El edificio contar\u00e1 con aulas, salones para reuniones de docentes y estudiantes; oficinas administrativas y privadas; gabinetes para el desarrollo de la investigaci\u00f3n y trabajos de extensi\u00f3n; laboratorio de metrolog\u00eda para mantenimiento, verificaci\u00f3n y calibraci\u00f3n de instrumentales. El proyecto adem\u00e1s contempla un Sal\u00f3n de Usos M\u00faltiples (SUM) que a su vez servir\u00e1 como sal\u00f3n para realizar videoconferencias, y adem\u00e1s existir\u00e1n espacios de recreaci\u00f3n y encuentro.<\/p>\n<p>&nbsp;<\/p>\n<p><img data-recalc-dims=\"1\" loading=\"lazy\" decoding=\"async\" class=\"size-full wp-image-59187 aligncenter\" src=\"https:\/\/i0.wp.com\/cdnoticias.com\/wp-content\/uploads\/2022\/07\/agrimensura-unicen-edificio-01.jpg?resize=800%2C445&#038;ssl=1\" alt=\"\" width=\"800\" height=\"445\" srcset=\"https:\/\/i0.wp.com\/cdnoticias.com\/wp-content\/uploads\/2022\/07\/agrimensura-unicen-edificio-01.jpg?w=800&amp;ssl=1 800w, https:\/\/i0.wp.com\/cdnoticias.com\/wp-content\/uploads\/2022\/07\/agrimensura-unicen-edificio-01.jpg?resize=300%2C167&amp;ssl=1 300w, https:\/\/i0.wp.com\/cdnoticias.com\/wp-content\/uploads\/2022\/07\/agrimensura-unicen-edificio-01.jpg?resize=768%2C427&amp;ssl=1 768w\" sizes=\"auto, (max-width: 800px) 100vw, 800px\" \/><\/p>\n<p>&nbsp;<\/p>\n<p>El proyecto fue impulsado en conjunto por el Consejo Superior del CPA y el <strong>Agrim. Carlos Melit\u00f3n, coordinador de la Carrera de Agrimensura de la Facultad de Ingenier\u00eda de la UNICEN<\/strong>. <a href=\"https:\/\/cdnoticias.com\/index.php\/2022\/07\/04\/la-carrera-de-agrimensura-en-unicen-tendra-edificio-propio\/\" target=\"_blank\" rel=\"noopener\">En julio del a\u00f1o pasado se hab\u00eda dado a conocer la decisi\u00f3n y se adelantaron varios aspectos del proyecto de obra<\/a>.<\/p>\n<p>&nbsp;<\/p>\n<blockquote><p>Luego de la firma expresaron que \u201ceste es el fruto de a\u00f1os de trabajo para el crecimiento de la Agrimensura. Sin duda alguna contar con un edificio propio har\u00e1 que m\u00e1s estudiantes tengan la posibilidad de abrazar esta hermosa carrera, que m\u00e1s que una profesi\u00f3n es un proyecto de vida\u201d.<\/p><\/blockquote>\n<p>&nbsp;<\/p>\n<p>El <strong>presidente del Consejo Superior del CPA, Agrim. Lucas Zanella Kohli<\/strong>, manifest\u00f3 que \u201cencontramos en esta donaci\u00f3n una oportunidad para <strong>retribuir a la Universidad todo lo que nos ha aportado<\/strong>. Es una casa de altos estudios que est\u00e1 a la vanguardia en la formaci\u00f3n de los futuros profesionales. Tenemos el compromiso de brindar lo necesario, como lo hicimos siempre, para que el Departamento de Agrimensura de la UNICEN siga siendo de excelencia\u201d<\/p>\n<p>&nbsp;<\/p>\n<p>\u201cEl aporte que realizar\u00e1 el CPA forma parte de una de sus pol\u00edticas principales, que apunta a la <strong>promoci\u00f3n de la Carrera y al acompa\u00f1amiento permanente en la etapa de formaci\u00f3n de nuevos agrimensores<\/strong>, con acciones que mejoren las condiciones de estudio, acceso a instrumental de \u00faltima tecnolog\u00eda y creaciones de fondos para la investigaci\u00f3n\u201d concluy\u00f3 Zanella Kohli.<\/p>\n<p>&nbsp;<\/p>\n<p>En tanto, el <strong>Rector de la UNICEN, el Dr. Marcelo Alfredo Aba<\/strong>, se\u00f1al\u00f3 que \u201ctenemos un v\u00ednculo muy fuerte con el CPA, que comenz\u00f3 hace m\u00e1s de diez a\u00f1os, cuando se decidi\u00f3 crear la carrera de Agrimensura en nuestra universidad a instancias del propio Consejo. A partir de ese momento, <strong>el trabajo en conjunto y los logros que fuimos obteniendo, afianzaron la relaci\u00f3n institucional<\/strong>. Agradecemos la feliz decisi\u00f3n del CPA de donar la suma para la construcci\u00f3n del edificio, por lo que significa para la carrera y para los estudiantes\u201d.<\/p>\n<p>&nbsp;<\/p>\n<blockquote><p>\u201cEs de destacar en este caso, que se trata de una instituci\u00f3n privada la que impulsa y solventa este proyecto. Somos una Universidad p\u00fablica y generalmente los aportes los recibimos del Estado, por eso la iniciativa del CPA es para subrayar\u201d, destac\u00f3.<\/p><\/blockquote>\n<p>&nbsp;<\/p>\n<p><img data-recalc-dims=\"1\" loading=\"lazy\" decoding=\"async\" class=\"size-full wp-image-80530 aligncenter\" src=\"https:\/\/i0.wp.com\/cdnoticias.com\/wp-content\/uploads\/2023\/03\/agrimensura-unicen-01.jpg?resize=800%2C445&#038;ssl=1\" alt=\"\" width=\"800\" height=\"445\" srcset=\"https:\/\/i0.wp.com\/cdnoticias.com\/wp-content\/uploads\/2023\/03\/agrimensura-unicen-01.jpg?w=800&amp;ssl=1 800w, https:\/\/i0.wp.com\/cdnoticias.com\/wp-content\/uploads\/2023\/03\/agrimensura-unicen-01.jpg?resize=300%2C167&amp;ssl=1 300w, https:\/\/i0.wp.com\/cdnoticias.com\/wp-content\/uploads\/2023\/03\/agrimensura-unicen-01.jpg?resize=768%2C427&amp;ssl=1 768w\" sizes=\"auto, (max-width: 800px) 100vw, 800px\" \/><\/p>\n<p>&nbsp;<\/p>\n<p>Como <strong>antecedente de estas pol\u00edticas<\/strong>, el aporte econ\u00f3mico que realiz\u00f3 el CPA a la Facultad de Ingenier\u00eda de la UNLP con el prop\u00f3sito de culminar el edificio del Departamento de Agrimensura de dicha facultad. El mismo fue inaugurado en 2010\u201d.<\/p>\n<p>&nbsp;<\/p>\n<p>Adem\u00e1s, <strong>el CPA cre\u00f3 en 2014 un fondo para apoyar econ\u00f3micamente a la investigaci\u00f3n cient\u00edfica de las casas de Altos Estudios<\/strong>, que adem\u00e1s sirvi\u00f3 para que las Unidades Acad\u00e9micas alcanzaran los est\u00e1ndares requeridos por los evaluadores de la CONEAU y as\u00ed lograr la correspondiente acreditaci\u00f3n de la Carrera.<\/p>\n<p>&nbsp;<\/p>\n<p>Tambi\u00e9n <strong>este Consejo invierte en equipamiento tecnol\u00f3gico<\/strong> de \u00faltima generaci\u00f3n para entregar las Universidades Nacionales radicadas en la Provincia de Buenos Aires y CABA en las cuales se dicta la carrera de Agrimensura.<\/p>\n<p>&nbsp;<\/p>\n<p>La firma del convenio se realiz\u00f3 en el Aula Magna de la UNICEN, en la ciudad de Tandil, adem\u00e1s del Rector de la Universidad y del Presidente del CPA, participaron la <strong>Decana de la Facultad de Ingenier\u00eda, Dra Mar\u00eda Peralta; la Directora del Departamento de Agrimensura e Ingenier\u00eda Civil, Dra. Vivina Rahhal y el coordinador de Ing. en Agrimensura, Agrim. Carlos Melit\u00f3n<\/strong>.<\/p>\n<p>&nbsp;<\/p>\n<p>Tambi\u00e9n estuvieron presentes el ex Rector de la Unicen, Cr. Roberto Tassara y el Agrim. Jorge Zabaleta, ex Vicepresidente del CPA, quienes fueron part\u00edcipes de la creaci\u00f3n de la carrera de Agrimensura en Olavarr\u00eda.<\/p>\n<p>&nbsp;<\/p>\n<p>Asimismo participaron el Presidente del Colegio de Distrito II del CPA, Agrim. Esteban Kain; el Tesorero, Agrim. Roberto Silva; el graduado recientemente de la UNICEN, Ing. Agrim Nicol\u00e1s Lissarrague; y el estudiante de Agrimensura, Agust\u00edn Tevez.<\/p>\n<p>&nbsp;<\/p>\n","protected":false},"excerpt":{"rendered":"<p>En el campus de Olavarr\u00eda la construcci\u00f3n \u201carrancar\u00e1 en breve\u201d, se adelant\u00f3. Los fondos ser\u00e1n aportados por el Consejo Profesional<\/p>\n","protected":false},"author":4,"featured_media":80529,"comment_status":"closed","ping_status":"closed","sticky":false,"template":"","format":"standard","meta":{"_jetpack_memberships_contains_paid_content":false,"footnotes":""},"categories":[5,1],"tags":[],"class_list":["post-80528","post","type-post","status-publish","format-standard","has-post-thumbnail","hentry","category-informacion-general","category-portada"],"jetpack_featured_media_url":"https:\/\/i0.wp.com\/cdnoticias.com\/wp-content\/uploads\/2023\/03\/agrimensura-unicen-00.jpg?fit=800%2C445&ssl=1","jetpack_sharing_enabled":true,"_links":{"self":[{"href":"https:\/\/cdnoticias.com\/index.php\/wp-json\/wp\/v2\/posts\/80528","targetHints":{"allow":["GET"]}}],"collection":[{"href":"https:\/\/cdnoticias.com\/index.php\/wp-json\/wp\/v2\/posts"}],"about":[{"href":"https:\/\/cdnoticias.com\/index.php\/wp-json\/wp\/v2\/types\/post"}],"author":[{"embeddable":true,"href":"https:\/\/cdnoticias.com\/index.php\/wp-json\/wp\/v2\/users\/4"}],"replies":[{"embeddable":true,"href":"https:\/\/cdnoticias.com\/index.php\/wp-json\/wp\/v2\/comments?post=80528"}],"version-history":[{"count":0,"href":"https:\/\/cdnoticias.com\/index.php\/wp-json\/wp\/v2\/posts\/80528\/revisions"}],"wp:featuredmedia":[{"embeddable":true,"href":"https:\/\/cdnoticias.com\/index.php\/wp-json\/wp\/v2\/media\/80529"}],"wp:attachment":[{"href":"https:\/\/cdnoticias.com\/index.php\/wp-json\/wp\/v2\/media?parent=80528"}],"wp:term":[{"taxonomy":"category","embeddable":true,"href":"https:\/\/cdnoticias.com\/index.php\/wp-json\/wp\/v2\/categories?post=80528"},{"taxonomy":"post_tag","embeddable":true,"href":"https:\/\/cdnoticias.com\/index.php\/wp-json\/wp\/v2\/tags?post=80528"}],"curies":[{"name":"wp","href":"https:\/\/api.w.org\/{rel}","templated":true}]}}