{"id":80517,"date":"2023-03-25T13:31:34","date_gmt":"2023-03-25T16:31:34","guid":{"rendered":"https:\/\/www.centraldenoticias.com.ar\/?p=80517"},"modified":"2023-03-25T16:31:15","modified_gmt":"2023-03-25T19:31:15","slug":"irregularidades-en-desarrollo-social-movimiento-evita-exigio-pronto-esclarecimiento","status":"publish","type":"post","link":"https:\/\/cdnoticias.com\/index.php\/2023\/03\/25\/irregularidades-en-desarrollo-social-movimiento-evita-exigio-pronto-esclarecimiento\/","title":{"rendered":"Irregularidades en Desarrollo Social: Movimiento Evita exigi\u00f3 \u201cpronto esclarecimiento\u201d"},"content":{"rendered":"<p>\u201cMientras se malversan recursos destinados a la poblaci\u00f3n m\u00e1s vulnerada, en Olavarr\u00eda se van a destinar 15 millones a la construcci\u00f3n de un monumento\u201d contrast\u00f3 la agrupaci\u00f3n en un comunicado.<\/p>\n<p><!--more--><\/p>\n<hr \/>\n<p>La agrupaci\u00f3n <strong>Movimiento Evita de Olavarr\u00eda<\/strong> emiti\u00f3 un comunicado para pronunciarse sobre la situaci\u00f3n expuesta de <strong>irregularidades en la gesti\u00f3n de recursos municipales en el <a href=\"https:\/\/cdnoticias.com\/index.php\/2023\/03\/22\/denuncian-irregularidades-en-el-uso-de-tarjetas-cabal-y-vales-por-mercaderia-en-desarrollo-social\/\" target=\"_blank\" rel=\"noopener\">\u00e1rea de Desarrollo Social<\/a><\/strong>.<\/p>\n<p>&nbsp;<\/p>\n<p><strong>\u201cCon los \u00faltimos de la fila y con la comida no se jode\u201d<\/strong> titul\u00f3 la agrupaci\u00f3n su postura sobre el tema para <strong>exigir \u201cel pronto esclarecimiento de lo sucedido\u201d. <\/strong>En ese marco, se hizo referencia a \u201clos hechos de p\u00fablico conocimiento sobre irregularidades en la utilizaci\u00f3n de recursos en materia de pol\u00edticas sociales, dependiente de la Secretaria de Desarrollo Humano y Calidad de Vida, la cual <a href=\"https:\/\/cdnoticias.com\/index.php\/2023\/03\/23\/irregularidades-en-desarrollo-social-pidieron-la-renuncia-a-silvana-rosales\/\" target=\"_blank\" rel=\"noopener\">deriv\u00f3 en la renuncia de Silvana Rosales\u201d<\/a>.<\/p>\n<p>&nbsp;<\/p>\n<blockquote><p>\u201cEn nuestro distrito muchos vecinos y vecinas se ven afectados por la falta de insumos que contemplan la canasta b\u00e1sica m\u00ednima para poder sostener una alimentaci\u00f3n plena. Mientras se malversan recursos destinados a la poblaci\u00f3n m\u00e1s vulnerada, en Olavarr\u00eda se van a destinar 15 millones a la construcci\u00f3n de un monumento y as\u00ed podemos mencionar innumerables gastos que son secundarios ante la situaci\u00f3n local\u201d se se\u00f1al\u00f3.<\/p><\/blockquote>\n<p>&nbsp;<\/p>\n<p>Adem\u00e1s, la agrupaci\u00f3n que integra el Frente de Todos asegur\u00f3 que<strong> \u201ceste gobierno municipal sistem\u00e1ticamente ha negado la crisis socioecon\u00f3mica de miles de familias olavarrienses.<\/strong> Situaci\u00f3n creada y profundizada por pol\u00edticas de hambre de Juntos y en nuestra ciudad por Ezequiel Galli\u201d.<\/p>\n<p>&nbsp;<\/p>\n<p>Por \u00faltimo, se sostuvo que <em>\u201cen los ocho a\u00f1os de gobierno local esta gesti\u00f3n no encontr\u00f3 soluciones estructurales en materia de vivienda, salud, educaci\u00f3n, pol\u00edticas de g\u00e9nero, desarrollo de las localidades y cantidad de situaciones que nos angustian como sociedad\u201d<\/em>.<\/p>\n<p>&nbsp;<\/p>\n<blockquote class=\"wp-embedded-content\" data-secret=\"e0Z0EFFW2L\"><p><a href=\"https:\/\/cdnoticias.com\/index.php\/2023\/03\/23\/irregularidades-en-desarrollo-social-el-frente-de-todos-pedira-una-sesion-especial-para-la-semana-proxima\/\">Irregularidades en Desarrollo Social: El Frente de Todos pedir\u00e1 una sesi\u00f3n especial para la semana pr\u00f3xima<\/a><\/p><\/blockquote>\n<p><iframe loading=\"lazy\" class=\"wp-embedded-content\" sandbox=\"allow-scripts\" security=\"restricted\" style=\"position: absolute; clip: rect(1px, 1px, 1px, 1px);\" title=\"&#8220;Irregularidades en Desarrollo Social: El Frente de Todos pedir\u00e1 una sesi\u00f3n especial para la semana pr\u00f3xima&#8221; &#8212; Central de Noticias | Olavarr\u00eda\" src=\"https:\/\/cdnoticias.com\/index.php\/2023\/03\/23\/irregularidades-en-desarrollo-social-el-frente-de-todos-pedira-una-sesion-especial-para-la-semana-proxima\/embed\/#?secret=j1jUSb0Zdb#?secret=e0Z0EFFW2L\" data-secret=\"e0Z0EFFW2L\" width=\"600\" height=\"338\" frameborder=\"0\" marginwidth=\"0\" marginheight=\"0\" scrolling=\"no\"><\/iframe><\/p>\n<p>&nbsp;<\/p>\n","protected":false},"excerpt":{"rendered":"<p>\u201cMientras se malversan recursos destinados a la poblaci\u00f3n m\u00e1s vulnerada, en Olavarr\u00eda se van a destinar 15 millones a la<\/p>\n","protected":false},"author":4,"featured_media":80518,"comment_status":"closed","ping_status":"closed","sticky":false,"template":"","format":"standard","meta":{"_jetpack_memberships_contains_paid_content":false,"footnotes":""},"categories":[4,1],"tags":[],"class_list":["post-80517","post","type-post","status-publish","format-standard","has-post-thumbnail","hentry","category-politica","category-portada"],"jetpack_featured_media_url":"https:\/\/i0.wp.com\/cdnoticias.com\/wp-content\/uploads\/2023\/03\/movimiento-evita-olavarria.jpg?fit=800%2C445&ssl=1","jetpack_sharing_enabled":true,"_links":{"self":[{"href":"https:\/\/cdnoticias.com\/index.php\/wp-json\/wp\/v2\/posts\/80517","targetHints":{"allow":["GET"]}}],"collection":[{"href":"https:\/\/cdnoticias.com\/index.php\/wp-json\/wp\/v2\/posts"}],"about":[{"href":"https:\/\/cdnoticias.com\/index.php\/wp-json\/wp\/v2\/types\/post"}],"author":[{"embeddable":true,"href":"https:\/\/cdnoticias.com\/index.php\/wp-json\/wp\/v2\/users\/4"}],"replies":[{"embeddable":true,"href":"https:\/\/cdnoticias.com\/index.php\/wp-json\/wp\/v2\/comments?post=80517"}],"version-history":[{"count":0,"href":"https:\/\/cdnoticias.com\/index.php\/wp-json\/wp\/v2\/posts\/80517\/revisions"}],"wp:featuredmedia":[{"embeddable":true,"href":"https:\/\/cdnoticias.com\/index.php\/wp-json\/wp\/v2\/media\/80518"}],"wp:attachment":[{"href":"https:\/\/cdnoticias.com\/index.php\/wp-json\/wp\/v2\/media?parent=80517"}],"wp:term":[{"taxonomy":"category","embeddable":true,"href":"https:\/\/cdnoticias.com\/index.php\/wp-json\/wp\/v2\/categories?post=80517"},{"taxonomy":"post_tag","embeddable":true,"href":"https:\/\/cdnoticias.com\/index.php\/wp-json\/wp\/v2\/tags?post=80517"}],"curies":[{"name":"wp","href":"https:\/\/api.w.org\/{rel}","templated":true}]}}