{"id":80511,"date":"2023-03-25T13:01:19","date_gmt":"2023-03-25T16:01:19","guid":{"rendered":"https:\/\/www.centraldenoticias.com.ar\/?p=80511"},"modified":"2023-03-25T13:02:53","modified_gmt":"2023-03-25T16:02:53","slug":"en-azul-se-propuso-la-desafiliacion-del-ioma-de-los-municipales-rechazo-de-los-sindicatos","status":"publish","type":"post","link":"https:\/\/cdnoticias.com\/index.php\/2023\/03\/25\/en-azul-se-propuso-la-desafiliacion-del-ioma-de-los-municipales-rechazo-de-los-sindicatos\/","title":{"rendered":"En Azul se propuso la desafiliaci\u00f3n del IOMA de los municipales: rechazo de los sindicatos"},"content":{"rendered":"<p>El proyecto fue impulsado por un sector del PRO y se analiza en comisi\u00f3n del HCD. Los sindicatos defendieron a la obra social. Se asegur\u00f3 que en Olavarr\u00eda \u201cel cobro indebido no existe\u201d.<\/p>\n<p><!--more--><\/p>\n<hr \/>\n<p><strong>En Azul, una bancada de concejales propuso la desafiliaci\u00f3n del IOMA de los empleados municipales<\/strong> y la iniciativa cosech\u00f3 el rechazo de varios sindicatos.<\/p>\n<p>&nbsp;<\/p>\n<p>La propuesta fue impulsada por los <strong>concejales del PRO, Ramiro Ort\u00edz y Lucio Mansilla<\/strong>, una bancada opositora a la gesti\u00f3n del intendente Hern\u00e1n Bertellys, quien tambi\u00e9n se referencia en el PRO.<\/p>\n<p>&nbsp;<\/p>\n<p>Consiste en un proyecto de ordenanza para la <strong>derogaci\u00f3n de la normativa de 1960 que dispuso \u201cla adhesi\u00f3n obligatoria para todo el personal municipal\u201d a la obra social IOMA<\/strong>. La medida se plante\u00f3 <strong>en consonancia como ha ocurrido en otros municipios conducidos por el PRO<\/strong> en las \u00faltimas semanas y busca que los trabajadores puedan elegir a qu\u00e9 obra social adherirse. En el proyecto se mencionaron <em>\u201cmunicipios que se han desafiliado a IOMA\u201d: Avellaneda, Bah\u00eda Blanca, Capit\u00e1n Sarmiento, Tres de Febrero y La Matanza<\/em>. Se agreg\u00f3 <a href=\"https:\/\/cdnoticias.com\/index.php\/2023\/03\/05\/galli-nos-preocupa-muchisimo-la-falta-de-respuestas-del-ioma\/\" target=\"_blank\" rel=\"noopener\">el caso de San Nicol\u00e1s<\/a>, donde se impulsa la desafiliaci\u00f3n desde abril.<\/p>\n<p>&nbsp;<\/p>\n<p>Luego <strong>se faculta \u201cal Departamento Ejecutivo a adherir al Sistema Nacional de Obras Sociales<\/strong>, Ley N\u00b0 23660, con el objeto que todo el personal dependiente de la Municipalidad de Azul pueda optar libremente por la obra social de su preferencia\u201d.<\/p>\n<p>&nbsp;<\/p>\n<p><img data-recalc-dims=\"1\" loading=\"lazy\" decoding=\"async\" class=\"size-full wp-image-12511 aligncenter\" src=\"https:\/\/i0.wp.com\/cdnoticias.com\/wp-content\/uploads\/2021\/01\/ioma800x445c.jpg?resize=800%2C445&#038;ssl=1\" alt=\"\" width=\"800\" height=\"445\" srcset=\"https:\/\/i0.wp.com\/cdnoticias.com\/wp-content\/uploads\/2021\/01\/ioma800x445c.jpg?w=800&amp;ssl=1 800w, https:\/\/i0.wp.com\/cdnoticias.com\/wp-content\/uploads\/2021\/01\/ioma800x445c.jpg?resize=300%2C167&amp;ssl=1 300w, https:\/\/i0.wp.com\/cdnoticias.com\/wp-content\/uploads\/2021\/01\/ioma800x445c.jpg?resize=768%2C427&amp;ssl=1 768w\" sizes=\"auto, (max-width: 800px) 100vw, 800px\" \/><\/p>\n<p>&nbsp;<\/p>\n<p>El proyecto ingres\u00f3 en la sesi\u00f3n del legislativo azule\u00f1o realizada esta semana y<strong> fue derivado a su estudio en comisi\u00f3n<\/strong>.<\/p>\n<p>&nbsp;<\/p>\n<blockquote><p>Se plante\u00f3 que existen \u201creiteradas quejas de los trabajadores municipales ante la falta de cumplimiento de las prestaciones por parte de la obra social IOMA (Instituto de Obra M\u00e9dico Asistencial), dependiente de la provincia de Buenos Aires, o cumplimiento parcial mediante cobros de co-pagos indebidos por parte de algunos prestadores de la misma a afiliados municipales\u201d. Y se asegur\u00f3 que \u201cIOMA no cumple adecuadamente su objetivo principal de brindar servicios de salud a los trabajadores municipales\u201d con \u201cimportantes demoras en la provisi\u00f3n de pr\u00f3tesis y medicamentos especiales por parte de la obra social provincial\u201d.<\/p><\/blockquote>\n<p>&nbsp;<\/p>\n<p><strong>\u201cLos aranceles que paga el IOMA al sistema de salud municipal se encuentran desactualizados<\/strong>, lo que provoca que los vecinos y prestadores de Azul deben financiar al IOMA\u201d se a\u00f1adi\u00f3 para considerar que \u201ces crucial y urgente establecer <strong>medidas que empoderen a los trabajadores municipales<\/strong> <strong>para recibir una cobertura de salud eficiente<\/strong>, pudiendo optar libremente por la obra social m\u00e1s conveniente de acuerdo a sus necesidades\u201d. Con ello se\u00f1alaron que \u201ces imperativo respecto a que todos los trabajadores dependientes de la Municipalidad de Azul cuenten con la libertad de elegir la obra social de su preferencia\u201d.<\/p>\n<p>&nbsp;<\/p>\n<blockquote class=\"wp-embedded-content\" data-secret=\"e4TbOQUEKO\"><p><a href=\"https:\/\/cdnoticias.com\/index.php\/2023\/03\/05\/galli-nos-preocupa-muchisimo-la-falta-de-respuestas-del-ioma\/\">Galli: \u201cNos preocupa much\u00edsimo la falta de respuestas del IOMA\u201d<\/a><\/p><\/blockquote>\n<p><iframe loading=\"lazy\" class=\"wp-embedded-content\" sandbox=\"allow-scripts\" security=\"restricted\" style=\"position: absolute; clip: rect(1px, 1px, 1px, 1px);\" title=\"&#8220;Galli: \u201cNos preocupa much\u00edsimo la falta de respuestas del IOMA\u201d&#8221; &#8212; Central de Noticias | Olavarr\u00eda\" src=\"https:\/\/cdnoticias.com\/index.php\/2023\/03\/05\/galli-nos-preocupa-muchisimo-la-falta-de-respuestas-del-ioma\/embed\/#?secret=rvTybvRUy8#?secret=e4TbOQUEKO\" data-secret=\"e4TbOQUEKO\" width=\"600\" height=\"338\" frameborder=\"0\" marginwidth=\"0\" marginheight=\"0\" scrolling=\"no\"><\/iframe><\/p>\n<p>&nbsp;<\/p>\n<p><strong>La postura de los gremios<\/strong><\/p>\n<p>&nbsp;<\/p>\n<p>A trav\u00e9s de un comunicado, <strong>dirigentes de Suteba, FEB, ATE, Soempa, SOEME y Udocba del municipio de Azul expresaron su \u201cen\u00e9rgico repudio\u201d<\/strong> al proyecto al tiempo que acusaron a los autores de mantener <strong>\u201cintencionalidad pol\u00edtica\u201d<\/strong>.<\/p>\n<p>&nbsp;<\/p>\n<p>Se indic\u00f3 que \u201ccon esto, claramente <strong>se vulnerar\u00eda el derecho a la salud, derecho humano fundamental<\/strong>, concretando un ataque a nuestra obra social IOMA, que es la obra social de los trabajadores, desfinanciando as\u00ed su sostenimiento\u201d.<\/p>\n<p>&nbsp;<\/p>\n<p><img data-recalc-dims=\"1\" loading=\"lazy\" decoding=\"async\" class=\"size-full wp-image-80513 aligncenter\" src=\"https:\/\/i0.wp.com\/cdnoticias.com\/wp-content\/uploads\/2023\/03\/IOMA-AZUL-1-Facsimil-de-la-nota-presentada-por-gremios-ante-el-Concejo-Deliberante.-Manana-se-reuniran-con-representantes-de-los-bloques-que-integran-el-cuerpo-deliberativo..jpeg?resize=800%2C450&#038;ssl=1\" alt=\"\" width=\"800\" height=\"450\" srcset=\"https:\/\/i0.wp.com\/cdnoticias.com\/wp-content\/uploads\/2023\/03\/IOMA-AZUL-1-Facsimil-de-la-nota-presentada-por-gremios-ante-el-Concejo-Deliberante.-Manana-se-reuniran-con-representantes-de-los-bloques-que-integran-el-cuerpo-deliberativo..jpeg?w=948&amp;ssl=1 948w, https:\/\/i0.wp.com\/cdnoticias.com\/wp-content\/uploads\/2023\/03\/IOMA-AZUL-1-Facsimil-de-la-nota-presentada-por-gremios-ante-el-Concejo-Deliberante.-Manana-se-reuniran-con-representantes-de-los-bloques-que-integran-el-cuerpo-deliberativo..jpeg?resize=300%2C169&amp;ssl=1 300w, https:\/\/i0.wp.com\/cdnoticias.com\/wp-content\/uploads\/2023\/03\/IOMA-AZUL-1-Facsimil-de-la-nota-presentada-por-gremios-ante-el-Concejo-Deliberante.-Manana-se-reuniran-con-representantes-de-los-bloques-que-integran-el-cuerpo-deliberativo..jpeg?resize=768%2C432&amp;ssl=1 768w\" sizes=\"auto, (max-width: 800px) 100vw, 800px\" \/><\/p>\n<p>&nbsp;<\/p>\n<p>Buscaron desmentir algunos de los argumentos que plantearon los concejales para sostener que \u201cel discurso sobre la libre elecci\u00f3n, como argumento para poner fin a los convenios, resulta una falacia,<strong> la &#8216;canasta de prestaciones&#8217; ofrecida por las prepagas, est\u00e1 sujeta a las leyes del mercado<\/strong> y de acuerdo a pol\u00edticas de aseguramiento, donde <strong>la cobertura depende de la cuota<\/strong>\u201d.<\/p>\n<p>&nbsp;<\/p>\n<blockquote><p>Adem\u00e1s, se expres\u00f3 que \u201ceste tipo de definiciones, tienen un car\u00e1cter pol\u00edtico que atenta contra nuestra obra social, desfinanci\u00e1ndola, dejando en un estado de desamparo a trabajadores y trabajadoras, sin posibilidad de responder a las necesidades de salud y poni\u00e9ndolos en muchos casos en riesgo concreto\u201d.<\/p><\/blockquote>\n<p>&nbsp;<\/p>\n<p><strong>Cara a cara con los concejales<\/strong><\/p>\n<p>&nbsp;<\/p>\n<p>Estas organizaciones gremiales tambi\u00e9n presentaron una nota ante la Presidencia del Concejo Deliberante donde<strong> pidieron una reuni\u00f3n \u201cde forma urgente con todos los bloques\u201d<\/strong>, la cual se concret\u00f3 el jueves.<\/p>\n<p>&nbsp;<\/p>\n<blockquote><p>Rub\u00e9n Rodr\u00edguez, secretario general de SOEMPA, indic\u00f3 que all\u00ed se plante\u00f3 que \u201cla obra social IOMA es la segunda a nivel pa\u00eds en cantidad de aportantes y que tiene un sistema solidario de salud, donde todos los aportantes tienen la misma cobertura, m\u00e1s all\u00e1 del aporte que realiza cada uno\u201d con \u201ccalidad importante en materia de cobertura\u201d.<\/p><\/blockquote>\n<p>&nbsp;<\/p>\n<p>Reconoci\u00f3 que \u201chay falencias, que hay cuestiones que son propias del IOMA, bueno, para eso<strong> estamos trabajando desde adentro, para intentar recomponerlo<\/strong>. Eso tambi\u00e9n le hicimos ver a los concejales\u201d.<\/p>\n<p>&nbsp;<\/p>\n<p><img data-recalc-dims=\"1\" loading=\"lazy\" decoding=\"async\" class=\"size-full wp-image-80512 aligncenter\" src=\"https:\/\/i0.wp.com\/cdnoticias.com\/wp-content\/uploads\/2023\/03\/IOMA-AZUL-0-Dirigentes-de-sindicatos-estatales-con-afiliados-al-IOMA-durante-la-reunion-con-presidentes-de-bloque-en-el-Concejo-Deliberante.-NACHO-CORREA.jpeg?resize=800%2C450&#038;ssl=1\" alt=\"\" width=\"800\" height=\"450\" srcset=\"https:\/\/i0.wp.com\/cdnoticias.com\/wp-content\/uploads\/2023\/03\/IOMA-AZUL-0-Dirigentes-de-sindicatos-estatales-con-afiliados-al-IOMA-durante-la-reunion-con-presidentes-de-bloque-en-el-Concejo-Deliberante.-NACHO-CORREA.jpeg?w=948&amp;ssl=1 948w, https:\/\/i0.wp.com\/cdnoticias.com\/wp-content\/uploads\/2023\/03\/IOMA-AZUL-0-Dirigentes-de-sindicatos-estatales-con-afiliados-al-IOMA-durante-la-reunion-con-presidentes-de-bloque-en-el-Concejo-Deliberante.-NACHO-CORREA.jpeg?resize=300%2C169&amp;ssl=1 300w, https:\/\/i0.wp.com\/cdnoticias.com\/wp-content\/uploads\/2023\/03\/IOMA-AZUL-0-Dirigentes-de-sindicatos-estatales-con-afiliados-al-IOMA-durante-la-reunion-con-presidentes-de-bloque-en-el-Concejo-Deliberante.-NACHO-CORREA.jpeg?resize=768%2C432&amp;ssl=1 768w\" sizes=\"auto, (max-width: 800px) 100vw, 800px\" \/><\/p>\n<p>&nbsp;<\/p>\n<blockquote><p>\u201cEsperamos que este proyecto de ordenanza no prospere\u201d dijo el dirigente quien adem\u00e1s analiz\u00f3 que \u201cconociendo a los actores pol\u00edticos que circulan hoy por el Concejo Deliberante, nos queda la sensaci\u00f3n de que es un proyecto de ordenanza que no va a prosperar\u201d.<\/p><\/blockquote>\n<p>&nbsp;<\/p>\n<p>Por su parte, <strong>Vanina Zurita de ATE Azul <\/strong>asegur\u00f3 que en el encuentro \u201cpudimos expresar no s\u00f3lo la disconformidad, sino tambi\u00e9n con datos certeros, que era<strong> irresponsable y err\u00f3neo un proyecto de esas caracter\u00edsticas<\/strong>, que netamente versa m\u00e1s bien en una cuesti\u00f3n ideol\u00f3gica y no en beneficio para los trabajadores y trabajadoras\u201d.<\/p>\n<p>&nbsp;<\/p>\n<p><em>\u201cLa realidad -a\u00f1adi\u00f3 Zurita- es que no hay ninguna obra social que se base en el sistema solidario como lo tiene el IOMA y que tenga espalda para poder sostener a los trabajadores municipales\u201d<\/em>.<\/p>\n<p>&nbsp;<\/p>\n<p>La dirigente de ATE tambi\u00e9n dijo que \u201cs\u00ed reconocemos que habr\u00e1 cuestiones a las que se necesita ponerle m\u00e1s din\u00e1mica, que se necesitan resolver. Tambi\u00e9n <strong>hay cuestiones que no tienen que ver con el IOMA, como es el caso del plus y del co-pago<\/strong>, porque son los m\u00e9dicos los que cobran una suma indebida y que es algo que debe ser denunciado por los trabajadores, por los usuarios del IOMA\u201d.<\/p>\n<p>&nbsp;<\/p>\n<blockquote><p>Rodr\u00edguez coincidi\u00f3 con ello y agreg\u00f3 que son problemas que \u201cse las quiere achacar a IOMA cuando, en realidad, es la avivada de inescrupulosos que se mueven corporativamente, como son los m\u00e9dicos que cobran adicionales indebidos, es decir, por encima de lo que corresponde. No puede ser que un trabajador, como es el caso de nosotros, nos vayamos a atender a Olavarr\u00eda y nos salga m\u00e1s barato, o a Mar del Plata, o a La Plata\u201d.<\/p><\/blockquote>\n<p>&nbsp;<\/p>\n<p>El dirigente de SOEMPA avanz\u00f3 en sus cuestionamientos: <strong>\u201cel problema es la corporaci\u00f3n m\u00e9dica. Hay que hacer un proyecto en contra de ellos<\/strong>, en su defecto. Pero, claramente, estos actores de derecha, que lo \u00fanico que intentan es ir por los beneficios de los trabajadores y tratar de mostrarle a la sociedad que todo lo estatal funciona mal, porque es eso lo que instalan, a eso hay que cort\u00e1rselo de ra\u00edz\u201d.<\/p>\n<p>&nbsp;<\/p>\n<blockquote class=\"wp-embedded-content\" data-secret=\"Ds2xajFN9e\"><p><a href=\"https:\/\/cdnoticias.com\/index.php\/2023\/02\/21\/ioma-sanciono-a-un-profesional-de-la-salud-de-azul-por-cobro-indebido\/\">IOMA sancion\u00f3 a un profesional de la salud de Azul por \u201ccobro indebido\u201d<\/a><\/p><\/blockquote>\n<p><iframe loading=\"lazy\" class=\"wp-embedded-content\" sandbox=\"allow-scripts\" security=\"restricted\" style=\"position: absolute; clip: rect(1px, 1px, 1px, 1px);\" title=\"&#8220;IOMA sancion\u00f3 a un profesional de la salud de Azul por \u201ccobro indebido\u201d&#8221; &#8212; Central de Noticias | Olavarr\u00eda\" src=\"https:\/\/cdnoticias.com\/index.php\/2023\/02\/21\/ioma-sanciono-a-un-profesional-de-la-salud-de-azul-por-cobro-indebido\/embed\/#?secret=dtjXCBGMo9#?secret=Ds2xajFN9e\" data-secret=\"Ds2xajFN9e\" width=\"600\" height=\"338\" frameborder=\"0\" marginwidth=\"0\" marginheight=\"0\" scrolling=\"no\"><\/iframe><\/p>\n<p>&nbsp;<\/p>\n<p><strong>\u201cUn sistema solidario\u201d<\/strong><\/p>\n<p>&nbsp;<\/p>\n<p>Tambi\u00e9n se pronunci\u00f3 sobre el proyecto el <strong>secretario adjunto del Sindicato de Trabajadores Municipales de Azul (STMA), Pedro Benedicto<\/strong> quien manifest\u00f3 que \u201csi bien me consta que hay muchos compa\u00f1eros que est\u00e1n de acuerdo con esta postura del PRO, <strong>la realidad es que la solidaridad que tiene la obra social IOMA no la tiene ninguna otra obra social<\/strong>. Y si uno toma en cuenta cu\u00e1l es el aporte que puede hacer un trabajador y que un &#8216;servicio cinco&#8217; de treinta y cinco horas que es contratado, el aporte que puede hacer a la obra social entre lo que aporta la patronal y \u00e9l en este momento es de 10 mil pesos. Y tiene cobertura para \u00e9l, su pareja e hijos hasta los 21 a\u00f1os y con esa plata no hay ninguna obra social que te de ese servicio\u201d.<\/p>\n<p>&nbsp;<\/p>\n<p>En este punto el dirigente del STMA asegur\u00f3 que est\u00e1 tem\u00e1tica, que \u201ces hist\u00f3rica\u201d, la vienen analizando a nivel federativo y de confederaci\u00f3n, para lograr tener una obra social exclusiva de los trabajadores municipales. Asimismo, explic\u00f3 que <strong>los municipios que no est\u00e1n afiliados a IOMA, \u201cson cuatro o cinco casos en la provincia\u201d y que \u201ctienen obras sociales que vienen de antes de IOMA\u201d<\/strong>. En referencia a La Matanza, Tres de Febrero y Bah\u00eda Blanca dijo que \u201cson distritos que tienen muchos empleados municipales y esto hace que la obra social se pueda sustentar porque es solidaria verdaderamente\u201d.<\/p>\n<p>&nbsp;<\/p>\n<blockquote><p>\u201cNo voy a defender a IOMA porque tiene un mont\u00f3n de falencias. Pero los problemas que tenemos en Azul no se dan en todos los distritos. Porque si uno va a Olavarr\u00eda, no tienen los mismos problemas los trabajadores afiliados a IOMA. Por ejemplo, el cobro indebido en esa ciudad no existe\u201d remarc\u00f3.<\/p><\/blockquote>\n<p>&nbsp;<\/p>\n<p>Fuente y fotos: <em>Diario El Tiempo<\/em><\/p>\n<p>&nbsp;<\/p>\n<blockquote class=\"wp-embedded-content\" data-secret=\"kb4QnfuVev\"><p><a href=\"https:\/\/cdnoticias.com\/index.php\/2023\/03\/06\/son-intendentes-que-nunca-se-preocuparon-por-la-situacion-de-ioma-en-sus-municipios\/\">\u201cSon Intendentes que nunca se preocuparon por la situaci\u00f3n de IOMA en sus municipios\u201d<\/a><\/p><\/blockquote>\n<p><iframe loading=\"lazy\" class=\"wp-embedded-content\" sandbox=\"allow-scripts\" security=\"restricted\" style=\"position: absolute; clip: rect(1px, 1px, 1px, 1px);\" title=\"&#8220;\u201cSon Intendentes que nunca se preocuparon por la situaci\u00f3n de IOMA en sus municipios\u201d&#8221; &#8212; Central de Noticias | Olavarr\u00eda\" src=\"https:\/\/cdnoticias.com\/index.php\/2023\/03\/06\/son-intendentes-que-nunca-se-preocuparon-por-la-situacion-de-ioma-en-sus-municipios\/embed\/#?secret=D8n8VBAFJG#?secret=kb4QnfuVev\" data-secret=\"kb4QnfuVev\" width=\"600\" height=\"338\" frameborder=\"0\" marginwidth=\"0\" marginheight=\"0\" scrolling=\"no\"><\/iframe><\/p>\n<p>&nbsp;<\/p>\n","protected":false},"excerpt":{"rendered":"<p>El proyecto fue impulsado por un sector del PRO y se analiza en comisi\u00f3n del HCD. Los sindicatos defendieron a<\/p>\n","protected":false},"author":4,"featured_media":80514,"comment_status":"closed","ping_status":"closed","sticky":false,"template":"","format":"standard","meta":{"_jetpack_memberships_contains_paid_content":false,"footnotes":""},"categories":[6,1],"tags":[],"class_list":["post-80511","post","type-post","status-publish","format-standard","has-post-thumbnail","hentry","category-nacionales","category-portada"],"jetpack_featured_media_url":"https:\/\/i0.wp.com\/cdnoticias.com\/wp-content\/uploads\/2023\/03\/IOMA-AZUL-2-Los-concejales-del-PRO-Ramiro-Ortiz-y-Lucio-Mansilla-FOTO-NACHO-CORREA.jpg?fit=800%2C445&ssl=1","jetpack_sharing_enabled":true,"_links":{"self":[{"href":"https:\/\/cdnoticias.com\/index.php\/wp-json\/wp\/v2\/posts\/80511","targetHints":{"allow":["GET"]}}],"collection":[{"href":"https:\/\/cdnoticias.com\/index.php\/wp-json\/wp\/v2\/posts"}],"about":[{"href":"https:\/\/cdnoticias.com\/index.php\/wp-json\/wp\/v2\/types\/post"}],"author":[{"embeddable":true,"href":"https:\/\/cdnoticias.com\/index.php\/wp-json\/wp\/v2\/users\/4"}],"replies":[{"embeddable":true,"href":"https:\/\/cdnoticias.com\/index.php\/wp-json\/wp\/v2\/comments?post=80511"}],"version-history":[{"count":0,"href":"https:\/\/cdnoticias.com\/index.php\/wp-json\/wp\/v2\/posts\/80511\/revisions"}],"wp:featuredmedia":[{"embeddable":true,"href":"https:\/\/cdnoticias.com\/index.php\/wp-json\/wp\/v2\/media\/80514"}],"wp:attachment":[{"href":"https:\/\/cdnoticias.com\/index.php\/wp-json\/wp\/v2\/media?parent=80511"}],"wp:term":[{"taxonomy":"category","embeddable":true,"href":"https:\/\/cdnoticias.com\/index.php\/wp-json\/wp\/v2\/categories?post=80511"},{"taxonomy":"post_tag","embeddable":true,"href":"https:\/\/cdnoticias.com\/index.php\/wp-json\/wp\/v2\/tags?post=80511"}],"curies":[{"name":"wp","href":"https:\/\/api.w.org\/{rel}","templated":true}]}}