{"id":80506,"date":"2023-03-25T10:39:23","date_gmt":"2023-03-25T13:39:23","guid":{"rendered":"https:\/\/www.centraldenoticias.com.ar\/?p=80506"},"modified":"2023-03-25T13:39:46","modified_gmt":"2023-03-25T16:39:46","slug":"los-bancos-cambiaran-su-horario-de-atencion-desde-el-3-de-abril","status":"publish","type":"post","link":"https:\/\/cdnoticias.com\/index.php\/2023\/03\/25\/los-bancos-cambiaran-su-horario-de-atencion-desde-el-3-de-abril\/","title":{"rendered":"Los bancos cambiar\u00e1n su horario de atenci\u00f3n desde el 3 de abril"},"content":{"rendered":"<p>Lo record\u00f3 el secretario general de La Bancaria regional Azul, Jos\u00e9 Luis Iturralde. Volver\u00e1n al horario de invierno con atenci\u00f3n al p\u00fablico de 10 a 15 horas.<\/p>\n<p><!--more--><\/p>\n<hr \/>\n<p><strong>El secretario general de La Bancaria regional Azul -que incluye a Olavarr\u00eda-, Jos\u00e9 Luis Iturralde<\/strong> record\u00f3 que a partir del pr\u00f3ximo <strong>3 de abril<\/strong> se restablecer\u00e1 el <strong>horario de invierno en los bancos<\/strong> de todo el pa\u00eds y los mismos volver\u00e1n a abrir sus puertas <strong>de 10 a 15 horas<\/strong>.<\/p>\n<p>&nbsp;<\/p>\n<p><a href=\"https:\/\/cdnoticias.com\/index.php\/2022\/11\/21\/desde-el-martes-cambia-el-horario-de-atencion-de-los-bancos\/\" target=\"_blank\" rel=\"noopener\">Tal como se estableci\u00f3 a fines de noviembre<\/a>,<strong> hasta el 31 de marzo se mantiene la atenci\u00f3n en la franja horaria de 8 a 13 horas<\/strong>.<\/p>\n<p>&nbsp;<\/p>\n<p>En una entrevista con Tiempo Radio de Azul tambi\u00e9n se refiri\u00f3 a la <strong>derogaci\u00f3n de la ley de jubilaciones del BAPRO, la ley 15.008<\/strong>. Cont\u00f3: \u201cDespu\u00e9s de cuatro a\u00f1os de lucha permanente en contra de una actitud inconstitucional e irresponsable de la gobernadora Vidal <em>logramos que finalmente la Corte falle a favor de la presentaci\u00f3n de la asociaci\u00f3n bancaria y a favor de los derechos de los jubilados y pensionados del Banco de la provincia de Buenos Aires y tambi\u00e9n de los empleados en actividad&#8221;<\/em>.<\/p>\n<p>&nbsp;<\/p>\n<figure id=\"attachment_80508\" aria-describedby=\"caption-attachment-80508\" style=\"width: 800px\" class=\"wp-caption aligncenter\"><img data-recalc-dims=\"1\" loading=\"lazy\" decoding=\"async\" class=\"wp-image-80508\" src=\"https:\/\/i0.wp.com\/cdnoticias.com\/wp-content\/uploads\/2023\/03\/Jose-Luis-Iturralde-diario-el-tiempo.jpeg?resize=800%2C450&#038;ssl=1\" alt=\"\" width=\"800\" height=\"450\" srcset=\"https:\/\/i0.wp.com\/cdnoticias.com\/wp-content\/uploads\/2023\/03\/Jose-Luis-Iturralde-diario-el-tiempo.jpeg?w=948&amp;ssl=1 948w, https:\/\/i0.wp.com\/cdnoticias.com\/wp-content\/uploads\/2023\/03\/Jose-Luis-Iturralde-diario-el-tiempo.jpeg?resize=300%2C169&amp;ssl=1 300w, https:\/\/i0.wp.com\/cdnoticias.com\/wp-content\/uploads\/2023\/03\/Jose-Luis-Iturralde-diario-el-tiempo.jpeg?resize=768%2C432&amp;ssl=1 768w\" sizes=\"auto, (max-width: 800px) 100vw, 800px\" \/><figcaption id=\"caption-attachment-80508\" class=\"wp-caption-text\">Jos\u00e9 Luis Iturralde, secretario general de La Bancaria. Foto: Diario El Tiempo<\/figcaption><\/figure>\n<p>&nbsp;<\/p>\n<blockquote><p>&#8220;Teniendo en cuenta que Juntos por el Cambio en la provincia de Buenos Aires no da quorum para tratar la ley definitiva, esto oblig\u00f3 a la Corte Suprema de PBA a decretar art\u00edculos de inconstitucionalidad, dejando vigentes los de la anterior ley y teniendo en cuenta que ahora para que haya una nueva tienen que ponerse de acuerdo pol\u00edticamente, cosa que es muy dif\u00edcil. Mientras tanto sigue vigente la cautelar impuesta por la corte hasta tanto se resuelva el tema legislativamente&#8221; agreg\u00f3.<\/p><\/blockquote>\n<p>&nbsp;<\/p>\n<p>Asimismo, Iturralde asegur\u00f3 que<strong> La Bancaria cerr\u00f3 recientemente un acuerdo paritario de un 32, 5% de aumento<\/strong>: <em>&#8220;Ese acuerdo es hasta el mes de mayo y luego comenzamos con la segunda parte de la paritaria que tambi\u00e9n tendr\u00e1 sus cl\u00e1usulas de revisi\u00f3n&#8221;.<\/em><\/p>\n<p>&nbsp;<\/p>\n<p>&#8220;Con el tema del <strong>impuesto a la ganancia<\/strong> y m\u00e1s all\u00e1 que nosotros consideramos que el salario no tiene que ser ganancia, sabemos que pol\u00edticamente y que m\u00e1s all\u00e1 de los gobiernos ha sido incorporado dentro de la ley tributaria. Y se ha conseguido una compensaci\u00f3n en dos tramos, en dos bonos que no impactan en ganancias y se agregan seis puntos que se van a desgravar y tampoco van a pagar ganancias. Esta no es la soluci\u00f3n definitiva pero la idea es poder contar con el proyecto de ley que present\u00f3 en su momento Sergio Palazzo que trata de fondo la cuesti\u00f3n y para eso hay que encontrar adeptos a nivel legislativo que muchas veces son dif\u00edciles de encontrar. Pero creo que este tema que se ha incorporado en el debate va a tener que tener una soluci\u00f3n definitiva este a\u00f1o&#8221; a\u00f1adi\u00f3.<\/p>\n<p>&nbsp;<\/p>\n<p>Fuente: <em>Diario El Tiempo<\/em><\/p>\n","protected":false},"excerpt":{"rendered":"<p>Lo record\u00f3 el secretario general de La Bancaria regional Azul, Jos\u00e9 Luis Iturralde. Volver\u00e1n al horario de invierno con atenci\u00f3n<\/p>\n","protected":false},"author":4,"featured_media":17852,"comment_status":"closed","ping_status":"closed","sticky":false,"template":"","format":"standard","meta":{"_jetpack_memberships_contains_paid_content":false,"footnotes":""},"categories":[5,1],"tags":[],"class_list":["post-80506","post","type-post","status-publish","format-standard","has-post-thumbnail","hentry","category-informacion-general","category-portada"],"jetpack_featured_media_url":"https:\/\/i0.wp.com\/cdnoticias.com\/wp-content\/uploads\/2021\/04\/banco-provincia-01.jpg?fit=800%2C445&ssl=1","jetpack_sharing_enabled":true,"_links":{"self":[{"href":"https:\/\/cdnoticias.com\/index.php\/wp-json\/wp\/v2\/posts\/80506","targetHints":{"allow":["GET"]}}],"collection":[{"href":"https:\/\/cdnoticias.com\/index.php\/wp-json\/wp\/v2\/posts"}],"about":[{"href":"https:\/\/cdnoticias.com\/index.php\/wp-json\/wp\/v2\/types\/post"}],"author":[{"embeddable":true,"href":"https:\/\/cdnoticias.com\/index.php\/wp-json\/wp\/v2\/users\/4"}],"replies":[{"embeddable":true,"href":"https:\/\/cdnoticias.com\/index.php\/wp-json\/wp\/v2\/comments?post=80506"}],"version-history":[{"count":0,"href":"https:\/\/cdnoticias.com\/index.php\/wp-json\/wp\/v2\/posts\/80506\/revisions"}],"wp:featuredmedia":[{"embeddable":true,"href":"https:\/\/cdnoticias.com\/index.php\/wp-json\/wp\/v2\/media\/17852"}],"wp:attachment":[{"href":"https:\/\/cdnoticias.com\/index.php\/wp-json\/wp\/v2\/media?parent=80506"}],"wp:term":[{"taxonomy":"category","embeddable":true,"href":"https:\/\/cdnoticias.com\/index.php\/wp-json\/wp\/v2\/categories?post=80506"},{"taxonomy":"post_tag","embeddable":true,"href":"https:\/\/cdnoticias.com\/index.php\/wp-json\/wp\/v2\/tags?post=80506"}],"curies":[{"name":"wp","href":"https:\/\/api.w.org\/{rel}","templated":true}]}}