{"id":80469,"date":"2023-03-24T18:22:39","date_gmt":"2023-03-24T21:22:39","guid":{"rendered":"https:\/\/www.centraldenoticias.com.ar\/?p=80469"},"modified":"2023-03-24T18:22:39","modified_gmt":"2023-03-24T21:22:39","slug":"irregularidades-en-desarrollo-social-repudios-y-criticas-de-organizaciones-sociales-y-politicas","status":"publish","type":"post","link":"https:\/\/cdnoticias.com\/index.php\/2023\/03\/24\/irregularidades-en-desarrollo-social-repudios-y-criticas-de-organizaciones-sociales-y-politicas\/","title":{"rendered":"Irregularidades en Desarrollo Social: repudios y cr\u00edticas de organizaciones sociales y pol\u00edticas"},"content":{"rendered":"<p>Pidieron avances en investigaciones y definiciones r\u00e1pidas: \u201cEst\u00e1n jugando con el hambre de la gente\u201d indicaron y criticaron la reiteraci\u00f3n de situaciones de esta \u00edndole. <!--more--><\/p>\n<hr \/>\n<p>Luego de conocerse una<a href=\"https:\/\/cdnoticias.com\/index.php\/2023\/03\/22\/denuncian-irregularidades-en-el-uso-de-tarjetas-cabal-y-vales-por-mercaderia-en-desarrollo-social\/\" target=\"_blank\" rel=\"noopener\"> denuncia por irregularidades en vales de mercader\u00eda y tarjetas Cabal en el \u00e1rea de Desarrollo Social del Municipio<\/a>, <strong>agrupaciones sociales y pol\u00edticas repudiaron el accionar y pidieron avances r\u00e1pidos en la investigaci\u00f3n para determinar qu\u00e9 fue lo sucedido.<\/strong><\/p>\n<p>&nbsp;<\/p>\n<p><strong>Olavarr\u00eda al Frente<\/strong> se mostr\u00f3 \u201cpoco sorprendido\u201d por el \u201cdesorden\u201d municipal. <em>\u201cNos indignan las supuestas irregularidades en el manejo de vales de mercader\u00eda que deber\u00edan haber tenido como destinatarias a las familias m\u00e1s vulnerables de la ciudad. El desprecio hacia quienes m\u00e1s necesitan ayuda se hace evidente en una gesti\u00f3n donde escasea la transparencia\u201d.<\/em><\/p>\n<p>&nbsp;<\/p>\n<blockquote><p>Pidieron una r\u00e1pida investigaci\u00f3n y<em> \u201crespuestas verdaderas\u201d<\/em> a la comunidad. <strong><em>\u201cNo nos acostumbremos a la corrupci\u00f3n de este gobierno municipal y si hay m\u00e1s involucrados, sin importar su jerarqu\u00eda, dejen de oscurecer a Olavarr\u00eda\u201d.<\/em><\/strong><\/p><\/blockquote>\n<p>&nbsp;<\/p>\n<p><strong>Emiliano Llorente, referente del MTE Olavarr\u00eda<\/strong>, dijo que<em> \u201cuna vez m\u00e1s\u201d<\/em> aparece un caso de esta \u00edndole. <em>\u201cLa Secretar\u00eda que deber\u00eda ocuparse de abordar los casos de nuestros hermanos y hermanas, vecinos y vecinas con m\u00e1s necesidades, una vez m\u00e1s elije robarles los pocos recursos que el estado municipal destina\u201d.<\/em><\/p>\n<p>&nbsp;<\/p>\n<p>Catalog\u00f3 de \u201cmiserable\u201d utilizar el nombre de una <em>\u201cpersona humilde para quedarse con los dos mangos que le corresponde\u201d. <strong>\u201cSi la justicia no los condena, porque son sus amigos, los va a condenar el pueblo por su traici\u00f3n\u201d.<\/strong><\/em><\/p>\n<p>&nbsp;<\/p>\n<blockquote><p>Para cerrar, carg\u00f3 contra el secretario Robbiani: \u201csi es c\u00f3mplice, deber\u00edan correrlo, y si \u2018se le escap\u00f3\u2019 deber\u00eda renunciar\u201d.<\/p><\/blockquote>\n<p>&nbsp;<\/p>\n<p>Libres del Sur emiti\u00f3 un comunicado titulado <strong><em>\u201cAlimentos ausentes de la gente y presentes en los negocios de gobierno\u201d.<\/em><\/strong> Acusaron al Intendente de<em> \u201chacer un negocio\u201d<\/em> y que <em>\u201ccumplieron\u201d. <strong>\u201cEn un contexto de desempleo e inflaci\u00f3n, donde acceder alimentos b\u00e1sicos es complejo para varias familias que acuden al Estado en busca de empat\u00eda y ayuda, esta gesti\u00f3n municipal utiliz\u00f3, nuevamente, datos p\u00fablicos en beneficio propio\u201d.<\/strong><\/em><\/p>\n<p>&nbsp;<\/p>\n<blockquote><p>\u201cDesde Libres del Sur Olavarr\u00eda volvemos a lamentar que, los m\u00e1s vulnerables, sean utilizados por esta gesti\u00f3n municipal para crear negocios repudiables. Fracasaron todos, es tiempo de algo distinto\u201d.<\/p><\/blockquote>\n<p>&nbsp;<\/p>\n<p><strong><em>\u201cDesde el Polo Obrero exigimos una investigaci\u00f3n independiente\u201d<\/em><\/strong> emiti\u00f3 un comunicado el sector de izquierdo que dejaron en claro que<em> \u201ccon el hambre del pueblo no se juega\u201d.<\/em><\/p>\n<p>&nbsp;<\/p>\n<blockquote><p>\u201cSeg\u00fan los dichos de los encargados, la demanda de alimentos en los barrios de Olavarr\u00eda est\u00e1 cubierta \u00a1\u00bfA d\u00f3nde?! Diego Robbiani o alguien de su espacio deber\u00eda explicar c\u00f3mo est\u00e1 cubierto si no para de aumentar la demanda hacia los comedores y merenderos populares. Y deber\u00edan explicar por qu\u00e9 se robaron los vales para su propio beneficio. \u00bfNo es que acaso los vales son para personas con problemas de salud? \u00a1Son c\u00ednicos!\u201d<\/p><\/blockquote>\n<p>&nbsp;<\/p>\n<p>Exigieron, despu\u00e9s de varias acusaciones, <strong>la creaci\u00f3n de una comisi\u00f3n popular independiente<\/strong> <em>\u201ccon poder de auditor\u00eda e investigaci\u00f3n que est\u00e9 integrada por representantes de los movimientos sociales y las sociedades de fomento que venimos atendiendo la cuesti\u00f3n alimentaria y acompa\u00f1ando a las y los vecinos en sus demandas. Convocamos a expresarse y colaborar en este sentido a las organizaciones de la comunidad olavarriense\u201d.<\/em><\/p>\n","protected":false},"excerpt":{"rendered":"<p>Pidieron avances en investigaciones y definiciones r\u00e1pidas: \u201cEst\u00e1n jugando con el hambre de la gente\u201d indicaron y criticaron la reiteraci\u00f3n<\/p>\n","protected":false},"author":2,"featured_media":34119,"comment_status":"closed","ping_status":"closed","sticky":false,"template":"","format":"standard","meta":{"_jetpack_memberships_contains_paid_content":false,"footnotes":""},"categories":[5,1],"tags":[],"class_list":["post-80469","post","type-post","status-publish","format-standard","has-post-thumbnail","hentry","category-informacion-general","category-portada"],"jetpack_featured_media_url":"https:\/\/i0.wp.com\/cdnoticias.com\/wp-content\/uploads\/2021\/09\/palacio-san-martin-olavarria.jpg?fit=1600%2C1200&ssl=1","jetpack_sharing_enabled":true,"_links":{"self":[{"href":"https:\/\/cdnoticias.com\/index.php\/wp-json\/wp\/v2\/posts\/80469","targetHints":{"allow":["GET"]}}],"collection":[{"href":"https:\/\/cdnoticias.com\/index.php\/wp-json\/wp\/v2\/posts"}],"about":[{"href":"https:\/\/cdnoticias.com\/index.php\/wp-json\/wp\/v2\/types\/post"}],"author":[{"embeddable":true,"href":"https:\/\/cdnoticias.com\/index.php\/wp-json\/wp\/v2\/users\/2"}],"replies":[{"embeddable":true,"href":"https:\/\/cdnoticias.com\/index.php\/wp-json\/wp\/v2\/comments?post=80469"}],"version-history":[{"count":0,"href":"https:\/\/cdnoticias.com\/index.php\/wp-json\/wp\/v2\/posts\/80469\/revisions"}],"wp:featuredmedia":[{"embeddable":true,"href":"https:\/\/cdnoticias.com\/index.php\/wp-json\/wp\/v2\/media\/34119"}],"wp:attachment":[{"href":"https:\/\/cdnoticias.com\/index.php\/wp-json\/wp\/v2\/media?parent=80469"}],"wp:term":[{"taxonomy":"category","embeddable":true,"href":"https:\/\/cdnoticias.com\/index.php\/wp-json\/wp\/v2\/categories?post=80469"},{"taxonomy":"post_tag","embeddable":true,"href":"https:\/\/cdnoticias.com\/index.php\/wp-json\/wp\/v2\/tags?post=80469"}],"curies":[{"name":"wp","href":"https:\/\/api.w.org\/{rel}","templated":true}]}}