{"id":80463,"date":"2023-03-24T13:54:05","date_gmt":"2023-03-24T16:54:05","guid":{"rendered":"https:\/\/www.centraldenoticias.com.ar\/?p=80463"},"modified":"2023-03-24T16:39:26","modified_gmt":"2023-03-24T19:39:26","slug":"bajo-una-profunda-emocion-y-con-homenajes-a-familiares-el-hcd-sesiono-en-monte-pelloni","status":"publish","type":"post","link":"https:\/\/cdnoticias.com\/index.php\/2023\/03\/24\/bajo-una-profunda-emocion-y-con-homenajes-a-familiares-el-hcd-sesiono-en-monte-pelloni\/","title":{"rendered":"Bajo una profunda emoci\u00f3n y con homenajes a familiares, el HCD sesion\u00f3 en Monte Pelloni"},"content":{"rendered":"<p>Se aprobaron tres proyectos por unanimidad, hubo debate y posturas. Al final, la Comisi\u00f3n por la Memoria pidi\u00f3 homenajear a familiares de los detenidos-desaparecidos en la \u00faltima dictadura c\u00edvico-militar.<!--more--><\/p>\n<hr \/>\n<p><strong>Una jornada, como todos los a\u00f1os, cargada de emociones y sentidos.<\/strong> De permitir los debates, y de sentir la democracia. Este a\u00f1o, el Concejo Deliberante volvi\u00f3 a sesionar en Monte Pelloni, <strong>se aprobaron tres proyectos por unanimidad<\/strong> y hubo sentidos homenajes a familiares de las v\u00edctimas del terrorismo de Estado.<\/p>\n<p>&nbsp;<\/p>\n<p>No fue caprichosa la elecci\u00f3n del homenaje: el propio <strong>Carmelo Vinci<\/strong> dijo que <strong>los discursos de odio<\/strong> tan mencionados en estos tiempos<strong> \u201chan pesado sobre aquellos que buscaron incansablemente a sus hijos, buscar conquistar muchos derechos, y siempre lo hicieron en paz\u201d.<\/strong><\/p>\n<p>&nbsp;<\/p>\n<p><img data-recalc-dims=\"1\" loading=\"lazy\" decoding=\"async\" class=\"aligncenter size-full wp-image-80460\" src=\"https:\/\/i0.wp.com\/cdnoticias.com\/wp-content\/uploads\/2023\/03\/vinci-carmelo-monte-pelloni-05-scaled.jpg?resize=800%2C445&#038;ssl=1\" alt=\"\" width=\"800\" height=\"445\" srcset=\"https:\/\/i0.wp.com\/cdnoticias.com\/wp-content\/uploads\/2023\/03\/vinci-carmelo-monte-pelloni-05-scaled.jpg?w=2560&amp;ssl=1 2560w, https:\/\/i0.wp.com\/cdnoticias.com\/wp-content\/uploads\/2023\/03\/vinci-carmelo-monte-pelloni-05-scaled.jpg?resize=300%2C167&amp;ssl=1 300w, https:\/\/i0.wp.com\/cdnoticias.com\/wp-content\/uploads\/2023\/03\/vinci-carmelo-monte-pelloni-05-scaled.jpg?resize=1024%2C570&amp;ssl=1 1024w, https:\/\/i0.wp.com\/cdnoticias.com\/wp-content\/uploads\/2023\/03\/vinci-carmelo-monte-pelloni-05-scaled.jpg?resize=768%2C427&amp;ssl=1 768w, https:\/\/i0.wp.com\/cdnoticias.com\/wp-content\/uploads\/2023\/03\/vinci-carmelo-monte-pelloni-05-scaled.jpg?resize=1536%2C854&amp;ssl=1 1536w, https:\/\/i0.wp.com\/cdnoticias.com\/wp-content\/uploads\/2023\/03\/vinci-carmelo-monte-pelloni-05-scaled.jpg?resize=2048%2C1139&amp;ssl=1 2048w, https:\/\/i0.wp.com\/cdnoticias.com\/wp-content\/uploads\/2023\/03\/vinci-carmelo-monte-pelloni-05-scaled.jpg?resize=800%2C445&amp;ssl=1 800w, https:\/\/i0.wp.com\/cdnoticias.com\/wp-content\/uploads\/2023\/03\/vinci-carmelo-monte-pelloni-05-scaled.jpg?w=1600&amp;ssl=1 1600w, https:\/\/i0.wp.com\/cdnoticias.com\/wp-content\/uploads\/2023\/03\/vinci-carmelo-monte-pelloni-05-scaled.jpg?w=2400&amp;ssl=1 2400w\" sizes=\"auto, (max-width: 800px) 100vw, 800px\" \/><\/p>\n<p>&nbsp;<\/p>\n<p>Adem\u00e1s de los concejales, estuvieron presentes el secretario de Gobierno, Hilario Galli; el secretario de Desarrollo Econ\u00f3mico Julio Valetutto, el subsecretario de Gobierno Emilio Vitale, el subsecretario de Obras P\u00fablicas Gonzalo Ort\u00edz, el subsecretario de Deportes Juan Agust\u00edn Galli y el subsecretario de Comunicaci\u00f3n, Juan Emilio Dambolena.<\/p>\n<p>&nbsp;<\/p>\n<p>Tambi\u00e9n estuvieron presentes autoridades provinciales, v\u00edctimas y familiares del terrorismo de Estado, referentes de derechos humanos, militantes de distintos espacios pol\u00edticos e incluso dirigentes que manifestaron sus aspiraciones a gobernar la ciudad, como el ingeniero Marcelo Spina y el empresario Hern\u00e1n Parra.<\/p>\n<p>&nbsp;<\/p>\n<p><img data-recalc-dims=\"1\" loading=\"lazy\" decoding=\"async\" class=\"aligncenter size-full wp-image-80451\" src=\"https:\/\/i0.wp.com\/cdnoticias.com\/wp-content\/uploads\/2023\/03\/monte-pelloni-sesion-HCD-08-scaled.jpg?resize=800%2C445&#038;ssl=1\" alt=\"\" width=\"800\" height=\"445\" srcset=\"https:\/\/i0.wp.com\/cdnoticias.com\/wp-content\/uploads\/2023\/03\/monte-pelloni-sesion-HCD-08-scaled.jpg?w=2560&amp;ssl=1 2560w, https:\/\/i0.wp.com\/cdnoticias.com\/wp-content\/uploads\/2023\/03\/monte-pelloni-sesion-HCD-08-scaled.jpg?resize=300%2C167&amp;ssl=1 300w, https:\/\/i0.wp.com\/cdnoticias.com\/wp-content\/uploads\/2023\/03\/monte-pelloni-sesion-HCD-08-scaled.jpg?resize=1024%2C570&amp;ssl=1 1024w, https:\/\/i0.wp.com\/cdnoticias.com\/wp-content\/uploads\/2023\/03\/monte-pelloni-sesion-HCD-08-scaled.jpg?resize=768%2C427&amp;ssl=1 768w, https:\/\/i0.wp.com\/cdnoticias.com\/wp-content\/uploads\/2023\/03\/monte-pelloni-sesion-HCD-08-scaled.jpg?resize=1536%2C854&amp;ssl=1 1536w, https:\/\/i0.wp.com\/cdnoticias.com\/wp-content\/uploads\/2023\/03\/monte-pelloni-sesion-HCD-08-scaled.jpg?resize=2048%2C1139&amp;ssl=1 2048w, https:\/\/i0.wp.com\/cdnoticias.com\/wp-content\/uploads\/2023\/03\/monte-pelloni-sesion-HCD-08-scaled.jpg?resize=800%2C445&amp;ssl=1 800w, https:\/\/i0.wp.com\/cdnoticias.com\/wp-content\/uploads\/2023\/03\/monte-pelloni-sesion-HCD-08-scaled.jpg?w=1600&amp;ssl=1 1600w, https:\/\/i0.wp.com\/cdnoticias.com\/wp-content\/uploads\/2023\/03\/monte-pelloni-sesion-HCD-08-scaled.jpg?w=2400&amp;ssl=1 2400w\" sizes=\"auto, (max-width: 800px) 100vw, 800px\" \/><\/p>\n<p>&nbsp;<\/p>\n<p>Con respecto a la sesi\u00f3n, se aprobaron tres propuestas: <strong>se declararon de inter\u00e9s legislativo municipal la pel\u00edcula \u201cAbuelas, una pel\u00edcula sobre (y con) Abuelas de Plaza de Mayo\u201d y tambi\u00e9n \u201cArgentina, 1985\u201d.<\/strong><\/p>\n<p>&nbsp;<\/p>\n<p>Tambi\u00e9n se declar\u00f3 <strong>\u201cbenepl\u00e1cito\u201d por las obras realizadas del gobierno provincial en el Espacio de Memoria Monte Pelloni<\/strong>, que tuvo como orador a <strong>Maximiliano Wesner<\/strong>, en un efusivo discurso pol\u00edtico: dijo que <strong>\u201csolo la memoria puede traernos aquellos d\u00edas nefastos de la d\u00e9cada del 70\u2019\u201d<\/strong> y lo compar\u00f3 con la actualidad, que<strong> la democracia se encuentra limitada<\/strong> \u201ccuando vemos las tapas de los diarios, gatillando dos veces en la cabeza de la vicepresidenta, persigui\u00e9ndola desde la Justicia\u201d.<\/p>\n<p>&nbsp;<\/p>\n<p><img data-recalc-dims=\"1\" loading=\"lazy\" decoding=\"async\" class=\"aligncenter size-full wp-image-80438\" src=\"https:\/\/i0.wp.com\/cdnoticias.com\/wp-content\/uploads\/2023\/03\/maximiliano-wesner-monte-pelloni-01-scaled.jpg?resize=800%2C445&#038;ssl=1\" alt=\"\" width=\"800\" height=\"445\" srcset=\"https:\/\/i0.wp.com\/cdnoticias.com\/wp-content\/uploads\/2023\/03\/maximiliano-wesner-monte-pelloni-01-scaled.jpg?w=2560&amp;ssl=1 2560w, https:\/\/i0.wp.com\/cdnoticias.com\/wp-content\/uploads\/2023\/03\/maximiliano-wesner-monte-pelloni-01-scaled.jpg?resize=300%2C167&amp;ssl=1 300w, https:\/\/i0.wp.com\/cdnoticias.com\/wp-content\/uploads\/2023\/03\/maximiliano-wesner-monte-pelloni-01-scaled.jpg?resize=1024%2C570&amp;ssl=1 1024w, https:\/\/i0.wp.com\/cdnoticias.com\/wp-content\/uploads\/2023\/03\/maximiliano-wesner-monte-pelloni-01-scaled.jpg?resize=768%2C427&amp;ssl=1 768w, https:\/\/i0.wp.com\/cdnoticias.com\/wp-content\/uploads\/2023\/03\/maximiliano-wesner-monte-pelloni-01-scaled.jpg?resize=1536%2C855&amp;ssl=1 1536w, https:\/\/i0.wp.com\/cdnoticias.com\/wp-content\/uploads\/2023\/03\/maximiliano-wesner-monte-pelloni-01-scaled.jpg?resize=2048%2C1140&amp;ssl=1 2048w, https:\/\/i0.wp.com\/cdnoticias.com\/wp-content\/uploads\/2023\/03\/maximiliano-wesner-monte-pelloni-01-scaled.jpg?resize=800%2C445&amp;ssl=1 800w, https:\/\/i0.wp.com\/cdnoticias.com\/wp-content\/uploads\/2023\/03\/maximiliano-wesner-monte-pelloni-01-scaled.jpg?w=1600&amp;ssl=1 1600w, https:\/\/i0.wp.com\/cdnoticias.com\/wp-content\/uploads\/2023\/03\/maximiliano-wesner-monte-pelloni-01-scaled.jpg?w=2400&amp;ssl=1 2400w\" sizes=\"auto, (max-width: 800px) 100vw, 800px\" \/><\/p>\n<p>&nbsp;<\/p>\n<p>Agreg\u00f3 que \u201cesto pasa porque ella, que vivi\u00f3 y crey\u00f3 en esas ideas que intentaron exterminar, garantiza el ascenso social, tiene el coraje de hacer de nuestra Argentina socialmente justa, econ\u00f3micamente libre y pol\u00edticamente soberana\u201d.<\/p>\n<p>&nbsp;<\/p>\n<blockquote><p>\u201cPor eso es tan importante la b\u00fasqueda de la Verdad y la Justicia\u201d agreg\u00f3 y agradeci\u00f3 el trabajo de la Secretar\u00eda de Derechos Humanos de la Provincia y la Naci\u00f3n. En esa l\u00ednea, <strong>critic\u00f3 al Municipio por no tener una Direcci\u00f3n de Derechos Humanos.<\/strong> Pidi\u00f3 \u201cuna pol\u00edtica municipal que sostenga el ejercicio de la memoria\u201d.<\/p><\/blockquote>\n<p>&nbsp;<\/p>\n<p>\u201cMi homenaje y reconocimiento a todos los militantes que se la jugaron hace 47 a\u00f1os, a los argentinos y tambi\u00e9n a los olavarrienses, muchos de ellos aqu\u00ed presentes\u201d cerr\u00f3, luego de valorar que Monte Pelloni<strong> \u201cahora pertenece a la Provincia\u201d<\/strong> y con ello la realizaci\u00f3n de varias obras.<\/p>\n<p>&nbsp;<\/p>\n<p><img data-recalc-dims=\"1\" loading=\"lazy\" decoding=\"async\" class=\"aligncenter size-full wp-image-80433\" src=\"https:\/\/i0.wp.com\/cdnoticias.com\/wp-content\/uploads\/2023\/03\/juan-sanchez-monte-pelloni-02-scaled.jpg?resize=800%2C445&#038;ssl=1\" alt=\"\" width=\"800\" height=\"445\" srcset=\"https:\/\/i0.wp.com\/cdnoticias.com\/wp-content\/uploads\/2023\/03\/juan-sanchez-monte-pelloni-02-scaled.jpg?w=2560&amp;ssl=1 2560w, https:\/\/i0.wp.com\/cdnoticias.com\/wp-content\/uploads\/2023\/03\/juan-sanchez-monte-pelloni-02-scaled.jpg?resize=300%2C167&amp;ssl=1 300w, https:\/\/i0.wp.com\/cdnoticias.com\/wp-content\/uploads\/2023\/03\/juan-sanchez-monte-pelloni-02-scaled.jpg?resize=1024%2C570&amp;ssl=1 1024w, https:\/\/i0.wp.com\/cdnoticias.com\/wp-content\/uploads\/2023\/03\/juan-sanchez-monte-pelloni-02-scaled.jpg?resize=768%2C427&amp;ssl=1 768w, https:\/\/i0.wp.com\/cdnoticias.com\/wp-content\/uploads\/2023\/03\/juan-sanchez-monte-pelloni-02-scaled.jpg?resize=1536%2C855&amp;ssl=1 1536w, https:\/\/i0.wp.com\/cdnoticias.com\/wp-content\/uploads\/2023\/03\/juan-sanchez-monte-pelloni-02-scaled.jpg?resize=2048%2C1140&amp;ssl=1 2048w, https:\/\/i0.wp.com\/cdnoticias.com\/wp-content\/uploads\/2023\/03\/juan-sanchez-monte-pelloni-02-scaled.jpg?resize=800%2C445&amp;ssl=1 800w, https:\/\/i0.wp.com\/cdnoticias.com\/wp-content\/uploads\/2023\/03\/juan-sanchez-monte-pelloni-02-scaled.jpg?w=1600&amp;ssl=1 1600w, https:\/\/i0.wp.com\/cdnoticias.com\/wp-content\/uploads\/2023\/03\/juan-sanchez-monte-pelloni-02-scaled.jpg?w=2400&amp;ssl=1 2400w\" sizes=\"auto, (max-width: 800px) 100vw, 800px\" \/><\/p>\n<p>&nbsp;<\/p>\n<p><strong>Juan S\u00e1nchez<\/strong> repas\u00f3 la historia de las sesiones en Monte Pelloni y \u201cc\u00f3mo pasamos de cortar el pasto nosotros mismos a que sea un sitio de la memoria\u201d Dijo que se expres\u00f3 porque \u201cprobablemente\u201d sea su \u00faltima sesi\u00f3n como concejal en este lugar y que comprometi\u00f3 a Mat\u00edas Moreno (subsecretario de DDHH de la Provincia) a que se desarrolle un sendero de la memoria y un mirador al Cerro Largo-<\/p>\n<p>&nbsp;<\/p>\n<p>Todos hicieron menci\u00f3n a que <strong>actualmente la democracia est\u00e1 \u201crestringida y limitada\u201d<\/strong> por la situaci\u00f3n de CFK.<\/p>\n<p>&nbsp;<\/p>\n<p><img data-recalc-dims=\"1\" loading=\"lazy\" decoding=\"async\" class=\"aligncenter size-full wp-image-80436\" src=\"https:\/\/i0.wp.com\/cdnoticias.com\/wp-content\/uploads\/2023\/03\/martin-endere-monte-pelloni-01-scaled.jpg?resize=800%2C445&#038;ssl=1\" alt=\"\" width=\"800\" height=\"445\" srcset=\"https:\/\/i0.wp.com\/cdnoticias.com\/wp-content\/uploads\/2023\/03\/martin-endere-monte-pelloni-01-scaled.jpg?w=2560&amp;ssl=1 2560w, https:\/\/i0.wp.com\/cdnoticias.com\/wp-content\/uploads\/2023\/03\/martin-endere-monte-pelloni-01-scaled.jpg?resize=300%2C167&amp;ssl=1 300w, https:\/\/i0.wp.com\/cdnoticias.com\/wp-content\/uploads\/2023\/03\/martin-endere-monte-pelloni-01-scaled.jpg?resize=1024%2C570&amp;ssl=1 1024w, https:\/\/i0.wp.com\/cdnoticias.com\/wp-content\/uploads\/2023\/03\/martin-endere-monte-pelloni-01-scaled.jpg?resize=768%2C427&amp;ssl=1 768w, https:\/\/i0.wp.com\/cdnoticias.com\/wp-content\/uploads\/2023\/03\/martin-endere-monte-pelloni-01-scaled.jpg?resize=1536%2C855&amp;ssl=1 1536w, https:\/\/i0.wp.com\/cdnoticias.com\/wp-content\/uploads\/2023\/03\/martin-endere-monte-pelloni-01-scaled.jpg?resize=2048%2C1140&amp;ssl=1 2048w, https:\/\/i0.wp.com\/cdnoticias.com\/wp-content\/uploads\/2023\/03\/martin-endere-monte-pelloni-01-scaled.jpg?resize=800%2C445&amp;ssl=1 800w, https:\/\/i0.wp.com\/cdnoticias.com\/wp-content\/uploads\/2023\/03\/martin-endere-monte-pelloni-01-scaled.jpg?w=1600&amp;ssl=1 1600w, https:\/\/i0.wp.com\/cdnoticias.com\/wp-content\/uploads\/2023\/03\/martin-endere-monte-pelloni-01-scaled.jpg?w=2400&amp;ssl=1 2400w\" sizes=\"auto, (max-width: 800px) 100vw, 800px\" \/><\/p>\n<p>&nbsp;<\/p>\n<p><strong>Mart\u00edn Endere (Juntos)<\/strong>, por su parte, valor\u00f3 estar presentes en ese lugar y \u201cacompa\u00f1ar a las v\u00edctimas que por m\u00e1s ejercicio de empat\u00eda que realicemos nunca podremos acercarnos a lo que vivieron\u201d.<\/p>\n<p>&nbsp;<\/p>\n<p><strong>En el debate de \u201cArgentina, 1985\u201d dijo que lo que muestra el largometraje \u201ces que fue un juicio civil y no militar\u201d.<\/strong> El ejercicio de la Memoria \u201c<strong>no se puede reducir a una sola persona<\/strong>, me parece injusto hacer un reduccionismo a una persona en base a una situaci\u00f3n pol\u00edtico\/judicial que est\u00e9 viviendo en este momento\u201d.<\/p>\n<p>&nbsp;<\/p>\n<blockquote><p>\u201cEl 24 de marzo nos interpela mucho, independientemente de qu\u00e9 partido pol\u00edtico provenga cada uno, nos interpela a cuidar la democracia, las instituciones y la divisi\u00f3n de poderes. Atacar, denostar y victimizarse me parece que no lleva a ning\u00fan camino\u201d agreg\u00f3.<\/p><\/blockquote>\n<p>&nbsp;<\/p>\n<p><img data-recalc-dims=\"1\" loading=\"lazy\" decoding=\"async\" class=\"aligncenter size-full wp-image-80456\" src=\"https:\/\/i0.wp.com\/cdnoticias.com\/wp-content\/uploads\/2023\/03\/vinci-carmelo-monte-pelloni-01-scaled.jpg?resize=800%2C445&#038;ssl=1\" alt=\"\" width=\"800\" height=\"445\" srcset=\"https:\/\/i0.wp.com\/cdnoticias.com\/wp-content\/uploads\/2023\/03\/vinci-carmelo-monte-pelloni-01-scaled.jpg?w=2560&amp;ssl=1 2560w, https:\/\/i0.wp.com\/cdnoticias.com\/wp-content\/uploads\/2023\/03\/vinci-carmelo-monte-pelloni-01-scaled.jpg?resize=300%2C167&amp;ssl=1 300w, https:\/\/i0.wp.com\/cdnoticias.com\/wp-content\/uploads\/2023\/03\/vinci-carmelo-monte-pelloni-01-scaled.jpg?resize=1024%2C570&amp;ssl=1 1024w, https:\/\/i0.wp.com\/cdnoticias.com\/wp-content\/uploads\/2023\/03\/vinci-carmelo-monte-pelloni-01-scaled.jpg?resize=768%2C427&amp;ssl=1 768w, https:\/\/i0.wp.com\/cdnoticias.com\/wp-content\/uploads\/2023\/03\/vinci-carmelo-monte-pelloni-01-scaled.jpg?resize=1536%2C855&amp;ssl=1 1536w, https:\/\/i0.wp.com\/cdnoticias.com\/wp-content\/uploads\/2023\/03\/vinci-carmelo-monte-pelloni-01-scaled.jpg?resize=2048%2C1139&amp;ssl=1 2048w, https:\/\/i0.wp.com\/cdnoticias.com\/wp-content\/uploads\/2023\/03\/vinci-carmelo-monte-pelloni-01-scaled.jpg?resize=800%2C445&amp;ssl=1 800w, https:\/\/i0.wp.com\/cdnoticias.com\/wp-content\/uploads\/2023\/03\/vinci-carmelo-monte-pelloni-01-scaled.jpg?w=1600&amp;ssl=1 1600w, https:\/\/i0.wp.com\/cdnoticias.com\/wp-content\/uploads\/2023\/03\/vinci-carmelo-monte-pelloni-01-scaled.jpg?w=2400&amp;ssl=1 2400w\" sizes=\"auto, (max-width: 800px) 100vw, 800px\" \/><\/p>\n<p>&nbsp;<\/p>\n<p>Antes de finalizar la sesi\u00f3n, <strong>Carmelo Vinci ratific\u00f3 el homenaje a familiares e insisti\u00f3 con continuar la realizaci\u00f3n de sesiones en Monte Pelloni<\/strong> \u201cen este contraste de la discusi\u00f3n de la democracia como sucedi\u00f3 reci\u00e9n con el propio lugar, donde la discusi\u00f3n era en una parrilla de tortura\u201d.<\/p>\n<p>&nbsp;<\/p>\n<blockquote><p>\u201cCreo que deber\u00edamos seguir haciendo siempre la sesi\u00f3n en este lugar, en este contexto y con estas contradicciones\u201d.<\/p><\/blockquote>\n<p>&nbsp;<\/p>\n<p>Hizo referencia a la muerte del empresario <strong>Carlos Blaquier<\/strong>, quien muri\u00f3 a los 95 a\u00f1os y jam\u00e1s lleg\u00f3 a ser juzgado por los secuestros ocurridos en plena dictadura en la zona de influencia del ingenio Ledesma en la provincia de Jujuy. Dijo que <strong>\u201cmuri\u00f3 impune\u201d<\/strong> y tambi\u00e9n habl\u00f3 de la situaci\u00f3n de <strong>Milagro Sala \u201cpresa por un invento judicial en esa misma provincia\u201d.<\/strong><\/p>\n<p>&nbsp;<\/p>\n<p>Tras confirmar el homenaje a familiares de las v\u00edctimas de terrorismo de Estado en Olavarr\u00eda, todo se convirti\u00f3 en <strong>micr\u00f3fono abierto<\/strong> donde los familiares expresaron la lucha de tantos a\u00f1os por saber qu\u00e9 ocurri\u00f3 durante la dictadura.<\/p>\n<p>&nbsp;<\/p>\n<p><img data-recalc-dims=\"1\" loading=\"lazy\" decoding=\"async\" class=\"aligncenter size-full wp-image-80435\" src=\"https:\/\/i0.wp.com\/cdnoticias.com\/wp-content\/uploads\/2023\/03\/lofeudo-susana-monte-pelloni-02-scaled.jpg?resize=800%2C445&#038;ssl=1\" alt=\"\" width=\"800\" height=\"445\" srcset=\"https:\/\/i0.wp.com\/cdnoticias.com\/wp-content\/uploads\/2023\/03\/lofeudo-susana-monte-pelloni-02-scaled.jpg?w=2560&amp;ssl=1 2560w, https:\/\/i0.wp.com\/cdnoticias.com\/wp-content\/uploads\/2023\/03\/lofeudo-susana-monte-pelloni-02-scaled.jpg?resize=300%2C167&amp;ssl=1 300w, https:\/\/i0.wp.com\/cdnoticias.com\/wp-content\/uploads\/2023\/03\/lofeudo-susana-monte-pelloni-02-scaled.jpg?resize=1024%2C570&amp;ssl=1 1024w, https:\/\/i0.wp.com\/cdnoticias.com\/wp-content\/uploads\/2023\/03\/lofeudo-susana-monte-pelloni-02-scaled.jpg?resize=768%2C427&amp;ssl=1 768w, https:\/\/i0.wp.com\/cdnoticias.com\/wp-content\/uploads\/2023\/03\/lofeudo-susana-monte-pelloni-02-scaled.jpg?resize=1536%2C854&amp;ssl=1 1536w, https:\/\/i0.wp.com\/cdnoticias.com\/wp-content\/uploads\/2023\/03\/lofeudo-susana-monte-pelloni-02-scaled.jpg?resize=2048%2C1139&amp;ssl=1 2048w, https:\/\/i0.wp.com\/cdnoticias.com\/wp-content\/uploads\/2023\/03\/lofeudo-susana-monte-pelloni-02-scaled.jpg?resize=800%2C445&amp;ssl=1 800w, https:\/\/i0.wp.com\/cdnoticias.com\/wp-content\/uploads\/2023\/03\/lofeudo-susana-monte-pelloni-02-scaled.jpg?w=1600&amp;ssl=1 1600w, https:\/\/i0.wp.com\/cdnoticias.com\/wp-content\/uploads\/2023\/03\/lofeudo-susana-monte-pelloni-02-scaled.jpg?w=2400&amp;ssl=1 2400w\" sizes=\"auto, (max-width: 800px) 100vw, 800px\" \/><\/p>\n<p>&nbsp;<\/p>\n<p><strong>Susana Lofeudo<\/strong>, pareja del \u201cNegro\u201d Moreno (abogado laboralista asesinado en aquellos a\u00f1os) y madre de Mat\u00edas, el funcionario en derechos humanos, y tras contar su historia, dijo que \u201cmi Negro fue una v\u00edctima m\u00e1s de los 30 mil, y dio su vida por su lucha, dej\u00f3 a su esposa y dos hijos, a uno ni siquiera lo conoci\u00f3 y hoy es abogado laboralista\u201d.<\/p>\n<p>&nbsp;<\/p>\n<p>Habl\u00f3 de una <strong>democracia \u201cdebilitada\u201d por la proscripci\u00f3n de Cristina Fern\u00e1ndez de Kirchner<\/strong> y pidi\u00f3 seguir luchando por los derechos plenos.<\/p>\n<p>&nbsp;<\/p>\n<p><img data-recalc-dims=\"1\" loading=\"lazy\" decoding=\"async\" class=\"aligncenter size-full wp-image-80430\" src=\"https:\/\/i0.wp.com\/cdnoticias.com\/wp-content\/uploads\/2023\/03\/cassataro-rosana-monte-pelloni-01-scaled.jpg?resize=800%2C445&#038;ssl=1\" alt=\"\" width=\"800\" height=\"445\" srcset=\"https:\/\/i0.wp.com\/cdnoticias.com\/wp-content\/uploads\/2023\/03\/cassataro-rosana-monte-pelloni-01-scaled.jpg?w=2560&amp;ssl=1 2560w, https:\/\/i0.wp.com\/cdnoticias.com\/wp-content\/uploads\/2023\/03\/cassataro-rosana-monte-pelloni-01-scaled.jpg?resize=300%2C167&amp;ssl=1 300w, https:\/\/i0.wp.com\/cdnoticias.com\/wp-content\/uploads\/2023\/03\/cassataro-rosana-monte-pelloni-01-scaled.jpg?resize=1024%2C569&amp;ssl=1 1024w, https:\/\/i0.wp.com\/cdnoticias.com\/wp-content\/uploads\/2023\/03\/cassataro-rosana-monte-pelloni-01-scaled.jpg?resize=768%2C427&amp;ssl=1 768w, https:\/\/i0.wp.com\/cdnoticias.com\/wp-content\/uploads\/2023\/03\/cassataro-rosana-monte-pelloni-01-scaled.jpg?resize=1536%2C854&amp;ssl=1 1536w, https:\/\/i0.wp.com\/cdnoticias.com\/wp-content\/uploads\/2023\/03\/cassataro-rosana-monte-pelloni-01-scaled.jpg?resize=2048%2C1139&amp;ssl=1 2048w, https:\/\/i0.wp.com\/cdnoticias.com\/wp-content\/uploads\/2023\/03\/cassataro-rosana-monte-pelloni-01-scaled.jpg?resize=800%2C445&amp;ssl=1 800w, https:\/\/i0.wp.com\/cdnoticias.com\/wp-content\/uploads\/2023\/03\/cassataro-rosana-monte-pelloni-01-scaled.jpg?w=1600&amp;ssl=1 1600w, https:\/\/i0.wp.com\/cdnoticias.com\/wp-content\/uploads\/2023\/03\/cassataro-rosana-monte-pelloni-01-scaled.jpg?w=2400&amp;ssl=1 2400w\" sizes=\"auto, (max-width: 800px) 100vw, 800px\" \/><\/p>\n<p>&nbsp;<\/p>\n<p>Uno de los testimonios m\u00e1s conmovedores fue el de <strong>Rosana Cassataro<\/strong>, hermana y cu\u00f1ada de desaparecidos, que explic\u00f3 lo dif\u00edcil de estas fechas dado que \u201ces muy duro para aquellos que no tenemos cuerpo, no tenemos cementerio ni sabemos bien qu\u00e9 pas\u00f3\u201d. Dijo que fueron desaparecidos \u201csiete de mi familia\u201d y que a pesar del dolor, invit\u00f3 a<strong> aquellas personas que tengan dudas sobre su identidad que se acerquen a realizarse un testeo, dada la intensa b\u00fasqueda de m\u00e1s de 300 hijos, hijas e hijes de desaparecidos \u201cque tenemos la certeza que a\u00fan est\u00e1n vivos\u201d.<\/strong><\/p>\n<p>&nbsp;<\/p>\n<p>Finalmente, y tras varios testimonios m\u00e1s, recordaron a aquellas v\u00edctimas que fallecieron en el \u00faltimo tiempo: <strong>Susana Benigni (esparcir\u00e1n sus cenizas en el Parque de la Memoria esta tarde) y Roberto Pasucci.<\/strong><\/p>\n<p>&nbsp;<\/p>\n<p>Una jornada de reflexi\u00f3n, de mucho por recordar, y de ejercitar la memoria. Con la participaci\u00f3n de todos los espacios pol\u00edticos, un contingente de vecinos que acudi\u00f3 al lugar y tambi\u00e9n de ciclistas que realizaron una actividad con su finalizaci\u00f3n all\u00ed.<strong> Y en una fecha para nada menor: a pocos meses de cumplirse 40 a\u00f1os de democracia.<\/strong><\/p>\n<p>&nbsp;<\/p>\n<p>[soliloquy id=&#8221;80462&#8243;]<\/p>\n","protected":false},"excerpt":{"rendered":"<p>Se aprobaron tres proyectos por unanimidad, hubo debate y posturas. Al final, la Comisi\u00f3n por la Memoria pidi\u00f3 homenajear a<\/p>\n","protected":false},"author":5,"featured_media":80444,"comment_status":"closed","ping_status":"closed","sticky":false,"template":"","format":"standard","meta":{"_jetpack_memberships_contains_paid_content":false,"footnotes":""},"categories":[5,1],"tags":[],"class_list":["post-80463","post","type-post","status-publish","format-standard","has-post-thumbnail","hentry","category-informacion-general","category-portada"],"jetpack_featured_media_url":"https:\/\/i0.wp.com\/cdnoticias.com\/wp-content\/uploads\/2023\/03\/monte-pelloni-sesion-HCD-01-scaled.jpg?fit=2560%2C1424&ssl=1","jetpack_sharing_enabled":true,"_links":{"self":[{"href":"https:\/\/cdnoticias.com\/index.php\/wp-json\/wp\/v2\/posts\/80463","targetHints":{"allow":["GET"]}}],"collection":[{"href":"https:\/\/cdnoticias.com\/index.php\/wp-json\/wp\/v2\/posts"}],"about":[{"href":"https:\/\/cdnoticias.com\/index.php\/wp-json\/wp\/v2\/types\/post"}],"author":[{"embeddable":true,"href":"https:\/\/cdnoticias.com\/index.php\/wp-json\/wp\/v2\/users\/5"}],"replies":[{"embeddable":true,"href":"https:\/\/cdnoticias.com\/index.php\/wp-json\/wp\/v2\/comments?post=80463"}],"version-history":[{"count":0,"href":"https:\/\/cdnoticias.com\/index.php\/wp-json\/wp\/v2\/posts\/80463\/revisions"}],"wp:featuredmedia":[{"embeddable":true,"href":"https:\/\/cdnoticias.com\/index.php\/wp-json\/wp\/v2\/media\/80444"}],"wp:attachment":[{"href":"https:\/\/cdnoticias.com\/index.php\/wp-json\/wp\/v2\/media?parent=80463"}],"wp:term":[{"taxonomy":"category","embeddable":true,"href":"https:\/\/cdnoticias.com\/index.php\/wp-json\/wp\/v2\/categories?post=80463"},{"taxonomy":"post_tag","embeddable":true,"href":"https:\/\/cdnoticias.com\/index.php\/wp-json\/wp\/v2\/tags?post=80463"}],"curies":[{"name":"wp","href":"https:\/\/api.w.org\/{rel}","templated":true}]}}