{"id":80424,"date":"2023-03-24T09:03:09","date_gmt":"2023-03-24T12:03:09","guid":{"rendered":"https:\/\/www.centraldenoticias.com.ar\/?p=80424"},"modified":"2023-03-24T13:06:16","modified_gmt":"2023-03-24T16:06:16","slug":"con-tres-proyectos-en-carpeta-sesiona-el-hcd-en-monte-pelloni","status":"publish","type":"post","link":"https:\/\/cdnoticias.com\/index.php\/2023\/03\/24\/con-tres-proyectos-en-carpeta-sesiona-el-hcd-en-monte-pelloni\/","title":{"rendered":"Con tres proyectos en carpeta, sesiona el HCD en Monte Pelloni"},"content":{"rendered":"<p>Es por el D\u00eda de la Memoria, por la Verdad y la Justicia. Se manifestar\u00e1 benepl\u00e1cito por las obras del gobierno provincial realizadas en el espacio de memoria.<!--more--><\/p>\n<hr \/>\n<p>Este viernes desde las 10:00 horas, <strong>el Concejo Deliberante realizar\u00e1 una sesi\u00f3n especial en el espacio de la Memoria de Monte Pelloni, para conmemorar el D\u00eda de la Memoria, por la Verdad y la Justicia.<\/strong><\/p>\n<p>&nbsp;<\/p>\n<blockquote><p>Ser\u00e1, como ya tradicionalmente se realiza, en este espacio que funcion\u00f3 como un centro clandestino de detenci\u00f3n en la \u00faltima dictadura c\u00edvico militar.<\/p><\/blockquote>\n<p>&nbsp;<\/p>\n<p>Justamente,<strong> la convocatoria est\u00e1 enmarcada en la Ordenanza N\u00b0 4077\/17 que adhiri\u00f3 a la Ley 25.633<\/strong> y establece la obligatoriedad de llevar adelante una sesi\u00f3n en el ex Centro Clandestino de Detenci\u00f3n una sesi\u00f3n especial cada 24 marzo.<\/p>\n<p>&nbsp;<\/p>\n<p>Se pondr\u00e1n en discusi\u00f3n<strong> tres proyectos en carpeta: todas fueron presentadas por el Frente de Todos<\/strong> y pedir\u00e1n solicitar de inter\u00e9s legislativo municipal la pel\u00edcula <strong><em>\u201cAbuelas, una pel\u00edcula sobre (y con) Abuelas de Plaza de Mayo\u201d<\/em><\/strong> ; adem\u00e1s buscar\u00e1n realizar la misma postura con <strong><em>\u201cArgentina, 1985\u201d.<\/em><\/strong><\/p>\n<p>&nbsp;<\/p>\n<p>Finalmente, el Frente de Todos buscar\u00e1<strong> manifestar benepl\u00e1cito por las obras llevadas adelante por el gobierno provincial en el Monte Pelloni, que fueron puestas en valor meses atr\u00e1s<\/strong> en un acto realizado en el ex centro clandestino de detenci\u00f3n.<\/p>\n","protected":false},"excerpt":{"rendered":"<p>Es por el D\u00eda de la Memoria, por la Verdad y la Justicia. Se manifestar\u00e1 benepl\u00e1cito por las obras del<\/p>\n","protected":false},"author":2,"featured_media":17015,"comment_status":"closed","ping_status":"closed","sticky":false,"template":"","format":"standard","meta":{"_jetpack_memberships_contains_paid_content":false,"footnotes":""},"categories":[4],"tags":[],"class_list":["post-80424","post","type-post","status-publish","format-standard","has-post-thumbnail","hentry","category-politica"],"jetpack_featured_media_url":"https:\/\/i0.wp.com\/cdnoticias.com\/wp-content\/uploads\/2021\/03\/HCD-Monte-Peloni-11.jpeg?fit=1152%2C864&ssl=1","jetpack_sharing_enabled":true,"_links":{"self":[{"href":"https:\/\/cdnoticias.com\/index.php\/wp-json\/wp\/v2\/posts\/80424","targetHints":{"allow":["GET"]}}],"collection":[{"href":"https:\/\/cdnoticias.com\/index.php\/wp-json\/wp\/v2\/posts"}],"about":[{"href":"https:\/\/cdnoticias.com\/index.php\/wp-json\/wp\/v2\/types\/post"}],"author":[{"embeddable":true,"href":"https:\/\/cdnoticias.com\/index.php\/wp-json\/wp\/v2\/users\/2"}],"replies":[{"embeddable":true,"href":"https:\/\/cdnoticias.com\/index.php\/wp-json\/wp\/v2\/comments?post=80424"}],"version-history":[{"count":0,"href":"https:\/\/cdnoticias.com\/index.php\/wp-json\/wp\/v2\/posts\/80424\/revisions"}],"wp:featuredmedia":[{"embeddable":true,"href":"https:\/\/cdnoticias.com\/index.php\/wp-json\/wp\/v2\/media\/17015"}],"wp:attachment":[{"href":"https:\/\/cdnoticias.com\/index.php\/wp-json\/wp\/v2\/media?parent=80424"}],"wp:term":[{"taxonomy":"category","embeddable":true,"href":"https:\/\/cdnoticias.com\/index.php\/wp-json\/wp\/v2\/categories?post=80424"},{"taxonomy":"post_tag","embeddable":true,"href":"https:\/\/cdnoticias.com\/index.php\/wp-json\/wp\/v2\/tags?post=80424"}],"curies":[{"name":"wp","href":"https:\/\/api.w.org\/{rel}","templated":true}]}}