{"id":80402,"date":"2023-03-23T19:40:39","date_gmt":"2023-03-23T22:40:39","guid":{"rendered":"https:\/\/www.centraldenoticias.com.ar\/?p=80402"},"modified":"2023-03-23T20:32:14","modified_gmt":"2023-03-23T23:32:14","slug":"recuperan-9-caballos-que-fueron-robados-en-sierra-chica","status":"publish","type":"post","link":"https:\/\/cdnoticias.com\/index.php\/2023\/03\/23\/recuperan-9-caballos-que-fueron-robados-en-sierra-chica\/","title":{"rendered":"Recuperan 9 caballos que fueron robados en Sierra Chica"},"content":{"rendered":"<p>Tras tareas investigativas fueron hallados en distintos sectores de Olavarr\u00eda y la localidad. Interviene la Ayudant\u00eda Fiscal de delitos de abigeato.<!--more--><\/p>\n<hr \/>\n<p>Personal de la subcomisar\u00eda de Sierra Chica recuperaron este jueves <strong>9 caballos que hab\u00edan sido robados en un campo ubicado en inmediaciones de avenida Dante y Torcuato Emiliozzi y las v\u00edas del ferrocarril.<\/strong><\/p>\n<p>&nbsp;<\/p>\n<p>Seg\u00fan indicaron, luego de realizar distintas tareas investigativas se logr\u00f3 establecer que<strong> 4 caballos se encontraban en un descampado de Calle 118 y Moreno, en Olavarr\u00eda.<\/strong> Mientras que <strong>los 5 equinos restantes, estaban en un campo ubicado en la prolongaci\u00f3n de avenida Pellegrini y camino vecinal de Sierra Chica.<\/strong><\/p>\n<p>&nbsp;<\/p>\n<p><img data-recalc-dims=\"1\" loading=\"lazy\" decoding=\"async\" class=\"aligncenter size-full wp-image-80405\" src=\"https:\/\/i0.wp.com\/cdnoticias.com\/wp-content\/uploads\/2023\/03\/caballos-hurto-01.jpg?resize=800%2C445&#038;ssl=1\" alt=\"\" width=\"800\" height=\"445\" srcset=\"https:\/\/i0.wp.com\/cdnoticias.com\/wp-content\/uploads\/2023\/03\/caballos-hurto-01.jpg?w=1555&amp;ssl=1 1555w, https:\/\/i0.wp.com\/cdnoticias.com\/wp-content\/uploads\/2023\/03\/caballos-hurto-01.jpg?resize=300%2C167&amp;ssl=1 300w, https:\/\/i0.wp.com\/cdnoticias.com\/wp-content\/uploads\/2023\/03\/caballos-hurto-01.jpg?resize=1024%2C570&amp;ssl=1 1024w, https:\/\/i0.wp.com\/cdnoticias.com\/wp-content\/uploads\/2023\/03\/caballos-hurto-01.jpg?resize=768%2C427&amp;ssl=1 768w, https:\/\/i0.wp.com\/cdnoticias.com\/wp-content\/uploads\/2023\/03\/caballos-hurto-01.jpg?resize=1536%2C854&amp;ssl=1 1536w, https:\/\/i0.wp.com\/cdnoticias.com\/wp-content\/uploads\/2023\/03\/caballos-hurto-01.jpg?resize=800%2C445&amp;ssl=1 800w\" sizes=\"auto, (max-width: 800px) 100vw, 800px\" \/><\/p>\n<p><img data-recalc-dims=\"1\" loading=\"lazy\" decoding=\"async\" class=\"aligncenter size-full wp-image-80404\" src=\"https:\/\/i0.wp.com\/cdnoticias.com\/wp-content\/uploads\/2023\/03\/caballos-hurto-02.jpg?resize=800%2C445&#038;ssl=1\" alt=\"\" width=\"800\" height=\"445\" srcset=\"https:\/\/i0.wp.com\/cdnoticias.com\/wp-content\/uploads\/2023\/03\/caballos-hurto-02.jpg?w=1600&amp;ssl=1 1600w, https:\/\/i0.wp.com\/cdnoticias.com\/wp-content\/uploads\/2023\/03\/caballos-hurto-02.jpg?resize=300%2C167&amp;ssl=1 300w, https:\/\/i0.wp.com\/cdnoticias.com\/wp-content\/uploads\/2023\/03\/caballos-hurto-02.jpg?resize=1024%2C570&amp;ssl=1 1024w, https:\/\/i0.wp.com\/cdnoticias.com\/wp-content\/uploads\/2023\/03\/caballos-hurto-02.jpg?resize=768%2C427&amp;ssl=1 768w, https:\/\/i0.wp.com\/cdnoticias.com\/wp-content\/uploads\/2023\/03\/caballos-hurto-02.jpg?resize=1536%2C854&amp;ssl=1 1536w, https:\/\/i0.wp.com\/cdnoticias.com\/wp-content\/uploads\/2023\/03\/caballos-hurto-02.jpg?resize=800%2C445&amp;ssl=1 800w\" sizes=\"auto, (max-width: 800px) 100vw, 800px\" \/><\/p>\n<p>&nbsp;<\/p>\n<p>Los efectivos policiales realizaron allanamientos en los lugares mencionados y retir\u00f3 a los caballos.<\/p>\n<p>&nbsp;<\/p>\n<p>Se inici\u00f3 una causa caratulada como \u201churto art\u00edculo 162\u201d con intervenci\u00f3n de la <strong>Ayudant\u00eda Fiscal de delitos de abigeato.<\/strong><\/p>\n","protected":false},"excerpt":{"rendered":"<p>Tras tareas investigativas fueron hallados en distintos sectores de Olavarr\u00eda y la localidad. Interviene la Ayudant\u00eda Fiscal de delitos de<\/p>\n","protected":false},"author":5,"featured_media":80403,"comment_status":"closed","ping_status":"closed","sticky":false,"template":"","format":"standard","meta":{"_jetpack_memberships_contains_paid_content":false,"footnotes":""},"categories":[14,1],"tags":[],"class_list":["post-80402","post","type-post","status-publish","format-standard","has-post-thumbnail","hentry","category-policiales","category-portada"],"jetpack_featured_media_url":"https:\/\/i0.wp.com\/cdnoticias.com\/wp-content\/uploads\/2023\/03\/caballos-hurto-03.jpg?fit=1040%2C579&ssl=1","jetpack_sharing_enabled":true,"_links":{"self":[{"href":"https:\/\/cdnoticias.com\/index.php\/wp-json\/wp\/v2\/posts\/80402","targetHints":{"allow":["GET"]}}],"collection":[{"href":"https:\/\/cdnoticias.com\/index.php\/wp-json\/wp\/v2\/posts"}],"about":[{"href":"https:\/\/cdnoticias.com\/index.php\/wp-json\/wp\/v2\/types\/post"}],"author":[{"embeddable":true,"href":"https:\/\/cdnoticias.com\/index.php\/wp-json\/wp\/v2\/users\/5"}],"replies":[{"embeddable":true,"href":"https:\/\/cdnoticias.com\/index.php\/wp-json\/wp\/v2\/comments?post=80402"}],"version-history":[{"count":0,"href":"https:\/\/cdnoticias.com\/index.php\/wp-json\/wp\/v2\/posts\/80402\/revisions"}],"wp:featuredmedia":[{"embeddable":true,"href":"https:\/\/cdnoticias.com\/index.php\/wp-json\/wp\/v2\/media\/80403"}],"wp:attachment":[{"href":"https:\/\/cdnoticias.com\/index.php\/wp-json\/wp\/v2\/media?parent=80402"}],"wp:term":[{"taxonomy":"category","embeddable":true,"href":"https:\/\/cdnoticias.com\/index.php\/wp-json\/wp\/v2\/categories?post=80402"},{"taxonomy":"post_tag","embeddable":true,"href":"https:\/\/cdnoticias.com\/index.php\/wp-json\/wp\/v2\/tags?post=80402"}],"curies":[{"name":"wp","href":"https:\/\/api.w.org\/{rel}","templated":true}]}}