{"id":80401,"date":"2023-03-25T20:30:19","date_gmt":"2023-03-25T23:30:19","guid":{"rendered":"https:\/\/www.centraldenoticias.com.ar\/?p=80401"},"modified":"2023-03-26T10:00:35","modified_gmt":"2023-03-26T13:00:35","slug":"kress-y-yenko-jovenes-que-rompieron-los-esquemas-para-conseguir-sus-metas","status":"publish","type":"post","link":"https:\/\/cdnoticias.com\/index.php\/2023\/03\/25\/kress-y-yenko-jovenes-que-rompieron-los-esquemas-para-conseguir-sus-metas\/","title":{"rendered":"Kress y Yenko: j\u00f3venes que rompieron los esquemas para conseguir sus metas"},"content":{"rendered":"<p>Son de nuestra ciudad y se dedican al &#8220;freestyle&#8221; como forma de vida. Sus inicios en lo art\u00edstico, los golpes en el camino y la certeza de que siempre se puede si lo deseas. <!--more--><\/p>\n<hr \/>\n<p><em><strong>Danisa Jaime \/\/ @_jdanisa<\/strong><\/em><\/p>\n<p><em><strong>Del staff de Central de Noticias\u00a0<\/strong><\/em><\/p>\n<p>&nbsp;<\/p>\n<p><strong>Kress<\/strong> (Xabier Arag\u00f3n, 22 a\u00f1os) y <strong>Yenko<\/strong> (25) son <strong>olavarrienses y se dedican al <em>&#8220;freestyle<\/em><\/strong>&#8221; como forma de vida. Se conocieron en las competencias en las plazas de la ciudad y formaron una gran amistad.<\/p>\n<p>&nbsp;<\/p>\n<p><em>Central de Noticias<\/em> dialog\u00f3 con los raperos que participaron en diversas competencias nacionales y siguen en busca de nuevos proyectos y metas personales. Kress comienza un a\u00f1o lleno de desaf\u00edos luego de <strong>quedar entre los mejores 14 raperos del pa\u00eds.<\/strong> Yenko, <strong>fan\u00e1tico de las Red Bull<\/strong>, qued\u00f3 inmortalizado en varias batallas, entre ellas, contra &#8220;La Joaqui&#8221;.<\/p>\n<p>&nbsp;<\/p>\n<p><img data-recalc-dims=\"1\" loading=\"lazy\" decoding=\"async\" class=\"alignnone size-full wp-image-80398\" src=\"https:\/\/i0.wp.com\/cdnoticias.com\/wp-content\/uploads\/2023\/03\/yenko-kress-03-scaled.jpg?resize=800%2C445&#038;ssl=1\" alt=\"\" width=\"800\" height=\"445\" srcset=\"https:\/\/i0.wp.com\/cdnoticias.com\/wp-content\/uploads\/2023\/03\/yenko-kress-03-scaled.jpg?w=2560&amp;ssl=1 2560w, https:\/\/i0.wp.com\/cdnoticias.com\/wp-content\/uploads\/2023\/03\/yenko-kress-03-scaled.jpg?resize=300%2C167&amp;ssl=1 300w, https:\/\/i0.wp.com\/cdnoticias.com\/wp-content\/uploads\/2023\/03\/yenko-kress-03-scaled.jpg?resize=1024%2C570&amp;ssl=1 1024w, https:\/\/i0.wp.com\/cdnoticias.com\/wp-content\/uploads\/2023\/03\/yenko-kress-03-scaled.jpg?resize=768%2C427&amp;ssl=1 768w, https:\/\/i0.wp.com\/cdnoticias.com\/wp-content\/uploads\/2023\/03\/yenko-kress-03-scaled.jpg?resize=1536%2C855&amp;ssl=1 1536w, https:\/\/i0.wp.com\/cdnoticias.com\/wp-content\/uploads\/2023\/03\/yenko-kress-03-scaled.jpg?resize=2048%2C1140&amp;ssl=1 2048w, https:\/\/i0.wp.com\/cdnoticias.com\/wp-content\/uploads\/2023\/03\/yenko-kress-03-scaled.jpg?resize=800%2C445&amp;ssl=1 800w, https:\/\/i0.wp.com\/cdnoticias.com\/wp-content\/uploads\/2023\/03\/yenko-kress-03-scaled.jpg?w=1600&amp;ssl=1 1600w, https:\/\/i0.wp.com\/cdnoticias.com\/wp-content\/uploads\/2023\/03\/yenko-kress-03-scaled.jpg?w=2400&amp;ssl=1 2400w\" sizes=\"auto, (max-width: 800px) 100vw, 800px\" \/><\/p>\n<p>&nbsp;<\/p>\n<p><strong>Historias distintas con un mismo objetivo\u00a0<\/strong><\/p>\n<p>&nbsp;<\/p>\n<p>Los inicios de los raperos fueron diversos: <strong>Kress arranc\u00f3 en el freestyle a finales de 2015.<\/strong>\u00a0Luego de que varias personas <em>\u201cde la movida\u201d<\/em> lo incentivaran a rapear en distintos eventos de freestyle, comenz\u00f3 a entrenar hasta que finalmente, luego de a\u00f1os de pr\u00e1ctica, <strong>representar\u00e1 a Olavarr\u00eda en Espa\u00f1a el pr\u00f3ximo mes.<\/strong><\/p>\n<p>&nbsp;<\/p>\n<p>Termin\u00f3 la secundaria en 2018 y eligi\u00f3 estudiar ingenier\u00eda, pero el freestyle siempre sigui\u00f3 presente. <em>\u201cNo me termin\u00f3 de gustar ingenier\u00eda y arranqu\u00e9 filosof\u00eda en 2019. Me estaba yendo re bien, pero tambi\u00e9n en ese momento surgieron muchas propuestas de eventos, as\u00ed que <strong>habl\u00e9 con mi familia y les cont\u00e9 lo que quer\u00eda hacer. Estuvieron de acuerdo siempre,<\/strong> pero me dijeron que si quer\u00eda esto ten\u00eda que dedicarle lo mismo que a un estudio\u201d, cont\u00f3 Kress. <\/em>El puntapi\u00e9\u00a0de su nombre art\u00edstico surgi\u00f3 de un corte de pelo\u00a0que qued\u00f3 en una \u201c<em><strong>cresta punk\u201d<\/strong><\/em>. As\u00ed surgi\u00f3 \u201c<strong>Kress\u201d.<\/strong><\/p>\n<p>&nbsp;<\/p>\n<p><img data-recalc-dims=\"1\" loading=\"lazy\" decoding=\"async\" class=\"alignnone size-full wp-image-80390\" src=\"https:\/\/i0.wp.com\/cdnoticias.com\/wp-content\/uploads\/2023\/03\/kress-01-scaled.jpg?resize=800%2C445&#038;ssl=1\" alt=\"\" width=\"800\" height=\"445\" srcset=\"https:\/\/i0.wp.com\/cdnoticias.com\/wp-content\/uploads\/2023\/03\/kress-01-scaled.jpg?w=2560&amp;ssl=1 2560w, https:\/\/i0.wp.com\/cdnoticias.com\/wp-content\/uploads\/2023\/03\/kress-01-scaled.jpg?resize=300%2C167&amp;ssl=1 300w, https:\/\/i0.wp.com\/cdnoticias.com\/wp-content\/uploads\/2023\/03\/kress-01-scaled.jpg?resize=1024%2C570&amp;ssl=1 1024w, https:\/\/i0.wp.com\/cdnoticias.com\/wp-content\/uploads\/2023\/03\/kress-01-scaled.jpg?resize=768%2C427&amp;ssl=1 768w, https:\/\/i0.wp.com\/cdnoticias.com\/wp-content\/uploads\/2023\/03\/kress-01-scaled.jpg?resize=1536%2C854&amp;ssl=1 1536w, https:\/\/i0.wp.com\/cdnoticias.com\/wp-content\/uploads\/2023\/03\/kress-01-scaled.jpg?resize=2048%2C1139&amp;ssl=1 2048w, https:\/\/i0.wp.com\/cdnoticias.com\/wp-content\/uploads\/2023\/03\/kress-01-scaled.jpg?resize=800%2C445&amp;ssl=1 800w, https:\/\/i0.wp.com\/cdnoticias.com\/wp-content\/uploads\/2023\/03\/kress-01-scaled.jpg?w=1600&amp;ssl=1 1600w, https:\/\/i0.wp.com\/cdnoticias.com\/wp-content\/uploads\/2023\/03\/kress-01-scaled.jpg?w=2400&amp;ssl=1 2400w\" sizes=\"auto, (max-width: 800px) 100vw, 800px\" \/><\/p>\n<p>&nbsp;<\/p>\n<p>Por su parte, <strong>Yenko comenz\u00f3 en 2014<\/strong>\u00a0mientras se dedicaba a las <strong>Artes Marciales Mixtas<\/strong> (MMA) . Escuchaba hip- hop para entrenar, pero \u201c<em>no sab\u00eda lo que era\u201d<\/em>. Una vez vio una batalla y qued\u00f3 muy sorprendido. <em>&#8220;Uno de mis amigos (con los que siempre rivalizaba) pas\u00f3 por mi casa tirando freestyle, entonces salt\u00e9 por la ventana y le dije \u201cvos y yo vamos a batallar ahora. Nunca lo hab\u00eda hecho, pero quer\u00eda demostrarle que era mejor que \u00e9l&#8221;, dijo entre risas.<\/em><\/p>\n<p>&nbsp;<\/p>\n<p>Luego fue a competencias, aunque, &#8220;<strong><em>estaba muy enamorado de las MMA. Era mi hobby. Despu\u00e9s me lesion\u00e9 y no pude pelear m\u00e1s, sent\u00ed que ya nada ten\u00eda sentido. Ten\u00eda que hacer algo que me haga bien. Me anot\u00e9 a otra competencia y me sent\u00ed tan vivo despu\u00e9s de tanto tiempo de sentirme muerto en vida\u201d <\/em><\/strong>resalt\u00f3 Yenko<em>. <\/em>En ese momento, Yenko trabajaba en un kiosco y viv\u00eda en un departamento con un amigo, cuando decidi\u00f3<em> \u201cjug\u00e1rsela\u00a0por el freestyle\u201d.<\/em><\/p>\n<p>&nbsp;<\/p>\n<p><strong><em>\u201cNo me hab\u00eda concentrado en los estudios confiado en que iba a triunfar en el deporte porque era bueno\u201d <\/em><\/strong>se\u00f1al\u00f3. M\u00e1s tarde, cuando quiso dedicarse al freestyle renunci\u00f3 al kiosco, se mud\u00f3 y entrenaba todo el d\u00eda: <em>\u201csi no entrenaba, no com\u00eda. Era como una regla\u201d.<\/em><\/p>\n<p>&nbsp;<\/p>\n<p><img data-recalc-dims=\"1\" loading=\"lazy\" decoding=\"async\" class=\"alignnone size-full wp-image-80394\" src=\"https:\/\/i0.wp.com\/cdnoticias.com\/wp-content\/uploads\/2023\/03\/yenko-02-scaled.jpg?resize=800%2C445&#038;ssl=1\" alt=\"\" width=\"800\" height=\"445\" srcset=\"https:\/\/i0.wp.com\/cdnoticias.com\/wp-content\/uploads\/2023\/03\/yenko-02-scaled.jpg?w=2560&amp;ssl=1 2560w, https:\/\/i0.wp.com\/cdnoticias.com\/wp-content\/uploads\/2023\/03\/yenko-02-scaled.jpg?resize=300%2C167&amp;ssl=1 300w, https:\/\/i0.wp.com\/cdnoticias.com\/wp-content\/uploads\/2023\/03\/yenko-02-scaled.jpg?resize=1024%2C570&amp;ssl=1 1024w, https:\/\/i0.wp.com\/cdnoticias.com\/wp-content\/uploads\/2023\/03\/yenko-02-scaled.jpg?resize=768%2C427&amp;ssl=1 768w, https:\/\/i0.wp.com\/cdnoticias.com\/wp-content\/uploads\/2023\/03\/yenko-02-scaled.jpg?resize=1536%2C854&amp;ssl=1 1536w, https:\/\/i0.wp.com\/cdnoticias.com\/wp-content\/uploads\/2023\/03\/yenko-02-scaled.jpg?resize=2048%2C1139&amp;ssl=1 2048w, https:\/\/i0.wp.com\/cdnoticias.com\/wp-content\/uploads\/2023\/03\/yenko-02-scaled.jpg?resize=800%2C445&amp;ssl=1 800w, https:\/\/i0.wp.com\/cdnoticias.com\/wp-content\/uploads\/2023\/03\/yenko-02-scaled.jpg?w=1600&amp;ssl=1 1600w, https:\/\/i0.wp.com\/cdnoticias.com\/wp-content\/uploads\/2023\/03\/yenko-02-scaled.jpg?w=2400&amp;ssl=1 2400w\" sizes=\"auto, (max-width: 800px) 100vw, 800px\" \/><\/p>\n<p>&nbsp;<\/p>\n<p>Empez\u00f3 a mochilear y competir en todos lados. Cuando ten\u00eda que juntar plata para los eventos vend\u00eda sorrentinos en la calle. Despu\u00e9s trabaj\u00f3 en un Carrefour y tuvo que dejar el freestyle por los viajes.<\/p>\n<p>&nbsp;<\/p>\n<p>\u201c<em><strong>Un d\u00eda estaba acomodando cajones de verdura y pens\u00e9: sos m\u00e1s que un vago m\u00e1s del barrio y sos m\u00e1s que un repositor de verduras. Intentalo. Y lo intent\u00e9 y empez\u00f3 a salir bien\u201d.<\/strong><\/em> Nuevamente, otra renuncia y a perseguir nuevas metas.<\/p>\n<p>&nbsp;<\/p>\n<p>El nombre art\u00edstico &#8220;Yenko&#8221; surge de una historia familiar: \u201c<em><strong>Mi pap\u00e1 era militar y estuvo en la ONU. Cuando fue a Croacia se encari\u00f1\u00f3 con un pibe que se llamaba Yenko. Me pusieron as\u00ed en el Hospital, pero en el registro civil no me lo tomaron. Me considero Yenko. <\/strong><strong>Mi D<\/strong><strong>NI no lo dice as\u00ed pero ya me lo voy a cambiar\u201d, <\/strong><\/em>cont\u00f3 el rapero.<\/p>\n<p>&nbsp;<\/p>\n<p><strong>Una nueva vida que contar\u00a0<\/strong><\/p>\n<p>&nbsp;<\/p>\n<p>Kress expres\u00f3 que &#8220;<em><strong>el freestyle me dio amigos y amigas, amores, viajes a lugares que no me esperaba, me dio m\u00e1s seguridad debido a la exposici\u00f3n p\u00fablica, me dio emoci\u00f3n, tristezas, una forma de expresi\u00f3n, una liberaci\u00f3n, y un prop\u00f3sito. Adem\u00e1s, las ganas de abrir un camino y mostrar que se puede&#8221;.<\/strong><\/em><\/p>\n<p>&nbsp;<\/p>\n<p>En la misma l\u00ednea, Yenko se\u00f1al\u00f3: <em><strong>&#8220;a mi el freestyle me dio todo. Me dio ganas de vivir, amigos, una nueva relaci\u00f3n con mi familia, me recorr\u00ed todo el pa\u00eds, dorm\u00ed en hoteles lindos, com\u00ed en restaurantes caros. Me dio la posibilidad de deconstruirme un mont\u00f3n. Es la primera vez que hablo sobre este tema&#8221;. <\/strong><\/em><\/p>\n<p>&nbsp;<\/p>\n<p>&#8220;Me sirvi\u00f3 para resolver mis problemas y tener otras posibilidades. Aprend\u00ed a manejarme con las redes sociales porque no estaba interesado, <em><strong>me empec\u00e9 a preocupar m\u00e1s por mi imagen, a preocuparme m\u00e1s por mi salud mental y emocional que antes las ignoraba much\u00edsimo.<\/strong><\/em> Ahora estoy aprendiendo a tocar instrumentos, y todo eso viene de la mano del freestyle&#8221; agreg\u00f3 Yenko.<\/p>\n<p>&nbsp;<\/p>\n<p><img data-recalc-dims=\"1\" loading=\"lazy\" decoding=\"async\" class=\"alignnone size-full wp-image-80396\" src=\"https:\/\/i0.wp.com\/cdnoticias.com\/wp-content\/uploads\/2023\/03\/yenko-kress-01-scaled.jpg?resize=800%2C445&#038;ssl=1\" alt=\"\" width=\"800\" height=\"445\" srcset=\"https:\/\/i0.wp.com\/cdnoticias.com\/wp-content\/uploads\/2023\/03\/yenko-kress-01-scaled.jpg?w=2560&amp;ssl=1 2560w, https:\/\/i0.wp.com\/cdnoticias.com\/wp-content\/uploads\/2023\/03\/yenko-kress-01-scaled.jpg?resize=300%2C167&amp;ssl=1 300w, https:\/\/i0.wp.com\/cdnoticias.com\/wp-content\/uploads\/2023\/03\/yenko-kress-01-scaled.jpg?resize=1024%2C570&amp;ssl=1 1024w, https:\/\/i0.wp.com\/cdnoticias.com\/wp-content\/uploads\/2023\/03\/yenko-kress-01-scaled.jpg?resize=768%2C427&amp;ssl=1 768w, https:\/\/i0.wp.com\/cdnoticias.com\/wp-content\/uploads\/2023\/03\/yenko-kress-01-scaled.jpg?resize=1536%2C854&amp;ssl=1 1536w, https:\/\/i0.wp.com\/cdnoticias.com\/wp-content\/uploads\/2023\/03\/yenko-kress-01-scaled.jpg?resize=2048%2C1139&amp;ssl=1 2048w, https:\/\/i0.wp.com\/cdnoticias.com\/wp-content\/uploads\/2023\/03\/yenko-kress-01-scaled.jpg?resize=800%2C445&amp;ssl=1 800w, https:\/\/i0.wp.com\/cdnoticias.com\/wp-content\/uploads\/2023\/03\/yenko-kress-01-scaled.jpg?w=1600&amp;ssl=1 1600w, https:\/\/i0.wp.com\/cdnoticias.com\/wp-content\/uploads\/2023\/03\/yenko-kress-01-scaled.jpg?w=2400&amp;ssl=1 2400w\" sizes=\"auto, (max-width: 800px) 100vw, 800px\" \/><\/p>\n<p>&nbsp;<\/p>\n<p>Juntos crearon el equipo de trabajo \u201c<em><strong>La Cantera<\/strong><\/em>\u201d junto a otros integrantes para \u201c<em><strong>ayudar a los j\u00f3venes que quieran lanzarse en b\u00fasqueda de una expresi\u00f3n art\u00edstica y tambi\u00e9n como un lugar de contenci\u00f3n para conocer a otras personas\u201d<\/strong> <\/em>cont\u00f3 Kress.<\/p>\n<p>&nbsp;<\/p>\n<p>A partir de este grupo tambi\u00e9n surgi\u00f3 el <a href=\"https:\/\/cdnoticias.com\/index.php\/2023\/03\/16\/con-emocion-y-arte-inauguraron-el-centro-juvenil-olavarria\/\" target=\"_blank\" rel=\"noopener\">Centro Juvenil, lanzado semanas atr\u00e1s<\/a>. \u201c<em><strong>Hay un mont\u00f3n de talento que no era apoyado, porque ahora si lo es. Hay que aprovechar y nutrirse de la riqueza de nuestro suelo, que ac\u00e1 est\u00e1n en las plazas y en los barrios\u201d<\/strong><\/em> expres\u00f3 Yenko.<\/p>\n<p>&nbsp;<\/p>\n<p>Adem\u00e1s, Yenko particip\u00f3 de la <strong>Fiesta de Olavarr\u00eda<\/strong> en pandemia y dio una charla de freestyle en el <strong>Festival del Libro.<\/strong> \u201c<em>Siempre fui un rarito en la escuela y ahora pude comunicarme con un mont\u00f3n de esos raritos tambi\u00e9n y decirles que somos un par\u201d expres\u00f3.\u00a0<\/em><\/p>\n<p>&nbsp;<\/p>\n<p><img data-recalc-dims=\"1\" loading=\"lazy\" decoding=\"async\" class=\"alignnone size-full wp-image-80395\" src=\"https:\/\/i0.wp.com\/cdnoticias.com\/wp-content\/uploads\/2023\/03\/yenko-03-scaled.jpg?resize=800%2C445&#038;ssl=1\" alt=\"\" width=\"800\" height=\"445\" srcset=\"https:\/\/i0.wp.com\/cdnoticias.com\/wp-content\/uploads\/2023\/03\/yenko-03-scaled.jpg?w=2560&amp;ssl=1 2560w, https:\/\/i0.wp.com\/cdnoticias.com\/wp-content\/uploads\/2023\/03\/yenko-03-scaled.jpg?resize=300%2C167&amp;ssl=1 300w, https:\/\/i0.wp.com\/cdnoticias.com\/wp-content\/uploads\/2023\/03\/yenko-03-scaled.jpg?resize=1024%2C570&amp;ssl=1 1024w, https:\/\/i0.wp.com\/cdnoticias.com\/wp-content\/uploads\/2023\/03\/yenko-03-scaled.jpg?resize=768%2C427&amp;ssl=1 768w, https:\/\/i0.wp.com\/cdnoticias.com\/wp-content\/uploads\/2023\/03\/yenko-03-scaled.jpg?resize=1536%2C855&amp;ssl=1 1536w, https:\/\/i0.wp.com\/cdnoticias.com\/wp-content\/uploads\/2023\/03\/yenko-03-scaled.jpg?resize=2048%2C1140&amp;ssl=1 2048w, https:\/\/i0.wp.com\/cdnoticias.com\/wp-content\/uploads\/2023\/03\/yenko-03-scaled.jpg?resize=800%2C445&amp;ssl=1 800w, https:\/\/i0.wp.com\/cdnoticias.com\/wp-content\/uploads\/2023\/03\/yenko-03-scaled.jpg?w=1600&amp;ssl=1 1600w, https:\/\/i0.wp.com\/cdnoticias.com\/wp-content\/uploads\/2023\/03\/yenko-03-scaled.jpg?w=2400&amp;ssl=1 2400w\" sizes=\"auto, (max-width: 800px) 100vw, 800px\" \/><\/p>\n<p>&nbsp;<\/p>\n<p>Por \u00faltimo, <strong>Kress viajar\u00e1 y competir\u00e1 el 8 de abril en Espa\u00f1a en representaci\u00f3n de Olavarr\u00eda y Argentina<\/strong>: &#8220;Cuando me enter\u00e9 creo que no ca\u00ed. Le cont\u00e9 a mis viejos, pero me lo tom\u00e9 muy <em>chill<\/em>. A partir de ahora ya me quiero concentrar otra vez y volver a meterme con el ritmo competitivo. Estoy muy contento esperando que llegue el d\u00eda. Sab\u00eda que en alg\u00fan momento iba a rapear en Espa\u00f1a, siempre me gust\u00f3 mucho el estilo de competitividad de all\u00e1. <em><b>Tengo mucha confianza en mi en este momento y estoy super listo&#8221;<\/b> <\/em>cerr\u00f3.<\/p>\n<p>&nbsp;<\/p>\n<p>&nbsp;<\/p>\n","protected":false},"excerpt":{"rendered":"<p>Son de nuestra ciudad y se dedican al &#8220;freestyle&#8221; como forma de vida. Sus inicios en lo art\u00edstico, los golpes<\/p>\n","protected":false},"author":6,"featured_media":80397,"comment_status":"closed","ping_status":"closed","sticky":false,"template":"","format":"standard","meta":{"_jetpack_memberships_contains_paid_content":false,"footnotes":""},"categories":[9,1],"tags":[],"class_list":["post-80401","post","type-post","status-publish","format-standard","has-post-thumbnail","hentry","category-cultura","category-portada"],"jetpack_featured_media_url":"https:\/\/i0.wp.com\/cdnoticias.com\/wp-content\/uploads\/2023\/03\/yenko-kress-02-scaled.jpg?fit=2560%2C1424&ssl=1","jetpack_sharing_enabled":true,"_links":{"self":[{"href":"https:\/\/cdnoticias.com\/index.php\/wp-json\/wp\/v2\/posts\/80401","targetHints":{"allow":["GET"]}}],"collection":[{"href":"https:\/\/cdnoticias.com\/index.php\/wp-json\/wp\/v2\/posts"}],"about":[{"href":"https:\/\/cdnoticias.com\/index.php\/wp-json\/wp\/v2\/types\/post"}],"author":[{"embeddable":true,"href":"https:\/\/cdnoticias.com\/index.php\/wp-json\/wp\/v2\/users\/6"}],"replies":[{"embeddable":true,"href":"https:\/\/cdnoticias.com\/index.php\/wp-json\/wp\/v2\/comments?post=80401"}],"version-history":[{"count":0,"href":"https:\/\/cdnoticias.com\/index.php\/wp-json\/wp\/v2\/posts\/80401\/revisions"}],"wp:featuredmedia":[{"embeddable":true,"href":"https:\/\/cdnoticias.com\/index.php\/wp-json\/wp\/v2\/media\/80397"}],"wp:attachment":[{"href":"https:\/\/cdnoticias.com\/index.php\/wp-json\/wp\/v2\/media?parent=80401"}],"wp:term":[{"taxonomy":"category","embeddable":true,"href":"https:\/\/cdnoticias.com\/index.php\/wp-json\/wp\/v2\/categories?post=80401"},{"taxonomy":"post_tag","embeddable":true,"href":"https:\/\/cdnoticias.com\/index.php\/wp-json\/wp\/v2\/tags?post=80401"}],"curies":[{"name":"wp","href":"https:\/\/api.w.org\/{rel}","templated":true}]}}