{"id":80373,"date":"2023-03-23T12:28:45","date_gmt":"2023-03-23T15:28:45","guid":{"rendered":"https:\/\/www.centraldenoticias.com.ar\/?p=80373"},"modified":"2023-03-23T12:28:45","modified_gmt":"2023-03-23T15:28:45","slug":"la-nueva-jefa-regional-de-educacion-marta-casanella-recorrio-establecimientos-educativos","status":"publish","type":"post","link":"https:\/\/cdnoticias.com\/index.php\/2023\/03\/23\/la-nueva-jefa-regional-de-educacion-marta-casanella-recorrio-establecimientos-educativos\/","title":{"rendered":"La nueva jefa Regional de Educaci\u00f3n, Marta Casanella, recorri\u00f3 establecimientos educativos"},"content":{"rendered":"<p>Este mi\u00e9rcoles, Casanella fue recibida por Marcela L\u00f3pez directora de la Escuela Primaria N\u00b081 (Ex Normal). <!--more--><\/p>\n<hr \/>\n<p>Este mi\u00e9rcoles, <strong>la flamante nueva jefa Regional de Educaci\u00f3n, Marta Casanella, comenz\u00f3 las recorridas por establecimientos educativos del distrito.<\/strong> En esta ocasi\u00f3n, visit\u00f3 la EP N\u00b081 (Ex Normal).<\/p>\n<p>&nbsp;<\/p>\n<p>La visita a la instituci\u00f3n sirvi\u00f3 para<em> \u201ccorroborar el buen funcionamiento del equipo de bomba centrifuga-presurizadora, tanque cisterna y ca\u00f1er\u00edas varias, una obra reciente que garantiza el suministro de agua en una de las instituciones educativas m\u00e1s importantes de Olavarr\u00eda\u201d<\/em> explicaron.<\/p>\n<p>&nbsp;<\/p>\n<blockquote><p>Adem\u00e1s de la Primaria N\u00b0 81, en este edificio funcionan en tres turnos la Escuela Secundaria N\u00b0 10, el Instituto Superior de Formaci\u00f3n T\u00e9cnica N\u00b0 130 y la jefatura regional de la Direcci\u00f3n de Educaci\u00f3n de Gesti\u00f3n Privada (DIEGEP).<\/p><\/blockquote>\n<p>&nbsp;<\/p>\n<p>La recorrida de este mi\u00e9rcoles busc\u00f3 establecer un abordaje directo y territorial de las necesidades de la comunidad educativa. <strong>Casanella estuvo acompa\u00f1ada por el Consejero Escolar Ariel Rodr\u00edguez.<\/strong><\/p>\n","protected":false},"excerpt":{"rendered":"<p>Este mi\u00e9rcoles, Casanella fue recibida por Marcela L\u00f3pez directora de la Escuela Primaria N\u00b081 (Ex Normal).<\/p>\n","protected":false},"author":2,"featured_media":80374,"comment_status":"closed","ping_status":"closed","sticky":false,"template":"","format":"standard","meta":{"_jetpack_memberships_contains_paid_content":false,"footnotes":""},"categories":[4],"tags":[],"class_list":["post-80373","post","type-post","status-publish","format-standard","has-post-thumbnail","hentry","category-politica"],"jetpack_featured_media_url":"https:\/\/i0.wp.com\/cdnoticias.com\/wp-content\/uploads\/2023\/03\/WhatsApp-Image-2023-03-22-at-19.18.12.jpeg?fit=1600%2C1004&ssl=1","jetpack_sharing_enabled":true,"_links":{"self":[{"href":"https:\/\/cdnoticias.com\/index.php\/wp-json\/wp\/v2\/posts\/80373","targetHints":{"allow":["GET"]}}],"collection":[{"href":"https:\/\/cdnoticias.com\/index.php\/wp-json\/wp\/v2\/posts"}],"about":[{"href":"https:\/\/cdnoticias.com\/index.php\/wp-json\/wp\/v2\/types\/post"}],"author":[{"embeddable":true,"href":"https:\/\/cdnoticias.com\/index.php\/wp-json\/wp\/v2\/users\/2"}],"replies":[{"embeddable":true,"href":"https:\/\/cdnoticias.com\/index.php\/wp-json\/wp\/v2\/comments?post=80373"}],"version-history":[{"count":0,"href":"https:\/\/cdnoticias.com\/index.php\/wp-json\/wp\/v2\/posts\/80373\/revisions"}],"wp:featuredmedia":[{"embeddable":true,"href":"https:\/\/cdnoticias.com\/index.php\/wp-json\/wp\/v2\/media\/80374"}],"wp:attachment":[{"href":"https:\/\/cdnoticias.com\/index.php\/wp-json\/wp\/v2\/media?parent=80373"}],"wp:term":[{"taxonomy":"category","embeddable":true,"href":"https:\/\/cdnoticias.com\/index.php\/wp-json\/wp\/v2\/categories?post=80373"},{"taxonomy":"post_tag","embeddable":true,"href":"https:\/\/cdnoticias.com\/index.php\/wp-json\/wp\/v2\/tags?post=80373"}],"curies":[{"name":"wp","href":"https:\/\/api.w.org\/{rel}","templated":true}]}}