{"id":8037,"date":"2020-12-03T08:44:18","date_gmt":"2020-12-03T11:44:18","guid":{"rendered":"http:\/\/www.centraldenoticias.com.ar\/?p=8037"},"modified":"2020-12-03T10:31:42","modified_gmt":"2020-12-03T13:31:42","slug":"realizan-un-allanamiento-por-un-hombre-baleado-en-una-pierna","status":"publish","type":"post","link":"https:\/\/cdnoticias.com\/index.php\/2020\/12\/03\/realizan-un-allanamiento-por-un-hombre-baleado-en-una-pierna\/","title":{"rendered":"Realizan un allanamiento por un hombre baleado en una pierna"},"content":{"rendered":"<p>El operativo se realiz\u00f3 el lunes por la tarde encabezado por personal de la Comisar\u00eda Primera. Se secuestraron \u201celementos de inter\u00e9s\u201d para la causa.<!--more--><\/p>\n<hr \/>\n<p>En la tarde del lunes, personal de Comisar\u00eda Primera en conjunto con Polic\u00eda Local, Comando de Prevenci\u00f3n Rural y Grupo GAD realizaron un<strong> allanamiento en un domicilio tras un hecho de d\u00edas atr\u00e1s, cuando un hombre fue baleado y herido en una pierna.<\/strong><\/p>\n<p>&nbsp;<\/p>\n<blockquote><p>El operativo se realiz\u00f3 en un domicilio ubicado en avenida Col\u00f3n y Ruta 60, y cont\u00f3 con el aval del Juzgado de Garant\u00edas N\u00b0 2 de nuestra ciudad.<\/p><\/blockquote>\n<p>&nbsp;<\/p>\n<p>All\u00ed, <strong>se secuestr\u00f3 un palo de madera, diversas prendas de vestir y elementos considerados de inter\u00e9s para la causa<\/strong>, que ser\u00e1n peritados en las pr\u00f3ximas horas.<\/p>\n<p>&nbsp;<\/p>\n<p>El hecho por el cual se realiz\u00f3 el allanamiento fue <strong>horas antes<\/strong>, durante el mismo lunes, <strong>cuando un hombre le dispar\u00f3 a otra persona en varias ocasiones y le gener\u00f3 lesiones en una pierna.<\/strong><\/p>\n","protected":false},"excerpt":{"rendered":"<p>El operativo se realiz\u00f3 el lunes por la tarde encabezado por personal de la Comisar\u00eda Primera. Se secuestraron \u201celementos de<\/p>\n","protected":false},"author":2,"featured_media":8041,"comment_status":"closed","ping_status":"closed","sticky":false,"template":"","format":"standard","meta":{"_jetpack_memberships_contains_paid_content":false,"footnotes":""},"categories":[14,1],"tags":[],"class_list":["post-8037","post","type-post","status-publish","format-standard","has-post-thumbnail","hentry","category-policiales","category-portada"],"jetpack_featured_media_url":"https:\/\/i0.wp.com\/cdnoticias.com\/wp-content\/uploads\/2020\/12\/WhatsApp-Image-2020-12-03-at-07.44.21.jpeg?fit=643%2C366&ssl=1","jetpack_sharing_enabled":true,"_links":{"self":[{"href":"https:\/\/cdnoticias.com\/index.php\/wp-json\/wp\/v2\/posts\/8037","targetHints":{"allow":["GET"]}}],"collection":[{"href":"https:\/\/cdnoticias.com\/index.php\/wp-json\/wp\/v2\/posts"}],"about":[{"href":"https:\/\/cdnoticias.com\/index.php\/wp-json\/wp\/v2\/types\/post"}],"author":[{"embeddable":true,"href":"https:\/\/cdnoticias.com\/index.php\/wp-json\/wp\/v2\/users\/2"}],"replies":[{"embeddable":true,"href":"https:\/\/cdnoticias.com\/index.php\/wp-json\/wp\/v2\/comments?post=8037"}],"version-history":[{"count":0,"href":"https:\/\/cdnoticias.com\/index.php\/wp-json\/wp\/v2\/posts\/8037\/revisions"}],"wp:featuredmedia":[{"embeddable":true,"href":"https:\/\/cdnoticias.com\/index.php\/wp-json\/wp\/v2\/media\/8041"}],"wp:attachment":[{"href":"https:\/\/cdnoticias.com\/index.php\/wp-json\/wp\/v2\/media?parent=8037"}],"wp:term":[{"taxonomy":"category","embeddable":true,"href":"https:\/\/cdnoticias.com\/index.php\/wp-json\/wp\/v2\/categories?post=8037"},{"taxonomy":"post_tag","embeddable":true,"href":"https:\/\/cdnoticias.com\/index.php\/wp-json\/wp\/v2\/tags?post=8037"}],"curies":[{"name":"wp","href":"https:\/\/api.w.org\/{rel}","templated":true}]}}