{"id":80364,"date":"2023-03-23T12:14:44","date_gmt":"2023-03-23T15:14:44","guid":{"rendered":"https:\/\/www.centraldenoticias.com.ar\/?p=80364"},"modified":"2023-03-23T12:14:44","modified_gmt":"2023-03-23T15:14:44","slug":"se-desarrollo-la-segunda-sesion-ordinaria-del-concejo-deliberante","status":"publish","type":"post","link":"https:\/\/cdnoticias.com\/index.php\/2023\/03\/23\/se-desarrollo-la-segunda-sesion-ordinaria-del-concejo-deliberante\/","title":{"rendered":"Se desarroll\u00f3 la segunda sesi\u00f3n ordinaria del Concejo Deliberante"},"content":{"rendered":"<p>Se aprobaron 14 instrumentos normativos: dos de ellos, vinculados al femicidio de Sof\u00eda Bel\u00e9n Vicente.<!--more--><\/p>\n<hr \/>\n<p>El Concejo Deliberante de Olavarr\u00eda, presidido por Cecilia Krivochen, llev\u00f3 adelante este jueves<strong> la segunda sesi\u00f3n ordinaria del per\u00edodo 2023. Durante la sesi\u00f3n, concejales y concejalas, trataron y aprobaron dos proyectos de Resoluci\u00f3n vinculados al Femicidio de Sof\u00eda Bel\u00e9n Vicente.<\/strong><\/p>\n<p>&nbsp;<\/p>\n<p>En primera instancia, l<strong>a concejala Telma Cazot (FdT) present\u00f3 y argument\u00f3 un proyecto de Comunicaci\u00f3n donde se repudiaron los dichos de la fiscal Paula Serrano respecto a Sof\u00eda Bel\u00e9n Vicente<\/strong>. El proyecto se aprob\u00f3 por unanimidad. A continuaci\u00f3n, <strong>In\u00e9s Creimer (Foro Olavarr\u00eda-FR en el Frente de Todos) se refiri\u00f3 a un proyecto a Resoluci\u00f3n donde se manifest\u00f3 preocupaci\u00f3n por los sucesivos femicidios y hechos de violencia hacia las mujeres del Partido de Olavarr\u00eda.<\/strong> Tambi\u00e9n fue aprobado por unanimidad.<\/p>\n<p>&nbsp;<\/p>\n<p><img data-recalc-dims=\"1\" loading=\"lazy\" decoding=\"async\" class=\"alignnone size-large wp-image-80367\" src=\"https:\/\/i0.wp.com\/cdnoticias.com\/wp-content\/uploads\/2023\/03\/WhatsApp-Image-2023-03-23-at-09.46.23.jpeg?resize=800%2C533&#038;ssl=1\" alt=\"\" width=\"800\" height=\"533\" srcset=\"https:\/\/i0.wp.com\/cdnoticias.com\/wp-content\/uploads\/2023\/03\/WhatsApp-Image-2023-03-23-at-09.46.23.jpeg?resize=1024%2C682&amp;ssl=1 1024w, https:\/\/i0.wp.com\/cdnoticias.com\/wp-content\/uploads\/2023\/03\/WhatsApp-Image-2023-03-23-at-09.46.23.jpeg?resize=300%2C200&amp;ssl=1 300w, https:\/\/i0.wp.com\/cdnoticias.com\/wp-content\/uploads\/2023\/03\/WhatsApp-Image-2023-03-23-at-09.46.23.jpeg?resize=768%2C512&amp;ssl=1 768w, https:\/\/i0.wp.com\/cdnoticias.com\/wp-content\/uploads\/2023\/03\/WhatsApp-Image-2023-03-23-at-09.46.23.jpeg?resize=1536%2C1023&amp;ssl=1 1536w, https:\/\/i0.wp.com\/cdnoticias.com\/wp-content\/uploads\/2023\/03\/WhatsApp-Image-2023-03-23-at-09.46.23.jpeg?resize=272%2C182&amp;ssl=1 272w, https:\/\/i0.wp.com\/cdnoticias.com\/wp-content\/uploads\/2023\/03\/WhatsApp-Image-2023-03-23-at-09.46.23.jpeg?w=1600&amp;ssl=1 1600w\" sizes=\"auto, (max-width: 800px) 100vw, 800px\" \/><\/p>\n<p>&nbsp;<\/p>\n<p>Por otro lado, el concejal <strong>Carlos Coscia (Juntos) se refiri\u00f3 a la muestra fotogr\u00e1fica \u201cSoy, somos y seremos mujeres rurales\u201d, perteneciente a Mujeres Rurales en Red.<\/strong> La misma ser\u00e1 expuesta en el Museo Municipal de Sierra Chica. La muestra fue declarada de Inter\u00e9s Legislativo Municipal. El proyecto fue aprobado por unanimidad.<\/p>\n<p>&nbsp;<\/p>\n<p><img data-recalc-dims=\"1\" loading=\"lazy\" decoding=\"async\" class=\"alignnone size-large wp-image-80365\" src=\"https:\/\/i0.wp.com\/cdnoticias.com\/wp-content\/uploads\/2023\/03\/WhatsApp-Image-2023-03-23-at-09.46.24.jpeg?resize=800%2C533&#038;ssl=1\" alt=\"\" width=\"800\" height=\"533\" srcset=\"https:\/\/i0.wp.com\/cdnoticias.com\/wp-content\/uploads\/2023\/03\/WhatsApp-Image-2023-03-23-at-09.46.24.jpeg?resize=1024%2C682&amp;ssl=1 1024w, https:\/\/i0.wp.com\/cdnoticias.com\/wp-content\/uploads\/2023\/03\/WhatsApp-Image-2023-03-23-at-09.46.24.jpeg?resize=300%2C200&amp;ssl=1 300w, https:\/\/i0.wp.com\/cdnoticias.com\/wp-content\/uploads\/2023\/03\/WhatsApp-Image-2023-03-23-at-09.46.24.jpeg?resize=768%2C512&amp;ssl=1 768w, https:\/\/i0.wp.com\/cdnoticias.com\/wp-content\/uploads\/2023\/03\/WhatsApp-Image-2023-03-23-at-09.46.24.jpeg?resize=1536%2C1023&amp;ssl=1 1536w, https:\/\/i0.wp.com\/cdnoticias.com\/wp-content\/uploads\/2023\/03\/WhatsApp-Image-2023-03-23-at-09.46.24.jpeg?resize=272%2C182&amp;ssl=1 272w, https:\/\/i0.wp.com\/cdnoticias.com\/wp-content\/uploads\/2023\/03\/WhatsApp-Image-2023-03-23-at-09.46.24.jpeg?w=1600&amp;ssl=1 1600w\" sizes=\"auto, (max-width: 800px) 100vw, 800px\" \/><\/p>\n<p>&nbsp;<\/p>\n<p>M\u00e1s adelante, el Concejo Deliberante, mediante la Comunicaci\u00f3n 006\/23, manifest\u00f3 su benepl\u00e1cito por<strong> la inauguraci\u00f3n del Jard\u00edn de Infantes (JIRIMM) N\u00b0 15, ubicado en el Paraje Mi\u00f1ana.<\/strong><\/p>\n<p>&nbsp;<\/p>\n<p><img data-recalc-dims=\"1\" loading=\"lazy\" decoding=\"async\" class=\"alignnone size-large wp-image-80370\" src=\"https:\/\/i0.wp.com\/cdnoticias.com\/wp-content\/uploads\/2023\/03\/WhatsApp-Image-2023-03-23-at-09.26.01-1.jpeg?resize=800%2C533&#038;ssl=1\" alt=\"\" width=\"800\" height=\"533\" srcset=\"https:\/\/i0.wp.com\/cdnoticias.com\/wp-content\/uploads\/2023\/03\/WhatsApp-Image-2023-03-23-at-09.26.01-1.jpeg?resize=1024%2C682&amp;ssl=1 1024w, https:\/\/i0.wp.com\/cdnoticias.com\/wp-content\/uploads\/2023\/03\/WhatsApp-Image-2023-03-23-at-09.26.01-1.jpeg?resize=300%2C200&amp;ssl=1 300w, https:\/\/i0.wp.com\/cdnoticias.com\/wp-content\/uploads\/2023\/03\/WhatsApp-Image-2023-03-23-at-09.26.01-1.jpeg?resize=768%2C512&amp;ssl=1 768w, https:\/\/i0.wp.com\/cdnoticias.com\/wp-content\/uploads\/2023\/03\/WhatsApp-Image-2023-03-23-at-09.26.01-1.jpeg?resize=1536%2C1023&amp;ssl=1 1536w, https:\/\/i0.wp.com\/cdnoticias.com\/wp-content\/uploads\/2023\/03\/WhatsApp-Image-2023-03-23-at-09.26.01-1.jpeg?resize=272%2C182&amp;ssl=1 272w, https:\/\/i0.wp.com\/cdnoticias.com\/wp-content\/uploads\/2023\/03\/WhatsApp-Image-2023-03-23-at-09.26.01-1.jpeg?w=1600&amp;ssl=1 1600w\" sizes=\"auto, (max-width: 800px) 100vw, 800px\" \/><\/p>\n<p>&nbsp;<\/p>\n<p><img data-recalc-dims=\"1\" loading=\"lazy\" decoding=\"async\" class=\"alignnone size-large wp-image-80368\" src=\"https:\/\/i0.wp.com\/cdnoticias.com\/wp-content\/uploads\/2023\/03\/WhatsApp-Image-2023-03-23-at-09.26.02-1.jpeg?resize=800%2C533&#038;ssl=1\" alt=\"\" width=\"800\" height=\"533\" srcset=\"https:\/\/i0.wp.com\/cdnoticias.com\/wp-content\/uploads\/2023\/03\/WhatsApp-Image-2023-03-23-at-09.26.02-1.jpeg?resize=1024%2C682&amp;ssl=1 1024w, https:\/\/i0.wp.com\/cdnoticias.com\/wp-content\/uploads\/2023\/03\/WhatsApp-Image-2023-03-23-at-09.26.02-1.jpeg?resize=300%2C200&amp;ssl=1 300w, https:\/\/i0.wp.com\/cdnoticias.com\/wp-content\/uploads\/2023\/03\/WhatsApp-Image-2023-03-23-at-09.26.02-1.jpeg?resize=768%2C512&amp;ssl=1 768w, https:\/\/i0.wp.com\/cdnoticias.com\/wp-content\/uploads\/2023\/03\/WhatsApp-Image-2023-03-23-at-09.26.02-1.jpeg?resize=1536%2C1023&amp;ssl=1 1536w, https:\/\/i0.wp.com\/cdnoticias.com\/wp-content\/uploads\/2023\/03\/WhatsApp-Image-2023-03-23-at-09.26.02-1.jpeg?resize=272%2C182&amp;ssl=1 272w, https:\/\/i0.wp.com\/cdnoticias.com\/wp-content\/uploads\/2023\/03\/WhatsApp-Image-2023-03-23-at-09.26.02-1.jpeg?w=1600&amp;ssl=1 1600w\" sizes=\"auto, (max-width: 800px) 100vw, 800px\" \/><\/p>\n<p>&nbsp;<\/p>\n<p>El cuerpo tambi\u00e9n aprob\u00f3 la Comunicaci\u00f3n 007\/23 donde<strong> se manifest\u00f3 preocupaci\u00f3n por el descarrilamiento de la formaci\u00f3n N\u00b0 333 que se registr\u00f3 el martes \u00faltimo en Olavarr\u00eda.<\/strong><\/p>\n<p>&nbsp;<\/p>\n<p><img data-recalc-dims=\"1\" loading=\"lazy\" decoding=\"async\" class=\"alignnone size-large wp-image-80366\" src=\"https:\/\/i0.wp.com\/cdnoticias.com\/wp-content\/uploads\/2023\/03\/WhatsApp-Image-2023-03-23-at-09.46.23-1.jpeg?resize=800%2C533&#038;ssl=1\" alt=\"\" width=\"800\" height=\"533\" srcset=\"https:\/\/i0.wp.com\/cdnoticias.com\/wp-content\/uploads\/2023\/03\/WhatsApp-Image-2023-03-23-at-09.46.23-1.jpeg?resize=1024%2C682&amp;ssl=1 1024w, https:\/\/i0.wp.com\/cdnoticias.com\/wp-content\/uploads\/2023\/03\/WhatsApp-Image-2023-03-23-at-09.46.23-1.jpeg?resize=300%2C200&amp;ssl=1 300w, https:\/\/i0.wp.com\/cdnoticias.com\/wp-content\/uploads\/2023\/03\/WhatsApp-Image-2023-03-23-at-09.46.23-1.jpeg?resize=768%2C512&amp;ssl=1 768w, https:\/\/i0.wp.com\/cdnoticias.com\/wp-content\/uploads\/2023\/03\/WhatsApp-Image-2023-03-23-at-09.46.23-1.jpeg?resize=1536%2C1023&amp;ssl=1 1536w, https:\/\/i0.wp.com\/cdnoticias.com\/wp-content\/uploads\/2023\/03\/WhatsApp-Image-2023-03-23-at-09.46.23-1.jpeg?resize=272%2C182&amp;ssl=1 272w, https:\/\/i0.wp.com\/cdnoticias.com\/wp-content\/uploads\/2023\/03\/WhatsApp-Image-2023-03-23-at-09.46.23-1.jpeg?w=1600&amp;ssl=1 1600w\" sizes=\"auto, (max-width: 800px) 100vw, 800px\" \/><\/p>\n<p>&nbsp;<\/p>\n<p>Por \u00faltimo, la Presidencia del HCD informa que fueron sancionados los siguientes instrumentos normativos: <strong>diez Ordenanzas; dos Resoluciones y dos Comunicaciones.<\/strong><\/p>\n","protected":false},"excerpt":{"rendered":"<p>Se aprobaron 14 instrumentos normativos: dos de ellos, vinculados al femicidio de Sof\u00eda Bel\u00e9n Vicente.<\/p>\n","protected":false},"author":2,"featured_media":80371,"comment_status":"closed","ping_status":"closed","sticky":false,"template":"","format":"standard","meta":{"_jetpack_memberships_contains_paid_content":false,"footnotes":""},"categories":[4,1],"tags":[],"class_list":["post-80364","post","type-post","status-publish","format-standard","has-post-thumbnail","hentry","category-politica","category-portada"],"jetpack_featured_media_url":"https:\/\/i0.wp.com\/cdnoticias.com\/wp-content\/uploads\/2023\/03\/WhatsApp-Image-2023-03-23-at-09.18.17.jpeg?fit=1600%2C1066&ssl=1","jetpack_sharing_enabled":true,"_links":{"self":[{"href":"https:\/\/cdnoticias.com\/index.php\/wp-json\/wp\/v2\/posts\/80364","targetHints":{"allow":["GET"]}}],"collection":[{"href":"https:\/\/cdnoticias.com\/index.php\/wp-json\/wp\/v2\/posts"}],"about":[{"href":"https:\/\/cdnoticias.com\/index.php\/wp-json\/wp\/v2\/types\/post"}],"author":[{"embeddable":true,"href":"https:\/\/cdnoticias.com\/index.php\/wp-json\/wp\/v2\/users\/2"}],"replies":[{"embeddable":true,"href":"https:\/\/cdnoticias.com\/index.php\/wp-json\/wp\/v2\/comments?post=80364"}],"version-history":[{"count":0,"href":"https:\/\/cdnoticias.com\/index.php\/wp-json\/wp\/v2\/posts\/80364\/revisions"}],"wp:featuredmedia":[{"embeddable":true,"href":"https:\/\/cdnoticias.com\/index.php\/wp-json\/wp\/v2\/media\/80371"}],"wp:attachment":[{"href":"https:\/\/cdnoticias.com\/index.php\/wp-json\/wp\/v2\/media?parent=80364"}],"wp:term":[{"taxonomy":"category","embeddable":true,"href":"https:\/\/cdnoticias.com\/index.php\/wp-json\/wp\/v2\/categories?post=80364"},{"taxonomy":"post_tag","embeddable":true,"href":"https:\/\/cdnoticias.com\/index.php\/wp-json\/wp\/v2\/tags?post=80364"}],"curies":[{"name":"wp","href":"https:\/\/api.w.org\/{rel}","templated":true}]}}