{"id":80354,"date":"2023-03-23T10:20:33","date_gmt":"2023-03-23T13:20:33","guid":{"rendered":"https:\/\/www.centraldenoticias.com.ar\/?p=80354"},"modified":"2023-03-23T16:56:28","modified_gmt":"2023-03-23T19:56:28","slug":"irregularidades-en-desarrollo-social-el-frente-de-todos-pedira-una-sesion-especial-para-la-semana-proxima","status":"publish","type":"post","link":"https:\/\/cdnoticias.com\/index.php\/2023\/03\/23\/irregularidades-en-desarrollo-social-el-frente-de-todos-pedira-una-sesion-especial-para-la-semana-proxima\/","title":{"rendered":"Irregularidades en Desarrollo Social: El Frente de Todos pedir\u00e1 una sesi\u00f3n especial para la semana pr\u00f3xima"},"content":{"rendered":"<p>Lo confirm\u00f3 Mercedes Land\u00edvar al finalizar la sesi\u00f3n ordinaria del HCD. Presentar\u00e1n tres proyectos y pidi\u00f3 que se realice la denuncia penal: \u201csi no la realiza el Ejecutivo la realizaremos nosotros\u201d. <!--more--><\/p>\n<hr \/>\n<p>Tras la<a href=\"https:\/\/cdnoticias.com\/index.php\/2023\/03\/22\/denuncian-irregularidades-en-el-uso-de-tarjetas-cabal-y-vales-por-mercaderia-en-desarrollo-social\/\" target=\"_blank\" rel=\"noopener\"> denuncia de irregularidades en vales por mercader\u00eda y Tarjeta Cabal del \u00e1rea de Desarrollo Social del Municipio<\/a>, <strong>el interbloque del Frente de Todos confirm\u00f3 que pedir\u00e1 una sesi\u00f3n especial para la semana pr\u00f3xima donde presentar\u00e1n tres proyectos vinculados al tema: exigieron la realizaci\u00f3n de una denuncia penal, una auditor\u00eda externa y que el secretario Diego Robbiani asista al Concejo Deliberante.<\/strong><\/p>\n<p>&nbsp;<\/p>\n<p>Finalizado el orden del d\u00eda de la segunda sesi\u00f3n ordinaria del a\u00f1o, <strong>la edil confirm\u00f3 que este mismo jueves presentar\u00e1n por Mesa de Entradas un pedido de sesi\u00f3n especial para la semana pr\u00f3xima.<\/strong><\/p>\n<p>&nbsp;<\/p>\n<p><em>\u201cCono concejales y concejalas m\u00e1s all\u00e1 de que no est\u00e9 en el orden del d\u00eda queremos expresarnos y decir algo, es de much\u00edsima gravedad\u201d<\/em> dijo Land\u00edvar y agreg\u00f3: <em>\u201cLas noticias de las que podemos basarnos <strong>nos hablan de mal manejo, movimientos extra\u00f1os, gesti\u00f3n desgastada.<\/strong> Esperemos que estas no sean las gacetillas oficiales. Si fuera una gacetilla oficial hablamos de otra gravedad\u201d<\/em> acus\u00f3 por las versiones vertidas en las \u00faltimas horas.<\/p>\n<p>&nbsp;<\/p>\n<blockquote class=\"wp-embedded-content\" data-secret=\"u4veaQ66qo\"><p><a href=\"https:\/\/cdnoticias.com\/index.php\/2023\/03\/23\/irregularidades-en-desarrollo-social-pidieron-la-renuncia-a-silvana-rosales\/\">Irregularidades en Desarrollo Social: pidieron la renuncia a Silvana Rosales<\/a><\/p><\/blockquote>\n<p><iframe loading=\"lazy\" class=\"wp-embedded-content\" sandbox=\"allow-scripts\" security=\"restricted\" style=\"position: absolute; clip: rect(1px, 1px, 1px, 1px);\" title=\"&#8220;Irregularidades en Desarrollo Social: pidieron la renuncia a Silvana Rosales&#8221; &#8212; Central de Noticias | Olavarr\u00eda\" src=\"https:\/\/cdnoticias.com\/index.php\/2023\/03\/23\/irregularidades-en-desarrollo-social-pidieron-la-renuncia-a-silvana-rosales\/embed\/#?secret=kFFlhRiAO5#?secret=u4veaQ66qo\" data-secret=\"u4veaQ66qo\" width=\"600\" height=\"338\" frameborder=\"0\" marginwidth=\"0\" marginheight=\"0\" scrolling=\"no\"><\/iframe><\/p>\n<p>&nbsp;<\/p>\n<p>Presentar\u00e1n<strong> tres propuestas<\/strong> para la sesi\u00f3n especial: <strong>el primero es un pedido \u201curgente\u201d de realizar la denuncia penal,<\/strong> a lo que Land\u00edvar agreg\u00f3 que \u201cesperemos que para la sesi\u00f3n tengamos que retirarlo porque realizaron la presentaci\u00f3n judicial\u201d y confirm\u00f3 que actualmente se encuentra de turno la UFI N\u00b010, a cargo del doctor Pi\u00f1eiro.<em> &#8220;Si no la hacen desde el Municipio nos veremos obligados a realizarla nosotros&#8221; <\/em>agreg\u00f3.<\/p>\n<p>&nbsp;<\/p>\n<p><strong>La segunda propuesta es que, por medio de un pedido al intendente Galli, <em>\u201cel funcionario Diego Robbiani asista a una sesi\u00f3n a explicar qu\u00e9 es lo que sucede en su \u00e1rea<\/em><\/strong><em>, la Secretar\u00eda de Desarrollo Humano y Calidad de Vida\u201d<\/em> y <strong>el tercer proyecto es que el Intendente le solicite una auditor\u00eda externa al Tribunal de Cuentas de la Provincia<\/strong>, \u201cno la auditor\u00eda interna que la hacen los propios empleados\u201d.<\/p>\n<p>&nbsp;<\/p>\n<p><em>\u201cNo nos hagamos los distra\u00eddos, es una funcionaria que est\u00e1 desde 2016. Es grav\u00edsimo, es la utilizaci\u00f3n de una tarjeta del sector m\u00e1s vulnerable de la sociedad\u201d<\/em> denunci\u00f3 Land\u00edvar y agreg\u00f3 que la situaci\u00f3n deber\u00eda \u201cexpresarnos y mostrar preocupaci\u00f3n\u201d.<\/p>\n<p>&nbsp;<\/p>\n<blockquote><p>\u201cNo salgan a decir que es una utilizaci\u00f3n pol\u00edtica de esto, los propios empleados se anoticiaron ayer de lo que est\u00e1 sucediendo, se los dijo el propio Diego Robbiani. No estamos mintiendo. Hay una gran preocupaci\u00f3n. No es de ahora, ac\u00e1 hay otras responsabilidades tambi\u00e9n\u201d.<\/p><\/blockquote>\n<p>&nbsp;<\/p>\n<p>Finalmente,<strong> confi\u00f3 en \u201cla buena voluntad\u201d del secretario de Desarrollo Humano<\/strong> y le pidi\u00f3 que \u201casista para dar las explicaciones pertinentes\u201d.<\/p>\n","protected":false},"excerpt":{"rendered":"<p>Lo confirm\u00f3 Mercedes Land\u00edvar al finalizar la sesi\u00f3n ordinaria del HCD. Presentar\u00e1n tres proyectos y pidi\u00f3 que se realice la<\/p>\n","protected":false},"author":2,"featured_media":80355,"comment_status":"closed","ping_status":"closed","sticky":false,"template":"","format":"standard","meta":{"_jetpack_memberships_contains_paid_content":false,"footnotes":""},"categories":[4,1],"tags":[],"class_list":["post-80354","post","type-post","status-publish","format-standard","has-post-thumbnail","hentry","category-politica","category-portada"],"jetpack_featured_media_url":"https:\/\/i0.wp.com\/cdnoticias.com\/wp-content\/uploads\/2023\/03\/WhatsApp-Image-2023-03-23-at-09.26.01.jpeg?fit=1600%2C1066&ssl=1","jetpack_sharing_enabled":true,"_links":{"self":[{"href":"https:\/\/cdnoticias.com\/index.php\/wp-json\/wp\/v2\/posts\/80354","targetHints":{"allow":["GET"]}}],"collection":[{"href":"https:\/\/cdnoticias.com\/index.php\/wp-json\/wp\/v2\/posts"}],"about":[{"href":"https:\/\/cdnoticias.com\/index.php\/wp-json\/wp\/v2\/types\/post"}],"author":[{"embeddable":true,"href":"https:\/\/cdnoticias.com\/index.php\/wp-json\/wp\/v2\/users\/2"}],"replies":[{"embeddable":true,"href":"https:\/\/cdnoticias.com\/index.php\/wp-json\/wp\/v2\/comments?post=80354"}],"version-history":[{"count":0,"href":"https:\/\/cdnoticias.com\/index.php\/wp-json\/wp\/v2\/posts\/80354\/revisions"}],"wp:featuredmedia":[{"embeddable":true,"href":"https:\/\/cdnoticias.com\/index.php\/wp-json\/wp\/v2\/media\/80355"}],"wp:attachment":[{"href":"https:\/\/cdnoticias.com\/index.php\/wp-json\/wp\/v2\/media?parent=80354"}],"wp:term":[{"taxonomy":"category","embeddable":true,"href":"https:\/\/cdnoticias.com\/index.php\/wp-json\/wp\/v2\/categories?post=80354"},{"taxonomy":"post_tag","embeddable":true,"href":"https:\/\/cdnoticias.com\/index.php\/wp-json\/wp\/v2\/tags?post=80354"}],"curies":[{"name":"wp","href":"https:\/\/api.w.org\/{rel}","templated":true}]}}